{"id":6488,"date":"2018-10-09T11:30:17","date_gmt":"2018-10-09T08:30:17","guid":{"rendered":"https:\/\/iletim.istanbul.edu.tr\/?p=6488"},"modified":"2018-10-09T16:18:22","modified_gmt":"2018-10-09T13:18:22","slug":"turk-dunyasi-3-belgesel-film-festivali-odulleri-sahiplerini-buldu","status":"publish","type":"post","link":"https:\/\/iletim.istanbul.edu.tr\/index.php\/2018\/10\/09\/turk-dunyasi-3-belgesel-film-festivali-odulleri-sahiplerini-buldu\/","title":{"rendered":"T\u00fcrk D\u00fcnyas\u0131 3. Belgesel Film Festivali \u00d6d\u00fclleri Sahiplerini Buldu"},"content":{"rendered":"<p><strong>Foto\u011fraf: Muaz Behiri, S\u00fcmeyye Mete<\/strong><\/p>\n<p>T\u00fcrk D\u00fcnyas\u0131 3. Belgesel Film Festivali \u00f6d\u00fclleri, 6 Ekim\u2019de \u0130\u00dc Fen Fak\u00fcltesi Ord. Prof. Dr. Cemil Bilsel Konferans Salonu\u2019nda d\u00fczenlenen t\u00f6renle sahiplerini buldu. 8 \u00fclke ve 28 T\u00fcrk b\u00f6lgesinden eserlerin yar\u0131\u015ft\u0131\u011f\u0131 festivalde T\u00fcrkiye ve \u00d6zbekistan birincilik \u00f6d\u00fcllerini kazand\u0131.<\/p>\n<p>T\u00fcrk D\u00fcnyas\u0131 3. Belgesel Film Festivali, T\u00fcrk D\u00fcnyas\u0131 Gazeteciler Federasyonu (TDGF) taraf\u0131ndan TC K\u00fclt\u00fcr Bakanl\u0131\u011f\u0131 Sinema Genel M\u00fcd\u00fcrl\u00fc\u011f\u00fc, \u0130stanbul B\u00fcy\u00fck\u015fehir Belediyesi K\u00fclt\u00fcr A\u015e ve \u0130stanbul \u00dcniversitesi proje ortakl\u0131\u011f\u0131 ve 11 \u00fcniversitenin destekleri ile d\u00fczenlendi.<\/p>\n<p>Y\u00fcr\u00fctme Kurulu\u2019nda \u0130\u00dc Rekt\u00f6r\u00fc Prof. Dr. Mahmut Ak, \u0130\u00dc Rekt\u00f6r Yard\u0131mc\u0131s\u0131 Prof. Dr. Halis Yunus Ers\u00f6z ve \u0130\u00dc \u0130leti\u015fim Fak\u00fcltesi Dekan\u0131 Prof. Dr. Erg\u00fcn Yolcu\u2019nun yer ald\u0131\u011f\u0131 festivale T\u00fcrk Cumhuriyetleri ve akraba topluluklar\u0131ndan 140 belgesel kat\u0131ld\u0131. \u201cT\u00fcrk K\u00fclt\u00fcr\u00fc ve T\u00fcrk\u2019\u00fcn D\u00fcnyaya Bak\u0131\u015f A\u00e7\u0131s\u0131\u201d konulu belgeselleri de\u011ferlendiren j\u00fcri finale profesyonel ve \u00f6\u011frenci kategorisinde 12\u2019\u015fer filmi se\u00e7ti. Dereceye giren filmler, \u00f6d\u00fcllerini d\u00fczenlenen t\u00f6rende ald\u0131lar. T\u00f6rende \u0130\u00dc \u0130leti\u015fim Fak\u00fcltesi \u00f6\u011frencileri de g\u00f6rev ald\u0131.<\/p>\n<p>Finale kalan filmlerin g\u00f6sterimleri \u0130\u00dc \u0130leti\u015fim Fak\u00fcltesi Konferans Salonu ve Cep Sinemas\u0131\u2019nda yap\u0131l\u0131. \u0130leti\u015fim Fak\u00fcltesi\u2019nde ayr\u0131ca T\u00fcrk Sinemas\u0131\u2019nda Kuzey K\u0131br\u0131s konulu afi\u015f sergisi ve iki panel d\u00fczenlendi.<\/p>\n<p><strong>\u201c\u0130stanbul \u00dcniversitesi\u2019ne Sonsuz Te\u015fekk\u00fcrler\u201d<\/strong><\/p>\n<p>Sayg\u0131 duru\u015fu ve \u0130stiklal Mar\u015f\u0131\u2019n\u0131n okunmas\u0131ndan ard\u0131ndan t\u00f6renin a\u00e7\u0131l\u0131\u015f konu\u015fmas\u0131 yapan TDGF Ba\u015fkan\u0131 Menderes Demir, \u201cT\u00fcrk d\u00fcnyas\u0131 geni\u015f bir co\u011frafyaya, engin bir k\u00fclt\u00fcre sahip olan bir ailedir. Bu ailenin \u00f6z ve k\u00f6k de\u011ferlerini belgesel marifetiyle ve belgeselci g\u00f6z\u00fcyle \u00f6ncelikle kendi akrabalar\u0131m\u0131za, sonra da d\u00fcnyaya aktarmak maksad\u0131yla T\u00fcrk k\u00fclt\u00fcr\u00fc ve T\u00fcrk\u2019\u00fcn d\u00fcnyaya bak\u0131\u015f a\u00e7\u0131s\u0131 konulu belgesel film festivalini d\u00fczenliyoruz\u2019\u2019 dedi. Demir, konu\u015fmas\u0131nda desteklerinden dolay\u0131 \u0130\u00dc Rekt\u00f6r\u00fc Prof. Dr. Mahmut Ak ve \u0130\u00dc \u0130leti\u015fim Fak\u00fcltesi Dekan\u0131 Prof. Dr. Erg\u00fcn Yolcu\u2019ya, proje orta\u011f\u0131 ve ev sahibi \u0130stanbul \u00dcniversitesi\u2019ne te\u015fekk\u00fcr etti.<\/p>\n<p><strong>Profesyonel Kategorisinin \u00dc\u00e7\u00fcnc\u00fcl\u00fck \u00d6d\u00fcl\u00fc \u0130\u00dc \u0130leti\u015fim Fak\u00fcltesi\u2019nden<\/strong><\/p>\n<p>Profesyonel kategoride birincilik \u00f6d\u00fcl\u00fcn\u00fc \u00d6zbekistan\u2019dan yar\u0131\u015fmaya kat\u0131lan y\u00f6netmen Ali Hamrayev yapt\u0131\u011f\u0131 \u201cSeni Unutmad\u0131m\u201d filmi ald\u0131. Profesyonel kategoride ikincilik \u00f6d\u00fcl\u00fcn\u00fc Irak\u2019tan Didem \u015eahin\u2019in y\u00f6netti\u011fi \u201cMen T\u00fcrkmenem Men Begem\u201d filmi al\u0131rken, \u00fc\u00e7\u00fcnc\u00fcl\u00fck \u00f6d\u00fcl\u00fcn\u00fc ise T\u00fcrkiye\u2019den \u0130\u00dc \u0130leti\u015fim Fak\u00fcltesi mezunu y\u00f6netmen Kaan Atilla Ta\u015fk\u0131n \u201cKaradeniz\u2019in Yaln\u0131z Nineleri\u201d filmi ile kazand\u0131.<\/p>\n<p>\u00d6\u011frenci kategorisinde birincili\u011fi kazanan y\u00f6netmenli\u011fini Batuhan Kurt\u2019un yapt\u0131\u011f\u0131 \u201cKurba\u011fa Avc\u0131lar\u0131\u201d (T\u00fcrkiye) filmine \u00f6d\u00fcl\u00fcn\u00fc \u0130stanbul \u00dcniversitesi ad\u0131na Festival \u00d6\u011frenci Kategorisi J\u00fcri \u00dcyesi Dr. \u00d6\u011fr. \u00dcyesi Mesut Aytekin takdim etti. \u00d6\u011frenci kategorisinde ikincilik \u00f6d\u00fcl\u00fcn\u00fc \u201cSaksak: Bir T\u00fct\u00fcn Belgeseli\u201d (T\u00fcrkiye) filmi ile Turan Kubulay, \u00fc\u00e7\u00fcnc\u00fcl\u00fck \u00f6d\u00fcl\u00fcn\u00fc \u201cKad\u0131n D\u00fcnyas\u0131\u201d (K\u0131rg\u0131zistan) filmiyle kat\u0131lan Cibek Abdullabaeva ald\u0131.<\/p>\n<p>J\u00fcri \u00f6zel \u00f6d\u00fclleri de gecede sahiplerini buldu. T\u00fcrk Konseyi \u0130pekyolu \u00d6zel \u00d6d\u00fcl\u00fc\u2019n\u00fc \u201cSen Adam m\u0131s\u0131n\u201d filmiyle Alihan Erba\u015f ve Harun K\u00f6yba\u015f\u0131 al\u0131rken, T\u00fcrk K\u00fclt\u00fcr\u00fc ve J\u00fcri \u00d6zel \u00d6d\u00fcl\u00fc \u201c1916 Milli M\u00fccadelesi\u201d filmiyle K\u0131rg\u0131zistan\u2019dan yar\u0131\u015fmaya kat\u0131lan Tilek Murataliev\u2019e, T\u00fcrk D\u00fcnyas\u0131 Cengiz Aytmatov \u00d6zel \u00d6d\u00fcl\u00fc ise \u201c2 Dil1 Armoni\u201d ile \u0130\u00dc \u0130leti\u015fim Fak\u00fcltesi Radyo Televziyon ve Sinema b\u00f6l\u00fcm\u00fc y\u00fcksek lisans \u00f6\u011frencisi Azerbaycanl\u0131 y\u00f6netmen Najiba Abbasova\u2019ya verildi. T\u00fcrk D\u00fcnyas\u0131 Belgesel Film Festivali Ya\u015fam Boyu Onur \u00d6d\u00fcl\u00fc\u2019ne ise T\u00fcrk Sinemas\u0131\u2019na b\u00fcy\u00fck hizmetler vermi\u015f, sevilen akt\u00f6r Serdar G\u00f6khan lay\u0131k g\u00f6r\u00fcld\u00fc.<\/p>\n<p>Gecede sergilenen T\u00fcrk D\u00fcnyas\u0131 K\u0131yafetleri Defilesi de b\u00fcy\u00fck ilgi g\u00f6rd\u00fc. T\u00fcr d\u00fcnyas\u0131nda kullan\u0131lan geleneksel 40\u2019tan fazla k\u0131yafet b\u00fcy\u00fck alk\u0131\u015f ald\u0131. Gecede K\u0131rg\u0131z ve Kazak dillerinde s\u00f6ylenen \u015fark\u0131lar kat\u0131l\u0131mc\u0131lara keyifli anlar ya\u015fatt\u0131.<\/p>\n<div id='gallery_1' class='gallery galleryid-6488 gallery-columns-5 gallery-size-large'><figure class='gallery-item'>\n                <div class='gallery-icon landscape'>\n                    <a href='https:\/\/iletim.istanbul.edu.tr\/wp-content\/uploads\/IMG_7858.jpg'><img loading=\"lazy\" decoding=\"async\" width=\"1024\" height=\"683\" src=\"\" class=\"attachment-large size-large lazyload\" alt=\"\" data-src=\"https:\/\/iletim.istanbul.edu.tr\/wp-content\/uploads\/IMG_7858-1024x683.jpg\" data-sizes=\"auto\" data-srcset=\"https:\/\/iletim.istanbul.edu.tr\/wp-content\/uploads\/IMG_7858-1024x683.jpg 1024w, https:\/\/iletim.istanbul.edu.tr\/wp-content\/uploads\/IMG_7858-300x200.jpg 300w, https:\/\/iletim.istanbul.edu.tr\/wp-content\/uploads\/IMG_7858-768x512.jpg 768w\" data-expand=\"700\" \/><\/a>\n                <\/div><\/figure><figure class='gallery-item'>\n                <div class='gallery-icon landscape'>\n                    <a href='https:\/\/iletim.istanbul.edu.tr\/wp-content\/uploads\/IMG_7769.jpg'><img loading=\"lazy\" decoding=\"async\" width=\"1024\" height=\"683\" src=\"\" class=\"attachment-large size-large lazyload\" alt=\"\" data-src=\"https:\/\/iletim.istanbul.edu.tr\/wp-content\/uploads\/IMG_7769-1024x683.jpg\" data-sizes=\"auto\" data-srcset=\"https:\/\/iletim.istanbul.edu.tr\/wp-content\/uploads\/IMG_7769-1024x683.jpg 1024w, https:\/\/iletim.istanbul.edu.tr\/wp-content\/uploads\/IMG_7769-300x200.jpg 300w, https:\/\/iletim.istanbul.edu.tr\/wp-content\/uploads\/IMG_7769-768x512.jpg 768w\" data-expand=\"700\" \/><\/a>\n                <\/div><\/figure><figure class='gallery-item'>\n                <div class='gallery-icon landscape'>\n                    <a href='https:\/\/iletim.istanbul.edu.tr\/wp-content\/uploads\/IMG_7756.jpg'><img loading=\"lazy\" decoding=\"async\" width=\"1024\" height=\"683\" src=\"\" class=\"attachment-large size-large lazyload\" alt=\"\" data-src=\"https:\/\/iletim.istanbul.edu.tr\/wp-content\/uploads\/IMG_7756-1024x683.jpg\" data-sizes=\"auto\" data-srcset=\"https:\/\/iletim.istanbul.edu.tr\/wp-content\/uploads\/IMG_7756-1024x683.jpg 1024w, https:\/\/iletim.istanbul.edu.tr\/wp-content\/uploads\/IMG_7756-300x200.jpg 300w, https:\/\/iletim.istanbul.edu.tr\/wp-content\/uploads\/IMG_7756-768x512.jpg 768w\" data-expand=\"700\" \/><\/a>\n                <\/div><\/figure><figure class='gallery-item'>\n                <div class='gallery-icon landscape'>\n                    <a href='https:\/\/iletim.istanbul.edu.tr\/wp-content\/uploads\/IMG_7572.jpg'><img loading=\"lazy\" decoding=\"async\" width=\"1024\" height=\"683\" src=\"\" class=\"attachment-large size-large lazyload\" alt=\"\" data-src=\"https:\/\/iletim.istanbul.edu.tr\/wp-content\/uploads\/IMG_7572-1024x683.jpg\" data-sizes=\"auto\" data-srcset=\"https:\/\/iletim.istanbul.edu.tr\/wp-content\/uploads\/IMG_7572-1024x683.jpg 1024w, https:\/\/iletim.istanbul.edu.tr\/wp-content\/uploads\/IMG_7572-300x200.jpg 300w, https:\/\/iletim.istanbul.edu.tr\/wp-content\/uploads\/IMG_7572-768x512.jpg 768w\" data-expand=\"700\" \/><\/a>\n                <\/div><\/figure><figure class='gallery-item'>\n                <div class='gallery-icon landscape'>\n                    <a href='https:\/\/iletim.istanbul.edu.tr\/wp-content\/uploads\/IMG_7442.jpg'><img loading=\"lazy\" decoding=\"async\" width=\"1024\" height=\"683\" src=\"\" class=\"attachment-large size-large lazyload\" alt=\"\" data-src=\"https:\/\/iletim.istanbul.edu.tr\/wp-content\/uploads\/IMG_7442-1024x683.jpg\" data-sizes=\"auto\" data-srcset=\"https:\/\/iletim.istanbul.edu.tr\/wp-content\/uploads\/IMG_7442-1024x683.jpg 1024w, https:\/\/iletim.istanbul.edu.tr\/wp-content\/uploads\/IMG_7442-300x200.jpg 300w, https:\/\/iletim.istanbul.edu.tr\/wp-content\/uploads\/IMG_7442-768x512.jpg 768w\" data-expand=\"700\" \/><\/a>\n                <\/div><\/figure><br style=\"clear: both\" \/><figure class='gallery-item'>\n                <div class='gallery-icon landscape'>\n                    <a href='https:\/\/iletim.istanbul.edu.tr\/wp-content\/uploads\/IMG_7401.jpg'><img loading=\"lazy\" decoding=\"async\" width=\"1024\" height=\"683\" src=\"\" class=\"attachment-large size-large lazyload\" alt=\"\" data-src=\"https:\/\/iletim.istanbul.edu.tr\/wp-content\/uploads\/IMG_7401-1024x683.jpg\" data-sizes=\"auto\" data-srcset=\"https:\/\/iletim.istanbul.edu.tr\/wp-content\/uploads\/IMG_7401-1024x683.jpg 1024w, https:\/\/iletim.istanbul.edu.tr\/wp-content\/uploads\/IMG_7401-300x200.jpg 300w, https:\/\/iletim.istanbul.edu.tr\/wp-content\/uploads\/IMG_7401-768x512.jpg 768w\" data-expand=\"700\" \/><\/a>\n                <\/div><\/figure><figure class='gallery-item'>\n                <div class='gallery-icon landscape'>\n                    <a href='https:\/\/iletim.istanbul.edu.tr\/wp-content\/uploads\/IMG_7363.jpg'><img loading=\"lazy\" decoding=\"async\" width=\"1024\" height=\"683\" src=\"\" class=\"attachment-large size-large lazyload\" alt=\"\" data-src=\"https:\/\/iletim.istanbul.edu.tr\/wp-content\/uploads\/IMG_7363-1024x683.jpg\" data-sizes=\"auto\" data-srcset=\"https:\/\/iletim.istanbul.edu.tr\/wp-content\/uploads\/IMG_7363-1024x683.jpg 1024w, https:\/\/iletim.istanbul.edu.tr\/wp-content\/uploads\/IMG_7363-300x200.jpg 300w, https:\/\/iletim.istanbul.edu.tr\/wp-content\/uploads\/IMG_7363-768x512.jpg 768w\" data-expand=\"700\" \/><\/a>\n                <\/div><\/figure><figure class='gallery-item'>\n                <div class='gallery-icon landscape'>\n                    <a href='https:\/\/iletim.istanbul.edu.tr\/wp-content\/uploads\/IMG_7121.jpg'><img loading=\"lazy\" decoding=\"async\" width=\"1024\" height=\"683\" src=\"\" class=\"attachment-large size-large lazyload\" alt=\"\" data-src=\"https:\/\/iletim.istanbul.edu.tr\/wp-content\/uploads\/IMG_7121-1024x683.jpg\" data-sizes=\"auto\" data-srcset=\"https:\/\/iletim.istanbul.edu.tr\/wp-content\/uploads\/IMG_7121-1024x683.jpg 1024w, https:\/\/iletim.istanbul.edu.tr\/wp-content\/uploads\/IMG_7121-300x200.jpg 300w, https:\/\/iletim.istanbul.edu.tr\/wp-content\/uploads\/IMG_7121-768x512.jpg 768w\" data-expand=\"700\" \/><\/a>\n                <\/div><\/figure><figure class='gallery-item'>\n                <div class='gallery-icon landscape'>\n                    <a href='https:\/\/iletim.istanbul.edu.tr\/wp-content\/uploads\/IMG_7119.jpg'><img loading=\"lazy\" decoding=\"async\" width=\"1024\" height=\"683\" src=\"\" class=\"attachment-large size-large lazyload\" alt=\"\" data-src=\"https:\/\/iletim.istanbul.edu.tr\/wp-content\/uploads\/IMG_7119-1024x683.jpg\" data-sizes=\"auto\" data-srcset=\"https:\/\/iletim.istanbul.edu.tr\/wp-content\/uploads\/IMG_7119-1024x683.jpg 1024w, https:\/\/iletim.istanbul.edu.tr\/wp-content\/uploads\/IMG_7119-300x200.jpg 300w, https:\/\/iletim.istanbul.edu.tr\/wp-content\/uploads\/IMG_7119-768x512.jpg 768w\" data-expand=\"700\" \/><\/a>\n                <\/div><\/figure>\n                <br style='clear: both' \/>\n            <\/div>\n\n","protected":false},"excerpt":{"rendered":"<p>T\u00fcrk D\u00fcnyas\u0131 3. Belgesel Film Festivali \u00f6d\u00fclleri, 6 Ekim\u2019de \u0130\u00dc Fen Fak\u00fcltesi Ord. Prof. Dr. Cemil Bilsel Konferans Salonu\u2019nda d\u00fczenlenen t\u00f6renle sahiplerini buldu. 8 \u00fclke ve 28 T\u00fcrk b\u00f6lgesinden eserlerin yar\u0131\u015ft\u0131\u011f\u0131 festivalde T\u00fcrkiye ve \u00d6zbekistan birincilik \u00f6d\u00fcllerini kazand\u0131.<\/p>\n","protected":false},"author":14,"featured_media":6489,"comment_status":"open","ping_status":"open","sticky":false,"template":"","format":"standard","meta":{"jnews-multi-image_gallery":[],"jnews_single_post":[],"jnews_primary_category":[],"jnews_social_meta":[],"jnews_override_counter":[],"footnotes":""},"categories":[30],"tags":[],"class_list":["post-6488","post","type-post","status-publish","format-standard","has-post-thumbnail","hentry","category-kultur-sanat"],"_links":{"self":[{"href":"https:\/\/iletim.istanbul.edu.tr\/index.php\/wp-json\/wp\/v2\/posts\/6488","targetHints":{"allow":["GET"]}}],"collection":[{"href":"https:\/\/iletim.istanbul.edu.tr\/index.php\/wp-json\/wp\/v2\/posts"}],"about":[{"href":"https:\/\/iletim.istanbul.edu.tr\/index.php\/wp-json\/wp\/v2\/types\/post"}],"author":[{"embeddable":true,"href":"https:\/\/iletim.istanbul.edu.tr\/index.php\/wp-json\/wp\/v2\/users\/14"}],"replies":[{"embeddable":true,"href":"https:\/\/iletim.istanbul.edu.tr\/index.php\/wp-json\/wp\/v2\/comments?post=6488"}],"version-history":[{"count":0,"href":"https:\/\/iletim.istanbul.edu.tr\/index.php\/wp-json\/wp\/v2\/posts\/6488\/revisions"}],"wp:featuredmedia":[{"embeddable":true,"href":"https:\/\/iletim.istanbul.edu.tr\/index.php\/wp-json\/wp\/v2\/media\/6489"}],"wp:attachment":[{"href":"https:\/\/iletim.istanbul.edu.tr\/index.php\/wp-json\/wp\/v2\/media?parent=6488"}],"wp:term":[{"taxonomy":"category","embeddable":true,"href":"https:\/\/iletim.istanbul.edu.tr\/index.php\/wp-json\/wp\/v2\/categories?post=6488"},{"taxonomy":"post_tag","embeddable":true,"href":"https:\/\/iletim.istanbul.edu.tr\/index.php\/wp-json\/wp\/v2\/tags?post=6488"}],"curies":[{"name":"wp","href":"https:\/\/api.w.org\/{rel}","templated":true}]}}