{"id":6560,"date":"2018-10-11T16:08:58","date_gmt":"2018-10-11T13:08:58","guid":{"rendered":"https:\/\/iletim.istanbul.edu.tr\/?p=6560"},"modified":"2019-05-30T16:18:24","modified_gmt":"2019-05-30T13:18:24","slug":"turkiye-kore-baglari-guclenerek-devam-edecek","status":"publish","type":"post","link":"https:\/\/iletim.istanbul.edu.tr\/index.php\/2018\/10\/11\/turkiye-kore-baglari-guclenerek-devam-edecek\/","title":{"rendered":"T\u00fcrkiye-Kore Ba\u011flar\u0131 G\u00fc\u00e7lenerek Devam Edecek"},"content":{"rendered":"<p><strong>Murat KASAP<\/strong><br \/>\n<strong>Foto\u011fraf: I\u015f\u0131l SIP\u00c7IK<\/strong><\/p>\n<p>Kore K\u00fclt\u00fcr Haftas\u0131 kapsam\u0131nda \u0130stanbul \u00dcniversitesi Rekt\u00f6rl\u00fck Binas\u0131&#8217;nda ger\u00e7ekle\u015ftirilen 1. Uluslararas\u0131 Orta Avrasya Korenoloji Konferans\u0131&#8217;nda Avrasya Kore \u00e7al\u0131\u015fmalar\u0131n\u0131n mevcut durumu ve vizyonu konu\u015fuldu.<\/p>\n<p>Etkinli\u011fin a\u00e7\u0131l\u0131\u015f konu\u015fmas\u0131n\u0131 yapan Kore Ba\u015fkonsolosu Keewon Hong, Kore K\u00fclt\u00fcr Haftas\u0131&#8217;n\u0131n a\u00e7\u0131l\u0131\u015f\u0131ndan dolay\u0131 \u00e7ok mutlu oldu\u011funu belirterek, \u00f6zellikle Avrasya&#8217;dan gelen akademisyenleri bir araya getiren bu etkinli\u011fi organize eden \u0130stanbul \u00dcniversitesi Rekt\u00f6r\u00fc Prof. Dr. Mahmut Ak&#8217;a \u015f\u00fckranlar\u0131n\u0131 iletti. \u0130nsanl\u0131k ve medeniyet var oldu\u011fu s\u00fcrece d\u00fcnyan\u0131n de\u011fi\u015fmeye devam edece\u011fini belirten Hong, &#8220;\u0130nsanl\u0131k devam etti\u011fi s\u00fcrece diller ve k\u00fclt\u00fcrler de\u011fi\u015fmeye devam edecek. Biz elimizden geldi\u011fince bunu korumaya \u00e7al\u0131\u015fmal\u0131y\u0131z&#8221; ifadelerini kulland\u0131.<\/p>\n<p>\u0130stanbul \u00dcniversitesi Rekt\u00f6r\u00fc Prof. Dr. Mahmut Ak&#8217;\u0131n konu\u015fmas\u0131yla devam eden etkinlikte Prof. Dr. Ak, &#8220;T\u00fcrkiye ve Kore aras\u0131ndaki ili\u015fkiler y\u0131llard\u0131r \u00e7ok iyi bir d\u00fczeyde. Ayr\u0131ca yap\u0131lan kar\u015f\u0131l\u0131kl\u0131 ziyaretlerle ili\u015fkilerimiz peki\u015ftirilmi\u015ftir. Tarihten gelen hatta \u0130pek Yolu&#8217;na kadar uzanan k\u00fclt\u00fcrel ba\u011flar\u0131m\u0131z var ve bu ba\u011flar g\u00fc\u00e7lenerek devam edecek&#8221; diyerek s\u00f6zlerini tamamlad\u0131.<\/p>\n<p>Kore K\u00fclt\u00fcr Haftas\u0131 konferanslar\u0131 12 Ekim&#8217;de devam edecek.<\/p>\n<div id='gallery_1' class='gallery galleryid-6560 gallery-columns-3 gallery-size-large'><figure class='gallery-item'>\n                <div class='gallery-icon landscape'>\n                    <a href='https:\/\/iletim.istanbul.edu.tr\/wp-content\/uploads\/DSC0162-1.jpg'><img loading=\"lazy\" decoding=\"async\" width=\"1024\" height=\"680\" src=\"\" class=\"attachment-large size-large lazyload\" alt=\"\" data-src=\"https:\/\/iletim.istanbul.edu.tr\/wp-content\/uploads\/DSC0162-1-1024x680.jpg\" data-sizes=\"auto\" data-srcset=\"https:\/\/iletim.istanbul.edu.tr\/wp-content\/uploads\/DSC0162-1-1024x680.jpg 1024w, https:\/\/iletim.istanbul.edu.tr\/wp-content\/uploads\/DSC0162-1-300x199.jpg 300w, https:\/\/iletim.istanbul.edu.tr\/wp-content\/uploads\/DSC0162-1-768x510.jpg 768w\" data-expand=\"700\" \/><\/a>\n                <\/div><\/figure><figure class='gallery-item'>\n                <div class='gallery-icon landscape'>\n                    <a href='https:\/\/iletim.istanbul.edu.tr\/wp-content\/uploads\/DSC0149-1.jpg'><img loading=\"lazy\" decoding=\"async\" width=\"1024\" height=\"680\" src=\"\" class=\"attachment-large size-large lazyload\" alt=\"\" data-src=\"https:\/\/iletim.istanbul.edu.tr\/wp-content\/uploads\/DSC0149-1-1024x680.jpg\" data-sizes=\"auto\" data-srcset=\"https:\/\/iletim.istanbul.edu.tr\/wp-content\/uploads\/DSC0149-1-1024x680.jpg 1024w, https:\/\/iletim.istanbul.edu.tr\/wp-content\/uploads\/DSC0149-1-300x199.jpg 300w, https:\/\/iletim.istanbul.edu.tr\/wp-content\/uploads\/DSC0149-1-768x510.jpg 768w\" data-expand=\"700\" \/><\/a>\n                <\/div><\/figure><figure class='gallery-item'>\n                <div class='gallery-icon landscape'>\n                    <a href='https:\/\/iletim.istanbul.edu.tr\/wp-content\/uploads\/DSC0131-4.jpg'><img loading=\"lazy\" decoding=\"async\" width=\"1024\" height=\"680\" src=\"\" class=\"attachment-large size-large lazyload\" alt=\"\" data-src=\"https:\/\/iletim.istanbul.edu.tr\/wp-content\/uploads\/DSC0131-4-1024x680.jpg\" data-sizes=\"auto\" data-srcset=\"https:\/\/iletim.istanbul.edu.tr\/wp-content\/uploads\/DSC0131-4-1024x680.jpg 1024w, https:\/\/iletim.istanbul.edu.tr\/wp-content\/uploads\/DSC0131-4-300x199.jpg 300w, https:\/\/iletim.istanbul.edu.tr\/wp-content\/uploads\/DSC0131-4-768x510.jpg 768w\" data-expand=\"700\" \/><\/a>\n                <\/div><\/figure><br style=\"clear: both\" \/>\n            <\/div>\n\n","protected":false},"excerpt":{"rendered":"<p>Kore K\u00fclt\u00fcr Haftas\u0131 kapsam\u0131nda \u0130stanbul \u00dcniversitesi Rekt\u00f6rl\u00fck Binas\u0131&#8217;nda ger\u00e7ekle\u015ftirilen etkinlikte Avrasya Kore \u00e7al\u0131\u015fmalar\u0131n\u0131n mevcut durumu ve vizyonu konu\u015fuldu.<\/p>\n","protected":false},"author":14,"featured_media":6588,"comment_status":"open","ping_status":"open","sticky":false,"template":"","format":"standard","meta":{"jnews-multi-image_gallery":[],"jnews_single_post":[],"jnews_primary_category":[],"jnews_social_meta":[],"jnews_override_counter":[],"footnotes":""},"categories":[34],"tags":[43,561],"class_list":["post-6560","post","type-post","status-publish","format-standard","has-post-thumbnail","hentry","category-universite","tag-istanbul-universitesi","tag-kore-kultur-haftasi"],"_links":{"self":[{"href":"https:\/\/iletim.istanbul.edu.tr\/index.php\/wp-json\/wp\/v2\/posts\/6560","targetHints":{"allow":["GET"]}}],"collection":[{"href":"https:\/\/iletim.istanbul.edu.tr\/index.php\/wp-json\/wp\/v2\/posts"}],"about":[{"href":"https:\/\/iletim.istanbul.edu.tr\/index.php\/wp-json\/wp\/v2\/types\/post"}],"author":[{"embeddable":true,"href":"https:\/\/iletim.istanbul.edu.tr\/index.php\/wp-json\/wp\/v2\/users\/14"}],"replies":[{"embeddable":true,"href":"https:\/\/iletim.istanbul.edu.tr\/index.php\/wp-json\/wp\/v2\/comments?post=6560"}],"version-history":[{"count":0,"href":"https:\/\/iletim.istanbul.edu.tr\/index.php\/wp-json\/wp\/v2\/posts\/6560\/revisions"}],"wp:featuredmedia":[{"embeddable":true,"href":"https:\/\/iletim.istanbul.edu.tr\/index.php\/wp-json\/wp\/v2\/media\/6588"}],"wp:attachment":[{"href":"https:\/\/iletim.istanbul.edu.tr\/index.php\/wp-json\/wp\/v2\/media?parent=6560"}],"wp:term":[{"taxonomy":"category","embeddable":true,"href":"https:\/\/iletim.istanbul.edu.tr\/index.php\/wp-json\/wp\/v2\/categories?post=6560"},{"taxonomy":"post_tag","embeddable":true,"href":"https:\/\/iletim.istanbul.edu.tr\/index.php\/wp-json\/wp\/v2\/tags?post=6560"}],"curies":[{"name":"wp","href":"https:\/\/api.w.org\/{rel}","templated":true}]}}