{"id":6561,"date":"2018-10-11T14:31:57","date_gmt":"2018-10-11T11:31:57","guid":{"rendered":"https:\/\/iletim.istanbul.edu.tr\/?p=6561"},"modified":"2018-10-12T16:35:11","modified_gmt":"2018-10-12T13:35:11","slug":"istanbul-universitesi-munazara-kulubu-bulustu","status":"publish","type":"post","link":"https:\/\/iletim.istanbul.edu.tr\/index.php\/2018\/10\/11\/istanbul-universitesi-munazara-kulubu-bulustu\/","title":{"rendered":"\u0130stanbul \u00dcniversitesi M\u00fcnazara Kul\u00fcb\u00fc Bulu\u015ftu"},"content":{"rendered":"<p><strong>Merve TOKAZ<\/strong><\/p>\n<p>\u0130stanbul \u00dcniversitesi M\u00fcnazara Kul\u00fcb\u00fc , &#8220;M\u00fcnazara Teknikleri&#8221;ba\u015fl\u0131kl\u0131 ilk temel e\u011fitimi 9 Ekim&#8217;de \u0130stanbul \u00dcniversitesi Kongre ve K\u00fclt\u00fcr Merkezi&#8217;nde kul\u00fcp \u00fcyelerinin kat\u0131l\u0131m\u0131yla ger\u00e7ekle\u015ftirdi.\u00a0E\u011fitimde \u00fcyeler &#8220;M\u00fcnazara nedir?&#8221;, &#8220;Hangi temellere dayan\u0131r?&#8221; ve &#8220;Neleri kapsar?&#8221; sorular\u0131n\u0131n cevaplar\u0131na ula\u015fmaya \u00e7al\u0131\u015ft\u0131lar.<\/p>\n<p><strong>&#8220;M\u00fcnazara D\u00fc\u015f\u00fcnce \u00d6zg\u00fcrl\u00fc\u011f\u00fcne A\u00e7\u0131lan En Temel Kap\u0131d\u0131r&#8221;<\/strong><\/p>\n<p>\u0130stanbul \u00dcniversitesi Hukuk Fak\u00fcltesi \u00f6\u011frencisi Furkan \u00d6zkundak\u00e7\u0131, verdi\u011fi e\u011fitime &#8220;M\u00fcnazara en temelde 15 dakika gibi k\u0131sa bir s\u00fcrede ikna edici bir konu\u015fma haz\u0131rlayabilme yetisine sahip olabilmektir. M\u00fcnazara bizim i\u00e7in entelekt\u00fcel bilgi birikiminin yan\u0131 s\u0131ra keyif ald\u0131\u011f\u0131m\u0131z bir oyundur&#8221; diyerek s\u00f6zlerine ba\u015flad\u0131.<\/p>\n<p>M\u00fcnazaran\u0131n temelde parlamento \u00e7\u0131k\u0131\u015fl\u0131 d\u00fc\u015f\u00fcnce tekni\u011fi oldu\u011funa de\u011finen\u00a0\u00d6zkundak\u00e7\u0131, &#8220;M\u00fcnazara d\u00fc\u015f\u00fcnce \u00f6zg\u00fcrl\u00fc\u011f\u00fcne a\u00e7\u0131lan en temel kap\u0131d\u0131r&#8221; diyerek s\u00f6zlerini noktalad\u0131.<\/p>\n<figure id=\"attachment_6577\" aria-describedby=\"caption-attachment-6577\" style=\"width: 450px\" class=\"wp-caption aligncenter\"><img decoding=\"async\" class=\"wp-image-6577\" src=\"https:\/\/iletim.istanbul.edu.tr\/wp-content\/uploads\/DSC0106-2-1024x680.jpg\" alt=\"\" width=\"450\" height=\"299\" srcset=\"https:\/\/iletim.istanbul.edu.tr\/wp-content\/uploads\/DSC0106-2-1024x680.jpg 1024w, https:\/\/iletim.istanbul.edu.tr\/wp-content\/uploads\/DSC0106-2-300x199.jpg 300w, https:\/\/iletim.istanbul.edu.tr\/wp-content\/uploads\/DSC0106-2-768x510.jpg 768w\" sizes=\"(max-width: 450px) 100vw, 450px\" \/><figcaption id=\"caption-attachment-6577\" class=\"wp-caption-text\">M\u00fcnazara Kul\u00fcb\u00fc Ba\u015fkan\u0131 Nihat G\u00fczeler<\/figcaption><\/figure>\n<p>M\u00fcnazara Kul\u00fcb\u00fc Ba\u015fkan\u0131 Nihat G\u00fczeler, m\u00fcnazarada nefret s\u00f6ylemi konusuna vurgu yaparak, &#8220;Nefret s\u00f6ylemi bir grubu etnik, siyasi, dini vb. konularda kendine \u00f6zg\u00fc \u00f6zelliklerinden \u00f6t\u00fcr\u00fc a\u015fa\u011f\u0131lamakt\u0131r. Bu s\u00f6ylem turnuva i\u00e7indeki gidi\u015fata zarar verir. Her zaman bu tarz s\u00f6ylemlerden uzak durmal\u0131y\u0131z&#8221; \u015feklinde konu\u015ftu.<\/p>\n<p>Toplant\u0131 Furkan \u00d6zkundak\u00e7\u0131 ve Nihat G\u00fczeler&#8217;in kul\u00fcp \u00fcyelerine kat\u0131l\u0131mlar\u0131ndan \u00f6t\u00fcr\u00fc te\u015fekk\u00fcr konu\u015fmas\u0131yla sona erdi.<\/p>\n<p>M\u00fcnazara Kul\u00fcb\u00fc 2018-2019 akademik y\u0131l\u0131na kul\u00fcb\u00fcn yeni kat\u0131l\u0131mc\u0131lar\u0131na temel e\u011fitimler vererek ba\u015flayacak. Bu e\u011fitimler ile kul\u00fcp \u00fcyeleri aras\u0131nda ma\u00e7lar d\u00fczenlenecek. Her ma\u00e7ta 8 ki\u015fi olmak \u00fczere 24 ki\u015finin ayn\u0131 anda ma\u00e7 yapabildi\u011fi bir d\u00fczen olu\u015fturulmas\u0131n\u0131n ard\u0131ndan seviyeler belirlenerek turnuvalar\u00a0 d\u00fczenlenecek. \u0130ki haftal\u0131k programlar belirlenerek haftan\u0131n d\u00f6rt g\u00fcn\u00fc kul\u00fcp \u00fcyelerine e\u011fitim verilecek.<\/p>\n","protected":false},"excerpt":{"rendered":"<p>\u0130stanbul \u00dcniversitesi M\u00fcnazara Kul\u00fcb\u00fc ,&#8221;M\u00fcnazara Teknikleri&#8221;ba\u015fl\u0131kl\u0131 ilk temel e\u011fitimi\u00a0 9 Ekim&#8217;de \u0130stanbul \u00dcniversitesi Kongre ve K\u00fclt\u00fcr Merkezi&#8217;nde kul\u00fcp \u00fcyelerinin kat\u0131l\u0131m\u0131yla ger\u00e7ekle\u015ftirildi.\u00a0E\u011fitimde \u00fcyeler &#8220;temelde m\u00fcnazara nedir&#8221;, &#8220;hangi temellere dayan\u0131r, neleri kapsar&#8221; sorular\u0131n\u0131n cevaplar\u0131na ula\u015fmaya \u00e7al\u0131\u015ft\u0131lar.<\/p>\n","protected":false},"author":14,"featured_media":6576,"comment_status":"open","ping_status":"open","sticky":false,"template":"","format":"standard","meta":{"jnews-multi-image_gallery":[],"jnews_single_post":[],"jnews_primary_category":[],"jnews_social_meta":[],"jnews_override_counter":[],"footnotes":""},"categories":[1],"tags":[],"class_list":["post-6561","post","type-post","status-publish","format-standard","has-post-thumbnail","hentry","category-genel"],"_links":{"self":[{"href":"https:\/\/iletim.istanbul.edu.tr\/index.php\/wp-json\/wp\/v2\/posts\/6561","targetHints":{"allow":["GET"]}}],"collection":[{"href":"https:\/\/iletim.istanbul.edu.tr\/index.php\/wp-json\/wp\/v2\/posts"}],"about":[{"href":"https:\/\/iletim.istanbul.edu.tr\/index.php\/wp-json\/wp\/v2\/types\/post"}],"author":[{"embeddable":true,"href":"https:\/\/iletim.istanbul.edu.tr\/index.php\/wp-json\/wp\/v2\/users\/14"}],"replies":[{"embeddable":true,"href":"https:\/\/iletim.istanbul.edu.tr\/index.php\/wp-json\/wp\/v2\/comments?post=6561"}],"version-history":[{"count":0,"href":"https:\/\/iletim.istanbul.edu.tr\/index.php\/wp-json\/wp\/v2\/posts\/6561\/revisions"}],"wp:featuredmedia":[{"embeddable":true,"href":"https:\/\/iletim.istanbul.edu.tr\/index.php\/wp-json\/wp\/v2\/media\/6576"}],"wp:attachment":[{"href":"https:\/\/iletim.istanbul.edu.tr\/index.php\/wp-json\/wp\/v2\/media?parent=6561"}],"wp:term":[{"taxonomy":"category","embeddable":true,"href":"https:\/\/iletim.istanbul.edu.tr\/index.php\/wp-json\/wp\/v2\/categories?post=6561"},{"taxonomy":"post_tag","embeddable":true,"href":"https:\/\/iletim.istanbul.edu.tr\/index.php\/wp-json\/wp\/v2\/tags?post=6561"}],"curies":[{"name":"wp","href":"https:\/\/api.w.org\/{rel}","templated":true}]}}