{"id":6647,"date":"2018-10-25T10:48:14","date_gmt":"2018-10-25T07:48:14","guid":{"rendered":"https:\/\/iletim.istanbul.edu.tr\/?p=6647"},"modified":"2018-10-26T17:06:26","modified_gmt":"2018-10-26T14:06:26","slug":"akdenizdeki-balina-ve-yunuslar-ucaktan-sayildi","status":"publish","type":"post","link":"https:\/\/iletim.istanbul.edu.tr\/index.php\/2018\/10\/25\/akdenizdeki-balina-ve-yunuslar-ucaktan-sayildi\/","title":{"rendered":"Akdeniz\u2019deki Balina ve Yunuslar U\u00e7aktan Say\u0131ld\u0131"},"content":{"rendered":"<p><strong>Hande Nur OCAK<\/strong><\/p>\n<p>\u0130stanbul \u00dcniversitesi Su Bilimleri Fak\u00fcltesi Deniz Biyolojisi Anabilim Dal\u0131\u2019n\u0131n destekledi\u011fi, ACCOBAMS\u2019\u0131n t\u00fcm Akdeniz\u2019deki balina ve yunuslar\u0131n da\u011f\u0131l\u0131m\u0131 ve miktar\u0131n\u0131 ortaya koymay\u0131 hedefleyen uluslararas\u0131 projenin (ASI-ACCOBAMS Survey Initiative) saha \u00e7al\u0131\u015fmalar\u0131 2018 yaz\u0131nda tamamland\u0131.<\/p>\n<p>\u0130stanbul \u00dcniversitesi Su Bilimleri Fak\u00fcltesi \u00d6\u011fretim \u00dcyesi Dr. Ayaka Amaha \u00d6zt\u00fcrk, haziran ay\u0131nda ba\u015flayan saha \u00e7al\u0131\u015fmalar\u0131n\u0131n a\u011fustos ay\u0131nda sona erdi\u011fini s\u00f6yledi. Akdeniz ve Karadeniz \u00fclkelerinden 100\u2019den fazla uzman\u0131n kat\u0131l\u0131m\u0131yla, 8 u\u00e7akla havadan say\u0131mlar\u0131n d\u0131\u015f\u0131nda, 5 teknede pasif akustik izleme sisteminin kullan\u0131ld\u0131\u011f\u0131n\u0131 belirten Dr. Ayaka Amaha \u00d6zt\u00fcrk, \u201cACCOBAMS Survey Initiative (ASI) \u00e7al\u0131\u015fmas\u0131, Akdeniz\u2019de ya\u015fayan balina ve yunuslar\u0131n da\u011f\u0131l\u0131m\u0131 ve miktar\u0131 hakk\u0131nda t\u00fcm Akdeniz\u2019de ayn\u0131 anda yap\u0131lan ilk \u00e7al\u0131\u015fma olmas\u0131 a\u00e7\u0131s\u0131ndan \u00f6nemli. Proje sonu\u00e7lar\u0131 ise, b\u00f6lgesel d\u00fczeyde balina ve yunuslar\u0131n miktarlar\u0131n\u0131 ve korunma durumlar\u0131n\u0131 anlamak i\u00e7in temel verileri sa\u011flayacakt\u0131r\u201d dedi.<\/p>\n<p><img decoding=\"async\" class=\"aligncenter wp-image-6649 size-full\" src=\"https:\/\/iletim.istanbul.edu.tr\/wp-content\/uploads\/ASI-iu_2.jpg\" alt=\"\" width=\"600\" height=\"450\" srcset=\"https:\/\/iletim.istanbul.edu.tr\/wp-content\/uploads\/ASI-iu_2.jpg 600w, https:\/\/iletim.istanbul.edu.tr\/wp-content\/uploads\/ASI-iu_2-300x225.jpg 300w\" sizes=\"(max-width: 600px) 100vw, 600px\" \/><br \/>\nGe\u00e7en y\u0131l T\u00fcrkiye\u2019nin de imzalad\u0131\u011f\u0131 Karadeniz, Akdeniz ve M\u00fccavir Atlantik Deniz B\u00f6lgesi\u2019ndeki Balina ve Yunuslar\u0131n\u0131n Korunmas\u0131na Dair Anla\u015fma (ACCOBAMS &#8211; Agreement on the Conservation of Cetaceans in the Black Sea, Mediterranean Sea and Contiguous Atlantic Area) Sekretaryas\u0131 taraf\u0131ndan ger\u00e7ekle\u015ftirildi\u011fini s\u00f6yleyen Dr. Ayaka Amaha \u00d6zt\u00fcrk, Proje \u0130dare Komitesinde ise Akdeniz\u2019de \u00e7al\u0131\u015fan \u00f6nemli enstit\u00fc ve ara\u015ft\u0131rma kurumlar\u0131n\u0131n yer ald\u0131\u011f\u0131n\u0131 vurgulad\u0131.<\/p>\n<p>T\u00fcrkiye k\u0131y\u0131lar\u0131nda ba\u015fta Ka\u015falot olmak \u00fczere Afalina, \u00c7izgili Yunus, T\u0131rtak, Grampus gibi t\u00fcrler g\u00f6r\u00fcld\u00fc\u011f\u00fcn\u00fc s\u00f6yleyen Dr. Ayaka Amaha \u00d6zt\u00fcrk, \u201cG\u00f6zlemciler balina ve yunuslar\u0131n d\u0131\u015f\u0131nda ku\u015flar, k\u00f6pekbal\u0131klar\u0131, deniz kaplumba\u011falar\u0131 ve y\u00fczen \u00e7\u00f6pler hakk\u0131nda da veriler elde etti. \u00d6n\u00fcm\u00fczdeki y\u0131llarda yap\u0131lmas\u0131 planlanan Karadeniz b\u00f6lgesi i\u00e7in de \u00e7al\u0131\u015fmalar devam etmektedir\u201d dedi.<\/p>\n<figure id=\"attachment_6652\" aria-describedby=\"caption-attachment-6652\" style=\"width: 702px\" class=\"wp-caption alignnone\"><img decoding=\"async\" class=\"wp-image-6652 size-large\" src=\"https:\/\/iletim.istanbul.edu.tr\/wp-content\/uploads\/David-Nieto-on-Unsplash-1024x683.jpg\" alt=\"David Nieto on Unsplash\" width=\"702\" height=\"468\" srcset=\"https:\/\/iletim.istanbul.edu.tr\/wp-content\/uploads\/David-Nieto-on-Unsplash-1024x683.jpg 1024w, https:\/\/iletim.istanbul.edu.tr\/wp-content\/uploads\/David-Nieto-on-Unsplash-300x200.jpg 300w, https:\/\/iletim.istanbul.edu.tr\/wp-content\/uploads\/David-Nieto-on-Unsplash-768x512.jpg 768w\" sizes=\"(max-width: 702px) 100vw, 702px\" \/><figcaption id=\"caption-attachment-6652\" class=\"wp-caption-text\">David Nieto on Unsplash<\/figcaption><\/figure>\n<p>Dr. Ayaka Amaha \u00d6ZT\u00dcRK koordinat\u00f6rl\u00fc\u011f\u00fcnde ger\u00e7ekle\u015fen s\u00f6rvey \u00e7al\u0131\u015fmas\u0131nda, Do\u00e7. Dr. Ayhan DEDE ve Do\u00e7. Dr. Arda M. TONAY\u2019in kat\u0131l\u0131m\u0131 ile t\u00fcm Ege Denizi ve Kuzeydo\u011fu Akdeniz say\u0131mlar\u0131 ger\u00e7ekle\u015ftirilmi\u015ftir.<\/p>\n<div id='gallery_1' class='gallery galleryid-6647 gallery-columns-4 gallery-size-large'><figure class='gallery-item'>\n                <div class='gallery-icon landscape'>\n                    <a href='https:\/\/iletim.istanbul.edu.tr\/wp-content\/uploads\/Ilse-Orsel-on-Unsplash.jpg'><img loading=\"lazy\" decoding=\"async\" width=\"1024\" height=\"683\" src=\"\" class=\"attachment-large size-large lazyload\" alt=\"Ilse Orsel on Unsplash\" aria-describedby=\"gallery_1-6654\" data-src=\"https:\/\/iletim.istanbul.edu.tr\/wp-content\/uploads\/Ilse-Orsel-on-Unsplash-1024x683.jpg\" data-sizes=\"auto\" data-srcset=\"https:\/\/iletim.istanbul.edu.tr\/wp-content\/uploads\/Ilse-Orsel-on-Unsplash-1024x683.jpg 1024w, https:\/\/iletim.istanbul.edu.tr\/wp-content\/uploads\/Ilse-Orsel-on-Unsplash-300x200.jpg 300w, https:\/\/iletim.istanbul.edu.tr\/wp-content\/uploads\/Ilse-Orsel-on-Unsplash-768x512.jpg 768w\" data-expand=\"700\" \/><\/a>\n                <\/div>\n                    <figcaption class='wp-caption-text gallery-caption' id='gallery_1-6654'>\n                    Ilse Orsel on Unsplash\n                    <\/figcaption><\/figure><figure class='gallery-item'>\n                <div class='gallery-icon portrait'>\n                    <a href='https:\/\/iletim.istanbul.edu.tr\/wp-content\/uploads\/Guille-Pozzi-on-Unsplash.jpg'><img loading=\"lazy\" decoding=\"async\" width=\"576\" height=\"1024\" src=\"\" class=\"attachment-large size-large lazyload\" alt=\"Guille Pozzi on Unsplash\" aria-describedby=\"gallery_1-6653\" data-src=\"https:\/\/iletim.istanbul.edu.tr\/wp-content\/uploads\/Guille-Pozzi-on-Unsplash-576x1024.jpg\" data-sizes=\"auto\" data-srcset=\"https:\/\/iletim.istanbul.edu.tr\/wp-content\/uploads\/Guille-Pozzi-on-Unsplash-576x1024.jpg 576w, https:\/\/iletim.istanbul.edu.tr\/wp-content\/uploads\/Guille-Pozzi-on-Unsplash-169x300.jpg 169w, https:\/\/iletim.istanbul.edu.tr\/wp-content\/uploads\/Guille-Pozzi-on-Unsplash-768x1366.jpg 768w, https:\/\/iletim.istanbul.edu.tr\/wp-content\/uploads\/Guille-Pozzi-on-Unsplash.jpg 1500w\" data-expand=\"700\" \/><\/a>\n                <\/div>\n                    <figcaption class='wp-caption-text gallery-caption' id='gallery_1-6653'>\n                    Guille Pozzi on Unsplash\n                    <\/figcaption><\/figure><figure class='gallery-item'>\n                <div class='gallery-icon landscape'>\n                    <a href='https:\/\/iletim.istanbul.edu.tr\/wp-content\/uploads\/David-Nieto-on-Unsplash.jpg'><img loading=\"lazy\" decoding=\"async\" width=\"1024\" height=\"683\" src=\"\" class=\"attachment-large size-large lazyload\" alt=\"David Nieto on Unsplash\" aria-describedby=\"gallery_1-6652\" data-src=\"https:\/\/iletim.istanbul.edu.tr\/wp-content\/uploads\/David-Nieto-on-Unsplash-1024x683.jpg\" data-sizes=\"auto\" data-srcset=\"https:\/\/iletim.istanbul.edu.tr\/wp-content\/uploads\/David-Nieto-on-Unsplash-1024x683.jpg 1024w, https:\/\/iletim.istanbul.edu.tr\/wp-content\/uploads\/David-Nieto-on-Unsplash-300x200.jpg 300w, https:\/\/iletim.istanbul.edu.tr\/wp-content\/uploads\/David-Nieto-on-Unsplash-768x512.jpg 768w\" data-expand=\"700\" \/><\/a>\n                <\/div>\n                    <figcaption class='wp-caption-text gallery-caption' id='gallery_1-6652'>\n                    David Nieto on Unsplash\n                    <\/figcaption><\/figure><figure class='gallery-item'>\n                <div class='gallery-icon landscape'>\n                    <a href='https:\/\/iletim.istanbul.edu.tr\/wp-content\/uploads\/ASI-iu_1.jpg'><img loading=\"lazy\" decoding=\"async\" width=\"600\" height=\"338\" src=\"\" class=\"attachment-large size-large lazyload\" alt=\"\" data-src=\"https:\/\/iletim.istanbul.edu.tr\/wp-content\/uploads\/ASI-iu_1.jpg\" data-sizes=\"auto\" data-srcset=\"https:\/\/iletim.istanbul.edu.tr\/wp-content\/uploads\/ASI-iu_1.jpg 600w, https:\/\/iletim.istanbul.edu.tr\/wp-content\/uploads\/ASI-iu_1-300x169.jpg 300w\" data-expand=\"700\" \/><\/a>\n                <\/div><\/figure><br style=\"clear: both\" \/>\n            <\/div>\n\n","protected":false},"excerpt":{"rendered":"<p>\u0130stanbul \u00dcniversitesi Su Bilimleri Fak\u00fcltesi Deniz Biyolojisi Anabilim Dal\u0131\u2019n\u0131n destekledi\u011fi, ACCOBAMS\u2019\u0131n t\u00fcm Akdeniz\u2019deki balina ve yunuslar\u0131n da\u011f\u0131l\u0131m\u0131 ve miktar\u0131n\u0131 ortaya koymay\u0131 hedefleyen uluslararas\u0131 projenin (ASI-ACCOBAMS Survey Initiative) saha \u00e7al\u0131\u015fmalar\u0131 2018 yaz\u0131nda tamamland\u0131.<\/p>\n","protected":false},"author":14,"featured_media":6853,"comment_status":"open","ping_status":"open","sticky":false,"template":"","format":"standard","meta":{"jnews-multi-image_gallery":[],"jnews_single_post":[],"jnews_primary_category":[],"jnews_social_meta":[],"jnews_override_counter":[],"footnotes":""},"categories":[1],"tags":[],"class_list":["post-6647","post","type-post","status-publish","format-standard","has-post-thumbnail","hentry","category-genel"],"_links":{"self":[{"href":"https:\/\/iletim.istanbul.edu.tr\/index.php\/wp-json\/wp\/v2\/posts\/6647","targetHints":{"allow":["GET"]}}],"collection":[{"href":"https:\/\/iletim.istanbul.edu.tr\/index.php\/wp-json\/wp\/v2\/posts"}],"about":[{"href":"https:\/\/iletim.istanbul.edu.tr\/index.php\/wp-json\/wp\/v2\/types\/post"}],"author":[{"embeddable":true,"href":"https:\/\/iletim.istanbul.edu.tr\/index.php\/wp-json\/wp\/v2\/users\/14"}],"replies":[{"embeddable":true,"href":"https:\/\/iletim.istanbul.edu.tr\/index.php\/wp-json\/wp\/v2\/comments?post=6647"}],"version-history":[{"count":0,"href":"https:\/\/iletim.istanbul.edu.tr\/index.php\/wp-json\/wp\/v2\/posts\/6647\/revisions"}],"wp:featuredmedia":[{"embeddable":true,"href":"https:\/\/iletim.istanbul.edu.tr\/index.php\/wp-json\/wp\/v2\/media\/6853"}],"wp:attachment":[{"href":"https:\/\/iletim.istanbul.edu.tr\/index.php\/wp-json\/wp\/v2\/media?parent=6647"}],"wp:term":[{"taxonomy":"category","embeddable":true,"href":"https:\/\/iletim.istanbul.edu.tr\/index.php\/wp-json\/wp\/v2\/categories?post=6647"},{"taxonomy":"post_tag","embeddable":true,"href":"https:\/\/iletim.istanbul.edu.tr\/index.php\/wp-json\/wp\/v2\/tags?post=6647"}],"curies":[{"name":"wp","href":"https:\/\/api.w.org\/{rel}","templated":true}]}}