{"id":6663,"date":"2018-10-18T17:21:35","date_gmt":"2018-10-18T14:21:35","guid":{"rendered":"https:\/\/iletim.istanbul.edu.tr\/?p=6663"},"modified":"2018-10-19T11:57:32","modified_gmt":"2018-10-19T08:57:32","slug":"ekonomi-haberciliginin-dijitale-donusumu","status":"publish","type":"post","link":"https:\/\/iletim.istanbul.edu.tr\/index.php\/2018\/10\/18\/ekonomi-haberciliginin-dijitale-donusumu\/","title":{"rendered":"Ekonomi Habercili\u011finin Dijitale D\u00f6n\u00fc\u015f\u00fcm\u00fc"},"content":{"rendered":"<p><strong>\u00a0<\/strong><strong>Arda ORMANCI<\/strong><\/p>\n<p>\u201cEkonomi Habercili\u011finin Dijitale D\u00f6n\u00fc\u015f\u00fcm\u00fc\u2019\u2019 ba\u015fl\u0131kl\u0131 etkinli\u011fe ekonomi gazetecisi Bar\u0131\u015f Bekar konuk oldu.\u00a0Etkinlik, Dr. \u00d6\u011fr. \u00dcyesi H\u00fclya Semiz T\u00fcrko\u011flu\u2019nun \u2018\u2019\u0130leti\u015fim At\u00f6lyesi\u2019\u2019 dersi kapsam\u0131nda \u0130stanbul \u00dcniversitesi \u0130leti\u015fim Fak\u00fcltesi Cep Sinemas\u0131\u2019nda, 18 Ekim&#8217;de ger\u00e7ekle\u015ftirildi.<\/p>\n<p>\u00d6\u011frencilik y\u0131llar\u0131ndan ve mesle\u011fe giri\u015f s\u00fcrecinden bahseden Bekar, \u201cOkulla gazetecilik yap\u0131lm\u0131yor, sadece bu i\u015fin ehliyetini al\u0131rs\u0131n\u0131z. Gazetecilik i\u00e7in birincisi dil \u00e7ok \u00f6nemli, ikincisi haber kaynaklar\u0131n\u0131n geni\u015fli\u011fi \u00e7ok \u00f6nemli\u201d dedi.<\/p>\n<p><img decoding=\"async\" class=\"alignnone size-large wp-image-6666\" src=\"https:\/\/iletim.istanbul.edu.tr\/wp-content\/uploads\/DSC_3603-1024x680.jpg\" alt=\"\" width=\"702\" height=\"466\" srcset=\"https:\/\/iletim.istanbul.edu.tr\/wp-content\/uploads\/DSC_3603-1024x680.jpg 1024w, https:\/\/iletim.istanbul.edu.tr\/wp-content\/uploads\/DSC_3603-300x199.jpg 300w, https:\/\/iletim.istanbul.edu.tr\/wp-content\/uploads\/DSC_3603-768x510.jpg 768w, https:\/\/iletim.istanbul.edu.tr\/wp-content\/uploads\/DSC_3603.jpg 1716w\" sizes=\"(max-width: 702px) 100vw, 702px\" \/><\/p>\n<p>Bekar, \u0130leti\u015fim Fak\u00fcltesi \u00f6\u011frencilerine kariyer ve sekt\u00f6r\u00fcn genel durumu a\u00e7\u0131s\u0131ndan tavsiyelerde bulunarak \u0130leti\u015fim Fak\u00fcltesi \u00f6\u011frencisi olman\u0131n bir l\u00fcks oldu\u011funu vurgulad\u0131.<\/p>\n<p>Dijital ortam habercili\u011fine de\u011finen Bekar, bu mecrada gazetecilik yapanlar\u0131n b\u00fcy\u00fck sorumluluk \u00fcstlendi\u011fini ifade etti. Bunun yan\u0131 s\u0131ra ekonomi gazetecili\u011fi i\u00e7in yorumlarda bulunan Bekar \u2018\u2019Di\u011fer b\u00f6l\u00fcmlere g\u00f6re daha sorumluluk ister. Ekonomi gazetecili\u011fi bilgi, ara\u015ft\u0131rma ve sorgu gerektirir\u2019\u2019 \u015feklinde konu\u015ftu ve s\u00f6zlerine \u201cBir \u015feyler yapmaya \u00e7al\u0131\u015f\u0131n, olmaya \u00e7al\u0131\u015fmay\u0131n\u201d diyerek son verdi.<\/p>\n<p>Etkinlik sonunda Dr. \u00d6\u011fr. \u00dcyesi H\u00fclya Semiz T\u00fcrko\u011flu, Bar\u0131\u015f Bekar&#8217;a te\u015fekk\u00fcr belgesi takdim etti.<\/p>\n","protected":false},"excerpt":{"rendered":"<p>\u201cEkonomi Habercili\u011finin Dijitale D\u00f6n\u00fc\u015f\u00fcm\u00fc\u2019\u2019 ba\u015fl\u0131kl\u0131 etkinli\u011fe ekonomi gazetecisi Bar\u0131\u015f Bekar konuk oldu.<\/p>\n","protected":false},"author":14,"featured_media":6667,"comment_status":"open","ping_status":"open","sticky":false,"template":"","format":"standard","meta":{"jnews-multi-image_gallery":[],"jnews_single_post":[],"jnews_primary_category":[],"jnews_social_meta":[],"jnews_override_counter":[],"footnotes":""},"categories":[178,31],"tags":[564,565],"class_list":["post-6663","post","type-post","status-publish","format-standard","has-post-thumbnail","hentry","category-fakultemizden","category-teknoloji","tag-baris-bekar","tag-ekonomi-gazeteciligi"],"_links":{"self":[{"href":"https:\/\/iletim.istanbul.edu.tr\/index.php\/wp-json\/wp\/v2\/posts\/6663","targetHints":{"allow":["GET"]}}],"collection":[{"href":"https:\/\/iletim.istanbul.edu.tr\/index.php\/wp-json\/wp\/v2\/posts"}],"about":[{"href":"https:\/\/iletim.istanbul.edu.tr\/index.php\/wp-json\/wp\/v2\/types\/post"}],"author":[{"embeddable":true,"href":"https:\/\/iletim.istanbul.edu.tr\/index.php\/wp-json\/wp\/v2\/users\/14"}],"replies":[{"embeddable":true,"href":"https:\/\/iletim.istanbul.edu.tr\/index.php\/wp-json\/wp\/v2\/comments?post=6663"}],"version-history":[{"count":0,"href":"https:\/\/iletim.istanbul.edu.tr\/index.php\/wp-json\/wp\/v2\/posts\/6663\/revisions"}],"wp:featuredmedia":[{"embeddable":true,"href":"https:\/\/iletim.istanbul.edu.tr\/index.php\/wp-json\/wp\/v2\/media\/6667"}],"wp:attachment":[{"href":"https:\/\/iletim.istanbul.edu.tr\/index.php\/wp-json\/wp\/v2\/media?parent=6663"}],"wp:term":[{"taxonomy":"category","embeddable":true,"href":"https:\/\/iletim.istanbul.edu.tr\/index.php\/wp-json\/wp\/v2\/categories?post=6663"},{"taxonomy":"post_tag","embeddable":true,"href":"https:\/\/iletim.istanbul.edu.tr\/index.php\/wp-json\/wp\/v2\/tags?post=6663"}],"curies":[{"name":"wp","href":"https:\/\/api.w.org\/{rel}","templated":true}]}}