{"id":6745,"date":"2018-10-19T16:15:52","date_gmt":"2018-10-19T13:15:52","guid":{"rendered":"https:\/\/iletim.istanbul.edu.tr\/?p=6745"},"modified":"2018-10-19T16:15:52","modified_gmt":"2018-10-19T13:15:52","slug":"fotografa-sonsuz-bir-ara","status":"publish","type":"post","link":"https:\/\/iletim.istanbul.edu.tr\/index.php\/2018\/10\/19\/fotografa-sonsuz-bir-ara\/","title":{"rendered":"Foto\u011frafa Sonsuz Bir &#8220;ARA&#8221;"},"content":{"rendered":"<p><strong>Haber, Foto\u011fraf: Merve YAPILI<\/strong><\/p>\n<p>William Churchill, \u0130smet \u0130n\u00f6n\u00fc, Alfred Hitchcock, Salvador Dali, Naz\u0131m Hikmet, Picasso, Robert de Niro\u2026 Bu isimlerin bir ortak noktas\u0131 var; Ara G\u00fcler. 91 ya\u015f\u0131ndaki Ara G\u00fcler d\u00fcnyaca \u00fcnl\u00fc isimlerle foto- r\u00f6portaj yapm\u0131\u015f, sava\u015flar\u0131n i\u00e7ine dalm\u0131\u015f, Anadolu\u2019nun en \u00fccra k\u00f6\u015felerinden kareler yakalam\u0131\u015f, eski \u0130stanbul\u2019u foto\u011fraflar\u0131yla belleklerimize kaz\u0131m\u0131\u015f, kendi ismini de d\u00fcnyan\u0131n en iyi foto\u011fraf\u00e7\u0131lar\u0131 aras\u0131na yazd\u0131rmay\u0131 ba\u015farm\u0131\u015f bir isim.<\/p>\n<p>Ara G\u00fcler ile vefat\u0131ndan k\u0131sa bir s\u00fcre \u00f6nce Beyo\u011flu\u2019nda ad\u0131n\u0131 ta\u015f\u0131yan kafede k\u0131sa bir sohbet ger\u00e7ekle\u015ftirme f\u0131rsat\u0131 bulduk. 18 Ekim\u2019de aram\u0131zdan ayr\u0131lan usta foto\u011fraf\u00e7\u0131 ile ger\u00e7ekle\u015ftirdi\u011fimiz sohbeti okuyucular\u0131m\u0131zla bulu\u015fturuyoruz.<\/p>\n<p><img decoding=\"async\" class=\"alignnone size-large wp-image-6749\" src=\"https:\/\/iletim.istanbul.edu.tr\/wp-content\/uploads\/Ara-G\u00fcler-ile-r\u00f6portaj-esnas\u0131nda-2-1024x464.jpg\" alt=\"\" width=\"702\" height=\"318\" srcset=\"https:\/\/iletim.istanbul.edu.tr\/wp-content\/uploads\/Ara-G\u00fcler-ile-r\u00f6portaj-esnas\u0131nda-2-1024x464.jpg 1024w, https:\/\/iletim.istanbul.edu.tr\/wp-content\/uploads\/Ara-G\u00fcler-ile-r\u00f6portaj-esnas\u0131nda-2-300x136.jpg 300w, https:\/\/iletim.istanbul.edu.tr\/wp-content\/uploads\/Ara-G\u00fcler-ile-r\u00f6portaj-esnas\u0131nda-2-768x348.jpg 768w\" sizes=\"(max-width: 702px) 100vw, 702px\" \/><\/p>\n<p><strong>&#8220;Ben Amat\u00f6r Hi\u00e7bir \u015eey Yapmad\u0131m&#8221;<\/strong><\/p>\n<p>Gen\u00e7li\u011finde edebiyata merak salan G\u00fcler, \u201cGarip Bir Y\u0131lba\u015f\u0131 Gecesi\u201d isimli piyesiyle d\u00fcnya \u00e7ap\u0131nda bir \u00f6d\u00fcl kazand\u0131\u011f\u0131n\u0131 belirtti. Ard\u0131ndan konu\u015fmalar\u0131na \u201cBen amat\u00f6r hi\u00e7bir \u015fey yapmad\u0131m. O d\u00f6nem benim liseyi bitirdi\u011fim senedir. Ben \u015fimdi 91 ya\u015f\u0131nday\u0131m, hesap et. Olacak i\u015f de\u011fil yani. Hi\u00e7 kimse benim kadar u\u011fra\u015fmam\u0131\u015ft\u0131r edebiyatla, sanatla&#8230;\u201d \u015feklinde devam etti.<\/p>\n<p><strong>&#8220;Foto\u011fraf Sanat De\u011fildir Fakat Sanata Benzer&#8221;<\/strong><\/p>\n<p>\u00d6mr\u00fcn\u00fc foto-muhabirli\u011fe adam\u0131\u015f olan G\u00fcler, foto\u011fraf sanat\u0131 hakk\u0131ndaki g\u00f6r\u00fc\u015fleriyle dikkat \u00e7ekti. Foto\u011fraf\u0131 sanat olarak g\u00f6rmedi\u011fini s\u00f6yleyen G\u00fcler, \u201cFoto\u011fraf sanat de\u011fildir fakat sanata benzer taraflar\u0131 vard\u0131r. Orada yan\u0131l\u0131yor insanlar. Mesela \u015fimdi doktorlar aras\u0131 foto\u011fraf yar\u0131\u015fmas\u0131 yapars\u0131n. Hepsi ne \u00e7eker? G\u00fcne\u015fin bat\u0131\u015f\u0131n\u0131. Adam\u0131n hayat\u0131nda g\u00fcne\u015f bat\u0131\u015f\u0131ndan ba\u015fka bir \u015fey yok \u00e7\u00fcnk\u00fc. Renkler, o zaman toplan\u0131r. \u0130\u015fte b\u00f6yle bir \u015feydir, senin bunu sanat yapman sa\u00e7mad\u0131r, ay\u0131pt\u0131r. \u00dcretmiyorsun, var olan\u0131 g\u00f6steriyorsun. Neyle g\u00f6steriyorsun? Foto\u011fraf makinesiyle\u201d yorumunda bulundu.<\/p>\n<p><img decoding=\"async\" class=\"alignnone size-large wp-image-6750\" src=\"https:\/\/iletim.istanbul.edu.tr\/wp-content\/uploads\/Ara-G\u00fcler-2-1024x683.jpg\" alt=\"\" width=\"702\" height=\"468\" srcset=\"https:\/\/iletim.istanbul.edu.tr\/wp-content\/uploads\/Ara-G\u00fcler-2-1024x683.jpg 1024w, https:\/\/iletim.istanbul.edu.tr\/wp-content\/uploads\/Ara-G\u00fcler-2-300x200.jpg 300w, https:\/\/iletim.istanbul.edu.tr\/wp-content\/uploads\/Ara-G\u00fcler-2-768x512.jpg 768w\" sizes=\"(max-width: 702px) 100vw, 702px\" \/><\/p>\n<p><strong>\u201cBir Puf Sesidir Ya\u015famak\u201d<\/strong><\/p>\n<p>Daha \u00f6nce 4 ayr\u0131 sava\u015fta foto-muhabiri olarak g\u00f6rev ald\u0131\u011f\u0131n\u0131 s\u00f6yleyen G\u00fcler, \u201c4 kere harbe gittim ben. \u00d6tekiler gibi gidip de manken \u00e7ekmiyorum. Orada komutan dedi\u011fim de 20 ya\u015f\u0131nda bir gen\u00e7tir, \u00e7ocuktur yani. 20 ya\u015f\u0131ndaki k\u0131zlar, ellerinde kala\u015fnikof t\u00fcfekler, d\u00fc\u015fman bekliyorlar. 3 saat sonra \u00f6lecek, vurulacak, bir \u015fey olacak. Hik\u00e2ye bundan ibarettir. Bir puf sesidir ya\u015famak\u201d \u015feklinde s\u00f6zlerine devam etti.<\/p>\n<p><strong>\u201cArt\u0131k Foto\u011fraf \u00c7ekmek \u0130\u00e7in Kompozisyon Bulmak \u00c7ok Zor\u201d<\/strong><\/p>\n<p>Son olarak foto\u011fraf tutkusundan bahseden Ara G\u00fcler, ba\u015far\u0131s\u0131n\u0131n sebebini hem ki\u015fisel geli\u015fime hem de eski ya\u015fam k\u00fclt\u00fcr\u00fcne ba\u011flad\u0131. \u201cBen \u00e7ocuklu\u011fumdan beri \u0130stanbul foto\u011fraf\u0131 \u00e7ekerim. Eskiden mahalle vard\u0131, manav vard\u0131, insanlar vard\u0131. \u015eimdi her yerde otomobiller var, otopark\u00e7\u0131lar var. Art\u0131k foto\u011fraf \u00e7ekmek i\u00e7in kompozisyon bulmak \u00e7ok zor\u201d s\u00f6zleriyle konu\u015fmas\u0131na son verdi.<\/p>\n<p><img decoding=\"async\" class=\"alignnone size-large wp-image-6748\" src=\"https:\/\/iletim.istanbul.edu.tr\/wp-content\/uploads\/Ara-G\u00fcler-3-1024x683.jpg\" alt=\"\" width=\"702\" height=\"468\" srcset=\"https:\/\/iletim.istanbul.edu.tr\/wp-content\/uploads\/Ara-G\u00fcler-3-1024x683.jpg 1024w, https:\/\/iletim.istanbul.edu.tr\/wp-content\/uploads\/Ara-G\u00fcler-3-300x200.jpg 300w, https:\/\/iletim.istanbul.edu.tr\/wp-content\/uploads\/Ara-G\u00fcler-3-768x512.jpg 768w\" sizes=\"(max-width: 702px) 100vw, 702px\" \/><\/p>\n<p><em>Usta Foto\u011fraf\u00e7\u0131 Ara G\u00fcler&#8217;i sayg\u0131, sevgi ve minnetle an\u0131yoruz&#8230;<\/em><\/p>\n","protected":false},"excerpt":{"rendered":"<p>Haber, Foto\u011fraf: Merve YAPILI William Churchill, \u0130smet \u0130n\u00f6n\u00fc, Alfred Hitchcock, Salvador Dali, Naz\u0131m Hikmet, Picasso, Robert de Niro\u2026 Bu isimlerin bir ortak noktas\u0131 var; Ara G\u00fcler. 91 ya\u015f\u0131ndaki Ara G\u00fcler d\u00fcnyaca \u00fcnl\u00fc isimlerle foto- r\u00f6portaj yapm\u0131\u015f, sava\u015flar\u0131n i\u00e7ine dalm\u0131\u015f, Anadolu\u2019nun en \u00fccra k\u00f6\u015felerinden kareler yakalam\u0131\u015f, eski \u0130stanbul\u2019u foto\u011fraflar\u0131yla belleklerimize kaz\u0131m\u0131\u015f, kendi ismini de d\u00fcnyan\u0131n en [&hellip;]<\/p>\n","protected":false},"author":14,"featured_media":6746,"comment_status":"open","ping_status":"open","sticky":false,"template":"","format":"standard","meta":{"jnews-multi-image_gallery":[],"jnews_single_post":[],"jnews_primary_category":[],"jnews_social_meta":[],"jnews_override_counter":[],"footnotes":""},"categories":[1],"tags":[],"class_list":["post-6745","post","type-post","status-publish","format-standard","has-post-thumbnail","hentry","category-genel"],"_links":{"self":[{"href":"https:\/\/iletim.istanbul.edu.tr\/index.php\/wp-json\/wp\/v2\/posts\/6745","targetHints":{"allow":["GET"]}}],"collection":[{"href":"https:\/\/iletim.istanbul.edu.tr\/index.php\/wp-json\/wp\/v2\/posts"}],"about":[{"href":"https:\/\/iletim.istanbul.edu.tr\/index.php\/wp-json\/wp\/v2\/types\/post"}],"author":[{"embeddable":true,"href":"https:\/\/iletim.istanbul.edu.tr\/index.php\/wp-json\/wp\/v2\/users\/14"}],"replies":[{"embeddable":true,"href":"https:\/\/iletim.istanbul.edu.tr\/index.php\/wp-json\/wp\/v2\/comments?post=6745"}],"version-history":[{"count":0,"href":"https:\/\/iletim.istanbul.edu.tr\/index.php\/wp-json\/wp\/v2\/posts\/6745\/revisions"}],"wp:featuredmedia":[{"embeddable":true,"href":"https:\/\/iletim.istanbul.edu.tr\/index.php\/wp-json\/wp\/v2\/media\/6746"}],"wp:attachment":[{"href":"https:\/\/iletim.istanbul.edu.tr\/index.php\/wp-json\/wp\/v2\/media?parent=6745"}],"wp:term":[{"taxonomy":"category","embeddable":true,"href":"https:\/\/iletim.istanbul.edu.tr\/index.php\/wp-json\/wp\/v2\/categories?post=6745"},{"taxonomy":"post_tag","embeddable":true,"href":"https:\/\/iletim.istanbul.edu.tr\/index.php\/wp-json\/wp\/v2\/tags?post=6745"}],"curies":[{"name":"wp","href":"https:\/\/api.w.org\/{rel}","templated":true}]}}