{"id":6781,"date":"2018-10-24T14:56:04","date_gmt":"2018-10-24T11:56:04","guid":{"rendered":"https:\/\/iletim.istanbul.edu.tr\/?p=6781"},"modified":"2018-10-26T12:09:28","modified_gmt":"2018-10-26T09:09:28","slug":"habercilikte-ozgunluk-basariya-goturur","status":"publish","type":"post","link":"https:\/\/iletim.istanbul.edu.tr\/index.php\/2018\/10\/24\/habercilikte-ozgunluk-basariya-goturur\/","title":{"rendered":"&#8220;Habercilikte \u00d6zg\u00fcnl\u00fck Ba\u015far\u0131ya G\u00f6t\u00fcr\u00fcr&#8221;"},"content":{"rendered":"<p><strong>Ya\u011fmur Ceren KURAL, Beg\u00fcm DEM\u0130R<br \/>\n<strong>Foto\u011fraf: H\u00fcseyin ESK\u0130N\u00a0 <\/strong><\/strong><\/p>\n<p>Televizyon muhabirli\u011fi ve habercilik deneyimlerini aktarmak \u00fczere, \u0130leti\u015fim Fak\u00fcltesi Gazetecilik B\u00f6l\u00fcm\u00fc Dr. \u00d6\u011fr. \u00dcyesi H\u00fclya Semiz T\u00fcrko\u011flu\u2019nun \u0130leti\u015fim At\u00f6lyesi dersine Osman Terkan konuk oldu.<\/p>\n<p>Konu\u015fmaya kendini tan\u0131tarak ba\u015flayan Terkan, 15 y\u0131ll\u0131k mesleki tecr\u00fcbelerini \u00f6\u011frencilerle payla\u015ft\u0131. Kariyerine Kanal D\u2019nin Arena program\u0131nda stajyerlikle ba\u015flad\u0131\u011f\u0131n\u0131 kaydeden Terkan, \u201cBenim i\u00e7in \u00e7ok \u00f6nemli bir d\u00f6n\u00fcm noktas\u0131yd\u0131. Kariyerimin \u00e7izildi\u011fi and\u0131. Uzun vadede bana d\u00f6n\u00fc\u015f\u00fc \u00e7ok verimli oldu. \u0130nsanlarla daha yak\u0131n ili\u015fki kurdum. Bu kurdu\u011fum ileti\u015fim sayesinde de o insanlar bana meslekle ilgili bilgileri anlatt\u0131lar. Sizin ileti\u015fim kurup o bilgiyi alman\u0131z gerekiyor\u201d dedi.\u00a02006 y\u0131l\u0131nda Kanal 1\u2019de Muhabir adl\u0131 programda yer ald\u0131\u011f\u0131n\u0131 belirten Terkan, sonras\u0131nda 2017\u2019ye kadar Star TV\u2019de muhabir oldu\u011funu aktard\u0131.<\/p>\n<p>\u201c<strong>Uzmanla\u015fm\u0131\u015f Alanlar\u0131n\u0131z\u0131n Olmas\u0131 Gerekiyor\u201d<\/strong><\/p>\n<p>Terkan, uzmanla\u015ft\u0131k\u00e7a uzmanl\u0131\u011f\u0131 kullanacak alanlar\u0131n k\u0131s\u0131tland\u0131\u011f\u0131n\u0131 ifade ederek, \u201cMuhabirlik art\u0131k mikrofon tutuculu\u011funa d\u00f6n\u00fc\u015ft\u00fc. Bug\u00fcn art\u0131k herkes muhabir olabiliyor. Hi\u00e7bir yetkinli\u011fe ihtiya\u00e7 yok. \u0130\u015fi i\u015fte \u00f6\u011freniyor insanlar. Farkl\u0131 b\u00f6l\u00fcmlerden mezun ki\u015filer de bizim sekt\u00f6r\u00fcm\u00fczde. Rakibimiz \u00e7ok. Bu kadar \u0130leti\u015fim Fak\u00fcltesi mezunu i\u015f bulamazken, \u00f6ncelik \u0130leti\u015fim Fak\u00fcltesi mezunlar\u0131nda olmal\u0131 sekt\u00f6r\u00fcm\u00fczde&#8221; \u015feklinde konu\u015ftu.<\/p>\n<p>Haber yazman\u0131n bir\u00e7ok y\u00f6nteminin oldu\u011funu vurgulayan Terkan, \u201cHabercilikte do\u011fall\u0131\u011f\u0131n ve \u00f6zg\u00fcnl\u00fc\u011f\u00fcn insan\u0131 ba\u015far\u0131ya g\u00f6t\u00fcrd\u00fc\u011f\u00fcn\u00fc g\u00f6rd\u00fcm. Kli\u015fe c\u00fcmleler, ezber habercili\u011fi sizi di\u011ferlerinden farkl\u0131 k\u0131lmaz. Kesinlikle uzmanla\u015fm\u0131\u015f alanlar\u0131n\u0131z\u0131n olmas\u0131 gerekiyor. Eskiden muhabirlerin uzmanl\u0131k alanlar\u0131 vard\u0131. \u015eimdi patronlar\u0131n tasarrufa gitmelerinden dolay\u0131 joker muhabircilik ortaya \u00e7\u0131kt\u0131\u201d dedi.<\/p>\n<p>Mesle\u011finin ilk zamanlar\u0131nda yapt\u0131\u011f\u0131 haberlerden \u00e7ok etkilendi\u011fini aktaran Terkan, \u201cTecr\u00fcbe edindik\u00e7e bunu bir i\u015f olarak g\u00f6rmeye ba\u015flad\u0131m. Kamera kar\u015f\u0131s\u0131nda konu\u015fmak zamanla a\u015f\u0131lacak bir \u015fey. Kamera kar\u015f\u0131s\u0131nda hala heyecanlan\u0131yorum. Bu heyecan\u0131 duymak sizi daha din\u00e7 ve yarat\u0131c\u0131 k\u0131l\u0131yor. O zaman fark yaratabiliyorsun zaten\u201d ifadelerini kulland\u0131.\u00a0Terkan, haberden habere dilin farkl\u0131la\u015ft\u0131\u011f\u0131n\u0131 dile getirerek, haber reytinginin \u00f6l\u00e7\u00fclmeye ba\u015flad\u0131\u011f\u0131n\u0131 s\u00f6yledi. Terkan, ulusal kanallarda yay\u0131nlanan haber b\u00fcltenlerinin zamanla yerini tematik haber kanallar\u0131na b\u0131rakaca\u011f\u0131n\u0131 ifade etti.<\/p>\n<p>\u00d6\u011frencilerden gelen sorular\u0131n cevapland\u0131r\u0131lmas\u0131 ard\u0131ndan etkinlik sona erdi.\u00a0Etkinlik sonunda Dr. \u00d6\u011fr. \u00dcyesi H\u00fclya Semiz T\u00fcrko\u011flu, Osman Terkan\u2019a te\u015fekk\u00fcr belgesi takdim etti. Terkan, s\u00f6yle\u015fi sonras\u0131 \u0130letim Gazetesi&#8217;ni ziyaret ederek, \u00e7al\u0131\u015fmalar hakk\u0131nda bilgi ald\u0131.<\/p>\n<div id='gallery_1' class='gallery galleryid-6781 gallery-columns-4 gallery-size-full'><figure class='gallery-item'>\n                <div class='gallery-icon landscape'>\n                    <a href='https:\/\/iletim.istanbul.edu.tr\/wp-content\/uploads\/BHM_9734.jpg'><img loading=\"lazy\" decoding=\"async\" width=\"4288\" height=\"2848\" src=\"\" class=\"attachment-full size-full lazyload\" alt=\"\" data-src=\"https:\/\/iletim.istanbul.edu.tr\/wp-content\/uploads\/BHM_9734.jpg\" data-sizes=\"auto\" data-srcset=\"https:\/\/iletim.istanbul.edu.tr\/wp-content\/uploads\/BHM_9734.jpg 4288w, https:\/\/iletim.istanbul.edu.tr\/wp-content\/uploads\/BHM_9734-300x199.jpg 300w, https:\/\/iletim.istanbul.edu.tr\/wp-content\/uploads\/BHM_9734-768x510.jpg 768w, https:\/\/iletim.istanbul.edu.tr\/wp-content\/uploads\/BHM_9734-1024x680.jpg 1024w\" data-expand=\"700\" \/><\/a>\n                <\/div><\/figure><figure class='gallery-item'>\n                <div class='gallery-icon landscape'>\n                    <a href='https:\/\/iletim.istanbul.edu.tr\/wp-content\/uploads\/BHM_9737.jpg'><img loading=\"lazy\" decoding=\"async\" width=\"4288\" height=\"2848\" src=\"\" class=\"attachment-full size-full lazyload\" alt=\"\" data-src=\"https:\/\/iletim.istanbul.edu.tr\/wp-content\/uploads\/BHM_9737.jpg\" data-sizes=\"auto\" data-srcset=\"https:\/\/iletim.istanbul.edu.tr\/wp-content\/uploads\/BHM_9737.jpg 4288w, https:\/\/iletim.istanbul.edu.tr\/wp-content\/uploads\/BHM_9737-300x199.jpg 300w, https:\/\/iletim.istanbul.edu.tr\/wp-content\/uploads\/BHM_9737-768x510.jpg 768w, https:\/\/iletim.istanbul.edu.tr\/wp-content\/uploads\/BHM_9737-1024x680.jpg 1024w\" data-expand=\"700\" \/><\/a>\n                <\/div><\/figure><figure class='gallery-item'>\n                <div class='gallery-icon landscape'>\n                    <a href='https:\/\/iletim.istanbul.edu.tr\/wp-content\/uploads\/BHM_9738.jpg'><img loading=\"lazy\" decoding=\"async\" width=\"4288\" height=\"2848\" src=\"\" class=\"attachment-full size-full lazyload\" alt=\"\" data-src=\"https:\/\/iletim.istanbul.edu.tr\/wp-content\/uploads\/BHM_9738.jpg\" data-sizes=\"auto\" data-srcset=\"https:\/\/iletim.istanbul.edu.tr\/wp-content\/uploads\/BHM_9738.jpg 4288w, https:\/\/iletim.istanbul.edu.tr\/wp-content\/uploads\/BHM_9738-300x199.jpg 300w, https:\/\/iletim.istanbul.edu.tr\/wp-content\/uploads\/BHM_9738-768x510.jpg 768w, https:\/\/iletim.istanbul.edu.tr\/wp-content\/uploads\/BHM_9738-1024x680.jpg 1024w\" data-expand=\"700\" \/><\/a>\n                <\/div><\/figure><figure class='gallery-item'>\n                <div class='gallery-icon landscape'>\n                    <a href='https:\/\/iletim.istanbul.edu.tr\/wp-content\/uploads\/BHM_9752.jpg'><img loading=\"lazy\" decoding=\"async\" width=\"4288\" height=\"2848\" src=\"\" class=\"attachment-full size-full lazyload\" alt=\"\" data-src=\"https:\/\/iletim.istanbul.edu.tr\/wp-content\/uploads\/BHM_9752.jpg\" data-sizes=\"auto\" data-srcset=\"https:\/\/iletim.istanbul.edu.tr\/wp-content\/uploads\/BHM_9752.jpg 4288w, https:\/\/iletim.istanbul.edu.tr\/wp-content\/uploads\/BHM_9752-300x199.jpg 300w, https:\/\/iletim.istanbul.edu.tr\/wp-content\/uploads\/BHM_9752-768x510.jpg 768w, https:\/\/iletim.istanbul.edu.tr\/wp-content\/uploads\/BHM_9752-1024x680.jpg 1024w\" data-expand=\"700\" \/><\/a>\n                <\/div><\/figure><br style=\"clear: both\" \/><figure class='gallery-item'>\n                <div class='gallery-icon landscape'>\n                    <a href='https:\/\/iletim.istanbul.edu.tr\/wp-content\/uploads\/BHM_9758.jpg'><img loading=\"lazy\" decoding=\"async\" width=\"4288\" height=\"2848\" src=\"\" class=\"attachment-full size-full lazyload\" alt=\"\" data-src=\"https:\/\/iletim.istanbul.edu.tr\/wp-content\/uploads\/BHM_9758.jpg\" data-sizes=\"auto\" data-srcset=\"https:\/\/iletim.istanbul.edu.tr\/wp-content\/uploads\/BHM_9758.jpg 4288w, https:\/\/iletim.istanbul.edu.tr\/wp-content\/uploads\/BHM_9758-300x199.jpg 300w, https:\/\/iletim.istanbul.edu.tr\/wp-content\/uploads\/BHM_9758-768x510.jpg 768w, https:\/\/iletim.istanbul.edu.tr\/wp-content\/uploads\/BHM_9758-1024x680.jpg 1024w\" data-expand=\"700\" \/><\/a>\n                <\/div><\/figure><figure class='gallery-item'>\n                <div class='gallery-icon landscape'>\n                    <a href='https:\/\/iletim.istanbul.edu.tr\/wp-content\/uploads\/9f2ed2c7-1c03-4cc6-aed9-ab761bd08fbf.jpg'><img loading=\"lazy\" decoding=\"async\" width=\"1600\" height=\"1062\" src=\"\" class=\"attachment-full size-full lazyload\" alt=\"\" data-src=\"https:\/\/iletim.istanbul.edu.tr\/wp-content\/uploads\/9f2ed2c7-1c03-4cc6-aed9-ab761bd08fbf.jpg\" data-sizes=\"auto\" data-srcset=\"https:\/\/iletim.istanbul.edu.tr\/wp-content\/uploads\/9f2ed2c7-1c03-4cc6-aed9-ab761bd08fbf.jpg 1600w, https:\/\/iletim.istanbul.edu.tr\/wp-content\/uploads\/9f2ed2c7-1c03-4cc6-aed9-ab761bd08fbf-300x199.jpg 300w, https:\/\/iletim.istanbul.edu.tr\/wp-content\/uploads\/9f2ed2c7-1c03-4cc6-aed9-ab761bd08fbf-768x510.jpg 768w, https:\/\/iletim.istanbul.edu.tr\/wp-content\/uploads\/9f2ed2c7-1c03-4cc6-aed9-ab761bd08fbf-1024x680.jpg 1024w\" data-expand=\"700\" \/><\/a>\n                <\/div><\/figure><figure class='gallery-item'>\n                <div class='gallery-icon landscape'>\n                    <a href='https:\/\/iletim.istanbul.edu.tr\/wp-content\/uploads\/97364c46-96d4-41c2-9287-07caeb7de479.jpg'><img loading=\"lazy\" decoding=\"async\" width=\"1600\" height=\"1062\" src=\"\" class=\"attachment-full size-full lazyload\" alt=\"\" data-src=\"https:\/\/iletim.istanbul.edu.tr\/wp-content\/uploads\/97364c46-96d4-41c2-9287-07caeb7de479.jpg\" data-sizes=\"auto\" data-srcset=\"https:\/\/iletim.istanbul.edu.tr\/wp-content\/uploads\/97364c46-96d4-41c2-9287-07caeb7de479.jpg 1600w, https:\/\/iletim.istanbul.edu.tr\/wp-content\/uploads\/97364c46-96d4-41c2-9287-07caeb7de479-300x199.jpg 300w, https:\/\/iletim.istanbul.edu.tr\/wp-content\/uploads\/97364c46-96d4-41c2-9287-07caeb7de479-768x510.jpg 768w, https:\/\/iletim.istanbul.edu.tr\/wp-content\/uploads\/97364c46-96d4-41c2-9287-07caeb7de479-1024x680.jpg 1024w\" data-expand=\"700\" \/><\/a>\n                <\/div><\/figure>\n                <br style='clear: both' \/>\n            <\/div>\n\n","protected":false},"excerpt":{"rendered":"<p>&#8220;Televizyon Muhabirli\u011fi ve Habercilik&#8221; deneyimlerini aktarmak \u00fczere, \u0130leti\u015fim Fak\u00fcltesi Gazetecilik B\u00f6l\u00fcm\u00fc Dr. \u00d6\u011fr. \u00dcyesi H\u00fclya Semiz T\u00fcrko\u011flu\u2019nun \u0130leti\u015fim At\u00f6lyesi dersine Osman Terkan konuk oldu.<\/p>\n","protected":false},"author":14,"featured_media":6794,"comment_status":"open","ping_status":"open","sticky":false,"template":"","format":"standard","meta":{"jnews-multi-image_gallery":[],"jnews_single_post":[],"jnews_primary_category":[],"jnews_social_meta":[],"jnews_override_counter":[],"footnotes":""},"categories":[178,31],"tags":[574,573],"class_list":["post-6781","post","type-post","status-publish","format-standard","has-post-thumbnail","hentry","category-fakultemizden","category-teknoloji","tag-muhabir","tag-osman-terkan"],"_links":{"self":[{"href":"https:\/\/iletim.istanbul.edu.tr\/index.php\/wp-json\/wp\/v2\/posts\/6781","targetHints":{"allow":["GET"]}}],"collection":[{"href":"https:\/\/iletim.istanbul.edu.tr\/index.php\/wp-json\/wp\/v2\/posts"}],"about":[{"href":"https:\/\/iletim.istanbul.edu.tr\/index.php\/wp-json\/wp\/v2\/types\/post"}],"author":[{"embeddable":true,"href":"https:\/\/iletim.istanbul.edu.tr\/index.php\/wp-json\/wp\/v2\/users\/14"}],"replies":[{"embeddable":true,"href":"https:\/\/iletim.istanbul.edu.tr\/index.php\/wp-json\/wp\/v2\/comments?post=6781"}],"version-history":[{"count":0,"href":"https:\/\/iletim.istanbul.edu.tr\/index.php\/wp-json\/wp\/v2\/posts\/6781\/revisions"}],"wp:featuredmedia":[{"embeddable":true,"href":"https:\/\/iletim.istanbul.edu.tr\/index.php\/wp-json\/wp\/v2\/media\/6794"}],"wp:attachment":[{"href":"https:\/\/iletim.istanbul.edu.tr\/index.php\/wp-json\/wp\/v2\/media?parent=6781"}],"wp:term":[{"taxonomy":"category","embeddable":true,"href":"https:\/\/iletim.istanbul.edu.tr\/index.php\/wp-json\/wp\/v2\/categories?post=6781"},{"taxonomy":"post_tag","embeddable":true,"href":"https:\/\/iletim.istanbul.edu.tr\/index.php\/wp-json\/wp\/v2\/tags?post=6781"}],"curies":[{"name":"wp","href":"https:\/\/api.w.org\/{rel}","templated":true}]}}