{"id":6802,"date":"2018-10-26T13:11:55","date_gmt":"2018-10-26T10:11:55","guid":{"rendered":"https:\/\/iletim.istanbul.edu.tr\/?p=6802"},"modified":"2018-10-26T15:42:16","modified_gmt":"2018-10-26T12:42:16","slug":"saglik-haberciligi-onemli-ve-zengin-bir-alan","status":"publish","type":"post","link":"https:\/\/iletim.istanbul.edu.tr\/index.php\/2018\/10\/26\/saglik-haberciligi-onemli-ve-zengin-bir-alan\/","title":{"rendered":"\u201cSa\u011fl\u0131k Habercili\u011fi \u00d6nemli ve Zengin Bir Alan\u201d"},"content":{"rendered":"<p><strong>Halil SA\u00c7<\/strong><br \/>\n<strong>Foto\u011fraf- Celil KUR\u015eUN<\/strong><\/p>\n<p>H\u00fcrriyet Gazetesi Uzman Sa\u011fl\u0131k Muhabiri Mesude Er\u015fan, Prof. Dr. Hakan Karpuz\u2019un Sa\u011fl\u0131k Gazetecili\u011fi dersi kapsam\u0131nda \u0130leti\u015fim Fak\u00fcltesi\u2019ne konuk oldu. Er\u015fan, \u00f6rnek haberler \u00fczerinden sa\u011fl\u0131k habercili\u011fi \u00fczerine bilgiler verip, deneyimlerini aktard\u0131.<\/p>\n<p>\u0130leti\u015fim Fak\u00fcltesi mezunu ve \u0130letim gazetesi eski \u00e7al\u0131\u015fan\u0131 Mesude Er\u015fan, sa\u011fl\u0131k gazetecili\u011finin kaynaklar\u0131, ortaya \u00e7\u0131k\u0131\u015f s\u00fcreci, do\u011fru kaynak se\u00e7imi gibi konularda bilgi ve deneyimlerini aktard\u0131.<\/p>\n<p>Sa\u011fl\u0131\u011f\u0131n herkesi ilgilendiren bir konu oldu\u011funu ve bir\u00e7ok zengin alandan beslendi\u011fini belirten Er\u015fan, \u201cSa\u011fl\u0131k habercili\u011fi \u00f6nemli ve zengin bir alan. Sa\u011fl\u0131k haberleri bazen haber kaynaklar\u0131n\u0131n gazeteciye ula\u015fmas\u0131yla ortaya \u00e7\u0131k\u0131yor ancak temelde gazetecinin haber konusunu buldu\u011fu bir alan. Sa\u011fl\u0131k haberlerinin kaynaklar\u0131na bakacak olursak, ba\u015fta sa\u011fl\u0131k kurumlar\u0131 ve doktorlar yer al\u0131yor. Bunlar\u0131n d\u0131\u015f\u0131nda, hasta dernekleri, sa\u011fl\u0131k kongre ve toplant\u0131lar\u0131 gibi yerlerden haber konusu \u00e7\u0131kabiliyor. Bunlar\u0131n d\u0131\u015f\u0131nda e\u015f-dost sohbetlerinde kula\u011f\u0131n\u0131za gelen bir konu da haber olabilmekte\u201d dedi.<\/p>\n<p>Sa\u011fl\u0131k haberinin ortaya \u00e7\u0131k\u0131\u015f a\u015famalar\u0131n\u0131 anlatan Er\u015fan, \u201cMuhabir konu se\u00e7imini yapar, haberini yazar ve yaz\u0131 i\u015flerine g\u00f6nderilir. Haber yaz\u0131 i\u015fleri toplant\u0131s\u0131nda de\u011ferlendirilir ve haberin yay\u0131nlanmas\u0131na karar verilirse ilgili sayfaya y\u00f6nlendirilir\u201d ifadelerine yer verdi.<\/p>\n<p><strong>\u201cDeneyim ve Uzmanl\u0131k Manip\u00fclasyonlar\u0131 \u00d6nleyebilir\u201d<\/strong><\/p>\n<p>Kaynak se\u00e7iminin \u00f6nemine vurgu yapan Er\u015fan, \u201cKayna\u011f\u0131n \u00e7e\u015fitli unvanlara sahip olmas\u0131 her ko\u015fulda do\u011fru bilgi verece\u011fi anlam\u0131na gelmiyor. Do\u011fru kaynak se\u00e7imi, gazeteci i\u00e7in hayati \u00f6neme sahiptir. Gazeteci, kaynaktan gelebilecek manip\u00fclasyonlar\u0131 deneyim ve uzmanl\u0131\u011f\u0131 ile \u00f6nleyebilir\u201d s\u00f6zlerini sarf etti.<\/p>\n<p>Er\u015fan, her yeni ila\u00e7, y\u00f6ntem ve aletin iyi olmad\u0131\u011f\u0131n\u0131n \u00fczerinde durup, \u201cEtkinli\u011fi kan\u0131tlanmam\u0131\u015f y\u00f6ntem, tedavi, ila\u00e7 gibi konular\u0131 haber yapmamak laz\u0131m\u201d dedi.<\/p>\n<p>Ders, \u00f6\u011frencilerden gelen sorular\u0131n cevaplanmas\u0131yla son buldu.<\/p>\n<div id='gallery_1' class='gallery galleryid-6802 gallery-columns-5 gallery-size-large'><figure class='gallery-item'>\n                <div class='gallery-icon landscape'>\n                    <a href='https:\/\/iletim.istanbul.edu.tr\/wp-content\/uploads\/DSC_0268.jpg'><img loading=\"lazy\" decoding=\"async\" width=\"1024\" height=\"680\" src=\"\" class=\"attachment-large size-large lazyload\" alt=\"\" data-src=\"https:\/\/iletim.istanbul.edu.tr\/wp-content\/uploads\/DSC_0268-1024x680.jpg\" data-sizes=\"auto\" data-srcset=\"https:\/\/iletim.istanbul.edu.tr\/wp-content\/uploads\/DSC_0268-1024x680.jpg 1024w, https:\/\/iletim.istanbul.edu.tr\/wp-content\/uploads\/DSC_0268-300x199.jpg 300w, https:\/\/iletim.istanbul.edu.tr\/wp-content\/uploads\/DSC_0268-768x510.jpg 768w\" data-expand=\"700\" \/><\/a>\n                <\/div><\/figure><figure class='gallery-item'>\n                <div class='gallery-icon landscape'>\n                    <a href='https:\/\/iletim.istanbul.edu.tr\/wp-content\/uploads\/DSC_0283.jpg'><img loading=\"lazy\" decoding=\"async\" width=\"1024\" height=\"733\" src=\"\" class=\"attachment-large size-large lazyload\" alt=\"\" data-src=\"https:\/\/iletim.istanbul.edu.tr\/wp-content\/uploads\/DSC_0283-1024x733.jpg\" data-sizes=\"auto\" data-srcset=\"https:\/\/iletim.istanbul.edu.tr\/wp-content\/uploads\/DSC_0283-1024x733.jpg 1024w, https:\/\/iletim.istanbul.edu.tr\/wp-content\/uploads\/DSC_0283-300x215.jpg 300w, https:\/\/iletim.istanbul.edu.tr\/wp-content\/uploads\/DSC_0283-768x550.jpg 768w, https:\/\/iletim.istanbul.edu.tr\/wp-content\/uploads\/DSC_0283-269x192.jpg 269w\" data-expand=\"700\" \/><\/a>\n                <\/div><\/figure><figure class='gallery-item'>\n                <div class='gallery-icon landscape'>\n                    <a href='https:\/\/iletim.istanbul.edu.tr\/wp-content\/uploads\/DSC_0287.jpg'><img loading=\"lazy\" decoding=\"async\" width=\"1024\" height=\"512\" src=\"\" class=\"attachment-large size-large lazyload\" alt=\"\" data-src=\"https:\/\/iletim.istanbul.edu.tr\/wp-content\/uploads\/DSC_0287-1024x512.jpg\" data-sizes=\"auto\" data-srcset=\"https:\/\/iletim.istanbul.edu.tr\/wp-content\/uploads\/DSC_0287-1024x512.jpg 1024w, https:\/\/iletim.istanbul.edu.tr\/wp-content\/uploads\/DSC_0287-300x150.jpg 300w, https:\/\/iletim.istanbul.edu.tr\/wp-content\/uploads\/DSC_0287-768x384.jpg 768w, https:\/\/iletim.istanbul.edu.tr\/wp-content\/uploads\/DSC_0287-164x82.jpg 164w\" data-expand=\"700\" \/><\/a>\n                <\/div><\/figure><figure class='gallery-item'>\n                <div class='gallery-icon landscape'>\n                    <a href='https:\/\/iletim.istanbul.edu.tr\/wp-content\/uploads\/DSC_0296.jpg'><img loading=\"lazy\" decoding=\"async\" width=\"1024\" height=\"812\" src=\"\" class=\"attachment-large size-large lazyload\" alt=\"\" data-src=\"https:\/\/iletim.istanbul.edu.tr\/wp-content\/uploads\/DSC_0296-1024x812.jpg\" data-sizes=\"auto\" data-srcset=\"https:\/\/iletim.istanbul.edu.tr\/wp-content\/uploads\/DSC_0296-1024x812.jpg 1024w, https:\/\/iletim.istanbul.edu.tr\/wp-content\/uploads\/DSC_0296-300x238.jpg 300w, https:\/\/iletim.istanbul.edu.tr\/wp-content\/uploads\/DSC_0296-768x609.jpg 768w\" data-expand=\"700\" \/><\/a>\n                <\/div><\/figure><figure class='gallery-item'>\n                <div class='gallery-icon landscape'>\n                    <a href='https:\/\/iletim.istanbul.edu.tr\/wp-content\/uploads\/DSC_0277.jpg'><img loading=\"lazy\" decoding=\"async\" width=\"1024\" height=\"770\" src=\"\" class=\"attachment-large size-large lazyload\" alt=\"\" data-src=\"https:\/\/iletim.istanbul.edu.tr\/wp-content\/uploads\/DSC_0277-1024x770.jpg\" data-sizes=\"auto\" data-srcset=\"https:\/\/iletim.istanbul.edu.tr\/wp-content\/uploads\/DSC_0277-1024x770.jpg 1024w, https:\/\/iletim.istanbul.edu.tr\/wp-content\/uploads\/DSC_0277-300x226.jpg 300w, https:\/\/iletim.istanbul.edu.tr\/wp-content\/uploads\/DSC_0277-768x578.jpg 768w\" data-expand=\"700\" \/><\/a>\n                <\/div><\/figure><br style=\"clear: both\" \/>\n            <\/div>\n\n","protected":false},"excerpt":{"rendered":"<p>Halil SA\u00c7 Foto\u011fraf- Celil KUR\u015eUN H\u00fcrriyet Gazetesi Uzman Sa\u011fl\u0131k Muhabiri Mesude Er\u015fan, Prof. Dr. Hakan Karpuz\u2019un Sa\u011fl\u0131k Gazetecili\u011fi dersi kapsam\u0131nda \u0130leti\u015fim Fak\u00fcltesi\u2019ne konuk oldu. Er\u015fan, \u00f6rnek haberler \u00fczerinden sa\u011fl\u0131k habercili\u011fi \u00fczerine bilgiler verip, deneyimlerini aktard\u0131. \u0130leti\u015fim Fak\u00fcltesi mezunu ve \u0130letim gazetesi eski \u00e7al\u0131\u015fan\u0131 Mesude Er\u015fan, sa\u011fl\u0131k gazetecili\u011finin kaynaklar\u0131, ortaya \u00e7\u0131k\u0131\u015f s\u00fcreci, do\u011fru kaynak se\u00e7imi gibi [&hellip;]<\/p>\n","protected":false},"author":14,"featured_media":6841,"comment_status":"open","ping_status":"open","sticky":false,"template":"","format":"standard","meta":{"jnews-multi-image_gallery":[],"jnews_single_post":[],"jnews_primary_category":[],"jnews_social_meta":[],"jnews_override_counter":[],"footnotes":""},"categories":[178],"tags":[300,575],"class_list":["post-6802","post","type-post","status-publish","format-standard","has-post-thumbnail","hentry","category-fakultemizden","tag-iletim","tag-saglik-haberciligi"],"_links":{"self":[{"href":"https:\/\/iletim.istanbul.edu.tr\/index.php\/wp-json\/wp\/v2\/posts\/6802","targetHints":{"allow":["GET"]}}],"collection":[{"href":"https:\/\/iletim.istanbul.edu.tr\/index.php\/wp-json\/wp\/v2\/posts"}],"about":[{"href":"https:\/\/iletim.istanbul.edu.tr\/index.php\/wp-json\/wp\/v2\/types\/post"}],"author":[{"embeddable":true,"href":"https:\/\/iletim.istanbul.edu.tr\/index.php\/wp-json\/wp\/v2\/users\/14"}],"replies":[{"embeddable":true,"href":"https:\/\/iletim.istanbul.edu.tr\/index.php\/wp-json\/wp\/v2\/comments?post=6802"}],"version-history":[{"count":0,"href":"https:\/\/iletim.istanbul.edu.tr\/index.php\/wp-json\/wp\/v2\/posts\/6802\/revisions"}],"wp:featuredmedia":[{"embeddable":true,"href":"https:\/\/iletim.istanbul.edu.tr\/index.php\/wp-json\/wp\/v2\/media\/6841"}],"wp:attachment":[{"href":"https:\/\/iletim.istanbul.edu.tr\/index.php\/wp-json\/wp\/v2\/media?parent=6802"}],"wp:term":[{"taxonomy":"category","embeddable":true,"href":"https:\/\/iletim.istanbul.edu.tr\/index.php\/wp-json\/wp\/v2\/categories?post=6802"},{"taxonomy":"post_tag","embeddable":true,"href":"https:\/\/iletim.istanbul.edu.tr\/index.php\/wp-json\/wp\/v2\/tags?post=6802"}],"curies":[{"name":"wp","href":"https:\/\/api.w.org\/{rel}","templated":true}]}}