{"id":6809,"date":"2018-10-26T12:17:06","date_gmt":"2018-10-26T09:17:06","guid":{"rendered":"https:\/\/iletim.istanbul.edu.tr\/?p=6809"},"modified":"2018-10-26T12:17:06","modified_gmt":"2018-10-26T09:17:06","slug":"temel-egitime-destek-vermek-icin-variz","status":"publish","type":"post","link":"https:\/\/iletim.istanbul.edu.tr\/index.php\/2018\/10\/26\/temel-egitime-destek-vermek-icin-variz\/","title":{"rendered":"\u201cTemel E\u011fitime Destek Vermek \u0130\u00e7in Var\u0131z\u201d"},"content":{"rendered":"<p><strong>Tu\u011f\u00e7e AY\u00c7\u0130N<\/strong><\/p>\n<p>TEGV (T\u00fcrkiye E\u011fitim G\u00f6n\u00fcll\u00fcleri Vakf\u0131) E\u011fitim Uzman\u0131 Zeynep Korkmaz ve Kaynak Geli\u015ftirme Uzman\u0131 \u0130nci Damla \u00c7iyan, 25 Ekim\u2019de \u00d6\u011fr. G\u00f6r. Fatih \u00d6zkoyuncu\u2019nun \u0130leti\u015fim At\u00f6lyesi dersine konuk oldu.<\/p>\n<p>TEGV tan\u0131t\u0131m filminin izletilmesiyle ba\u015flayan \u0130leti\u015fim At\u00f6lyesi dersinin ilk konu\u015fmas\u0131n\u0131 TEGV E\u011fitim Uzman\u0131 Zeynep Korkmaz ger\u00e7ekle\u015ftirdi. S\u00f6zlerine sivil toplum kurulu\u015flar\u0131n\u0131n genel yap\u0131s\u0131 hakk\u0131nda bilgi vererek ba\u015flayan Korkmaz, TEGV\u2019in \u00e7al\u0131\u015fma y\u00f6ntemleri ile ilgili a\u00e7\u0131klamalarda bulundu. \u201cT\u00fcrkiye\u2019de Milli E\u011fitim Bakanl\u0131\u011f\u0131\u2019ndan (MEB) sonra en yayg\u0131n \u015fekilde faaliyet g\u00f6steren kurumlardan biriyiz\u201d diyen Korkmaz, ama\u00e7lar\u0131n\u0131n ilk\u00f6\u011fretim \u00e7a\u011f\u0131ndaki \u00e7ocuklara e\u011fitim deste\u011fi vermek oldu\u011funu vurgulad\u0131. TEGV\u2019in kurulu\u015f s\u00fcrecini aktaran Korkmaz s\u00f6zlerini \u015f\u00f6yle s\u00fcrd\u00fcrd\u00fc: \u201c\u00c7ocuklar\u0131n kendilerine g\u00fcvenen, yarat\u0131c\u0131, Cumhuriyet\u2019in ilkelerine ba\u011fl\u0131 bireyler olmalar\u0131n\u0131 sa\u011flamaya \u00e7al\u0131\u015f\u0131yoruz. TEGV \u00e7ok yayg\u0131n oldu\u011fu i\u00e7in temel e\u011fitime alternatif gibi g\u00f6z\u00fckebiliyor ama \u00f6yle bir durum s\u00f6z konusu de\u011fil. Biz devletin verdi\u011fi temel e\u011fitime destek vermek i\u00e7in var\u0131z.\u201d<\/p>\n<p><strong>\u201c\u00c7ocuklar\u0131n Yaparak Ya\u015fayarak \u00d6\u011frenmeleri \u0130\u00e7in \u00c7al\u0131\u015f\u0131yoruz\u201d<\/strong><\/p>\n<p>Okullarda altyap\u0131 yetersizli\u011fi oldu\u011funu ve \u00e7ocuklar\u0131n \u00e7ok kalabal\u0131k s\u0131n\u0131flarda e\u011fitim almak zorunda kald\u0131klar\u0131n\u0131 s\u00f6yleyen Korkmaz, verdikleri \u00f6zg\u00fcn e\u011fitimlerle \u00e7ocuklar\u0131n kendilerini ifade etmelerini sa\u011flamaya \u00e7al\u0131\u015ft\u0131klar\u0131n\u0131 ifade etti. \u201c\u00c7ocuklar\u0131n uzmanla\u015fabilecekleri alanlar\u0131n fark\u0131nda olmalar\u0131 ve yaparak, ya\u015fayarak \u00f6\u011frenmeleri i\u00e7in \u00e7al\u0131\u015fmalar y\u00fcr\u00fct\u00fcyoruz\u201d \u015feklinde konu\u015fan Korkmaz, TEGV\u2019in \u00e7al\u0131\u015fma modelleri hakk\u0131nda bilgi verdi ve \u015funlar\u0131 s\u00f6yledi: \u201cG\u00f6n\u00fcll\u00fc \u00fcniversite \u00f6\u011frencileri, belli bir meslekte uzmanla\u015fm\u0131\u015f ki\u015filer ya da \u2018vaktim var, gelirim\u2019 diyen ki\u015filer, belli bir e\u011fitimin ard\u0131ndan \u00e7ocuklar\u0131m\u0131z\u0131n e\u011fitimi ile ilgileniyor. O alandaki uzmanlar ve akademisyenler taraf\u0131ndan haz\u0131rlanan \u00f6zg\u00fcn e\u011fitim programlar\u0131m\u0131z ile \u00e7ocuklar\u0131n temel e\u011fitimine destek sa\u011flamaya \u00e7al\u0131\u015f\u0131yoruz.\u201d<\/p>\n<p><img decoding=\"async\" class=\"alignnone size-large wp-image-6811\" src=\"https:\/\/iletim.istanbul.edu.tr\/wp-content\/uploads\/DSC0255-1024x680.jpg\" alt=\"\" width=\"702\" height=\"466\" srcset=\"https:\/\/iletim.istanbul.edu.tr\/wp-content\/uploads\/DSC0255-1024x680.jpg 1024w, https:\/\/iletim.istanbul.edu.tr\/wp-content\/uploads\/DSC0255-300x199.jpg 300w, https:\/\/iletim.istanbul.edu.tr\/wp-content\/uploads\/DSC0255-768x510.jpg 768w\" sizes=\"(max-width: 702px) 100vw, 702px\" \/><\/p>\n<p><strong>\u201c72 Tane Etkinlik Noktam\u0131z Bulunuyor\u201d<\/strong><\/p>\n<p>Korkmaz\u2019\u0131n ifadelerini tamamlamas\u0131n\u0131n ard\u0131ndan TEGV Kaynak Geli\u015ftirme Uzman\u0131 \u0130nci Damla \u00c7iyan s\u00f6z ald\u0131. \u00c7iyan, ilk olarak kaynak geli\u015ftirme y\u00f6ntemlerine de\u011findi. E\u011fitim alan \u00e7ocuklardan hi\u00e7bir materyal talep etmediklerini ve bu e\u011fitimden herkesin \u00fccretsiz olarak faydalanmas\u0131n\u0131 istediklerini kaydeden \u00c7iyan \u015f\u00f6yle konu\u015ftu: \u201cBu \u00fccretsizli\u011fi sa\u011flayabilmemiz i\u00e7in bizim de kaynaklara ihtiyac\u0131m\u0131z var. Bunun i\u00e7in ise \u00e7ok \u00e7e\u015fitli y\u00f6ntemlerimiz var. Hedeflerimiz; vakf\u0131n marka de\u011ferini g\u00f6zetmek, ana mal varl\u0131\u011f\u0131n\u0131 ve fonlar\u0131 artt\u0131rmak, gider azalt\u0131c\u0131 i\u015f birlikleri sa\u011flamak, ba\u011f\u0131\u015flar\u0131n geni\u015f bir tabana yay\u0131lmas\u0131n\u0131 sa\u011flamak ve uzun vadeli, s\u00fcrekli ba\u011f\u0131\u015f\u00e7\u0131 ili\u015fkisini sa\u011flamak.\u201d TEGV\u2019de kaynak geli\u015ftirme ve kurumsal ileti\u015fimin birlikte y\u00fcr\u00fct\u00fcld\u00fc\u011f\u00fcn\u00fc s\u00f6yleyen \u00c7iyan, offline ve online \u00e7al\u0131\u015fmalar ger\u00e7ekle\u015ftirdiklerine de\u011findi. TEGV\u2019e ait 72 tane etkinlik noktas\u0131 oldu\u011funu belirten \u00c7iyan, \u201cEn \u00f6nemlisi bu birimlerin ya\u015f\u0131yor olmas\u0131n\u0131 sa\u011flamak. \u00c7ocuklar\u0131n ve g\u00f6n\u00fcll\u00fclerin gelip burada etkinlikler yapabilmelerini istiyoruz\u201d dedi. \u00c7iyan, kurumlarla yap\u0131m ve i\u015fletme sponsorluklar\u0131 \u015feklinde anla\u015fmalar\u0131 oldu\u011funu vurgularken, e\u011fitim sponsorluklar\u0131 ve \u00fcr\u00fcn odakl\u0131 i\u015f birliklerinin oldu\u011funu da s\u00f6zlerine ekledi. Ad\u0131m ad\u0131m olu\u015fumlar ve ko\u015fu projelerinin TEGV taraf\u0131ndan ger\u00e7ekle\u015ftirilen projelerin en b\u00fcy\u00fc\u011f\u00fc oldu\u011funu ifade eden \u00c7iyan, TEGV\u2019in etkinlikleri ile sosyal medya ve web \u00e7al\u0131\u015fmalar\u0131 hakk\u0131nda bilgi verdi.<\/p>\n<p><img decoding=\"async\" class=\"alignnone size-large wp-image-6812\" src=\"https:\/\/iletim.istanbul.edu.tr\/wp-content\/uploads\/DSC0270-2-1024x680.jpg\" alt=\"\" width=\"702\" height=\"466\" srcset=\"https:\/\/iletim.istanbul.edu.tr\/wp-content\/uploads\/DSC0270-2-1024x680.jpg 1024w, https:\/\/iletim.istanbul.edu.tr\/wp-content\/uploads\/DSC0270-2-300x199.jpg 300w, https:\/\/iletim.istanbul.edu.tr\/wp-content\/uploads\/DSC0270-2-768x510.jpg 768w\" sizes=\"(max-width: 702px) 100vw, 702px\" \/><\/p>\n<p>\u0130leti\u015fim At\u00f6lyesi dersi. \u00d6\u011fr. G\u00f6r. Fatih \u00d6zkoyuncu\u2019nun Korkmaz ve \u00c7iyan\u2019a te\u015fekk\u00fcr belgesi takdimi ve foto\u011fraf \u00e7ekiminin ard\u0131ndan sona erdi.<\/p>\n<p><img decoding=\"async\" class=\"alignnone size-large wp-image-6813\" src=\"https:\/\/iletim.istanbul.edu.tr\/wp-content\/uploads\/DSC0261-2-1024x572.jpg\" alt=\"\" width=\"702\" height=\"392\" srcset=\"https:\/\/iletim.istanbul.edu.tr\/wp-content\/uploads\/DSC0261-2-1024x572.jpg 1024w, https:\/\/iletim.istanbul.edu.tr\/wp-content\/uploads\/DSC0261-2-300x168.jpg 300w, https:\/\/iletim.istanbul.edu.tr\/wp-content\/uploads\/DSC0261-2-768x429.jpg 768w\" sizes=\"(max-width: 702px) 100vw, 702px\" \/><\/p>\n","protected":false},"excerpt":{"rendered":"<p>TEGV (T\u00fcrkiye E\u011fitim G\u00f6n\u00fcll\u00fcleri Vakf\u0131) E\u011fitim Uzman\u0131 Zeynep Korkmaz ve Kaynak Geli\u015ftirme Uzman\u0131 \u0130nci Damla \u00c7iyan, 25 Ekim\u2019de \u00d6\u011fr. G\u00f6r. Fatih \u00d6zkoyuncu\u2019nun \u0130leti\u015fim At\u00f6lyesi dersine konuk oldu.<\/p>\n","protected":false},"author":14,"featured_media":6815,"comment_status":"open","ping_status":"open","sticky":false,"template":"","format":"standard","meta":{"jnews-multi-image_gallery":[],"jnews_single_post":[],"jnews_primary_category":[],"jnews_social_meta":[],"jnews_override_counter":[],"footnotes":""},"categories":[25],"tags":[577,578,580,576,579],"class_list":["post-6809","post","type-post","status-publish","format-standard","has-post-thumbnail","hentry","category-egitim","tag-egitim-gonulluleri-vakfi","tag-inci-damla-ciyan","tag-ogr-gor-fatih-koyuncu","tag-tegv","tag-zeynep-korkmaz"],"_links":{"self":[{"href":"https:\/\/iletim.istanbul.edu.tr\/index.php\/wp-json\/wp\/v2\/posts\/6809","targetHints":{"allow":["GET"]}}],"collection":[{"href":"https:\/\/iletim.istanbul.edu.tr\/index.php\/wp-json\/wp\/v2\/posts"}],"about":[{"href":"https:\/\/iletim.istanbul.edu.tr\/index.php\/wp-json\/wp\/v2\/types\/post"}],"author":[{"embeddable":true,"href":"https:\/\/iletim.istanbul.edu.tr\/index.php\/wp-json\/wp\/v2\/users\/14"}],"replies":[{"embeddable":true,"href":"https:\/\/iletim.istanbul.edu.tr\/index.php\/wp-json\/wp\/v2\/comments?post=6809"}],"version-history":[{"count":0,"href":"https:\/\/iletim.istanbul.edu.tr\/index.php\/wp-json\/wp\/v2\/posts\/6809\/revisions"}],"wp:featuredmedia":[{"embeddable":true,"href":"https:\/\/iletim.istanbul.edu.tr\/index.php\/wp-json\/wp\/v2\/media\/6815"}],"wp:attachment":[{"href":"https:\/\/iletim.istanbul.edu.tr\/index.php\/wp-json\/wp\/v2\/media?parent=6809"}],"wp:term":[{"taxonomy":"category","embeddable":true,"href":"https:\/\/iletim.istanbul.edu.tr\/index.php\/wp-json\/wp\/v2\/categories?post=6809"},{"taxonomy":"post_tag","embeddable":true,"href":"https:\/\/iletim.istanbul.edu.tr\/index.php\/wp-json\/wp\/v2\/tags?post=6809"}],"curies":[{"name":"wp","href":"https:\/\/api.w.org\/{rel}","templated":true}]}}