{"id":6878,"date":"2018-10-28T15:09:34","date_gmt":"2018-10-28T12:09:34","guid":{"rendered":"https:\/\/iletim.istanbul.edu.tr\/?p=6878"},"modified":"2018-10-28T17:39:34","modified_gmt":"2018-10-28T14:39:34","slug":"cumhuriyetimizin-95-yili-istanbul-universitesinde-duzenlenen-torenle-kutlandi","status":"publish","type":"post","link":"https:\/\/iletim.istanbul.edu.tr\/index.php\/2018\/10\/28\/cumhuriyetimizin-95-yili-istanbul-universitesinde-duzenlenen-torenle-kutlandi\/","title":{"rendered":"Cumhuriyetimizin 95. Y\u0131l\u0131 \u0130stanbul \u00dcniversitesi&#8217;nde D\u00fczenlenen T\u00f6renle Kutland\u0131"},"content":{"rendered":"<p><strong>Murat KASAP, Merve TOKAZ<\/strong><br \/>\n<strong>\u00a0<\/strong><strong>Foto\u011fraf:<\/strong><strong> Mehmet TOSUN, H\u00fcseyin ESK\u0130N, Celil KUR\u015eUN<\/strong><\/p>\n<p>\u0130stanbul \u00dcniversitesi&#8217;nde 29 Ekim Cumhuriyet Bayram\u0131 etkinlikleri kapsam\u0131nda d\u00fczenlenen anma t\u00f6reni Rekt\u00f6rl\u00fck Binas\u0131 \u00f6n\u00fcnde yap\u0131ld\u0131.<\/p>\n<p>\u0130stanbul \u00dcniversitesi Rekt\u00f6r\u00fc Prof. Dr. Mahmut Ak ve \u0130stanbul \u00dcniversitesi Cerrahpa\u015fa Rekt\u00f6r\u00fc Prof. Dr. Nuri Ayd\u0131n&#8217;\u0131n Atat\u00fcrk ve Gen\u00e7lik An\u0131t\u0131&#8217;na \u00e7elenk koyma merasimi ile ba\u015flayan t\u00f6ren, Cumhuriyetimizin kurucusu Gazi Mustafa Kemal Atat\u00fcrk, silah arkada\u015flar\u0131 ve aziz \u015fehitlerimiz an\u0131s\u0131na yap\u0131lan bir dakikal\u0131k sayg\u0131 duru\u015fu ve \u0130stiklal Mar\u015f\u0131&#8217;n\u0131n okunmas\u0131n\u0131n ard\u0131ndan devam etti.<\/p>\n<p>Merasimin ard\u0131ndan konu\u015fmas\u0131n\u0131 yapmak \u00fczere k\u00fcrs\u00fcye gelen \u0130stanbul \u00dcniversitesi Cerrahpa\u015fa Rekt\u00f6r\u00fc Prof. Dr. Nuri Ayd\u0131n, &#8220;Bug\u00fcn 95 y\u0131l \u00f6nce kurulmu\u015f Cumhuriyetimizin y\u0131l d\u00f6n\u00fcm\u00fcnde burada bulunmaktay\u0131z. Gazi Mustafa Kemal Atat\u00fcrk, silah arkada\u015flar\u0131, aziz \u015fehitlerimiz ve gazilerimizi minnet ve rahmetle an\u0131yorum. Ruhlar\u0131 \u015fad olsun. Hepinize t\u00f6rene kat\u0131ld\u0131\u011f\u0131n\u0131z i\u00e7in te\u015fekk\u00fcr ediyorum&#8221; ifadelerini kulland\u0131.<\/p>\n<figure id=\"attachment_6888\" aria-describedby=\"caption-attachment-6888\" style=\"width: 702px\" class=\"wp-caption alignnone\"><img decoding=\"async\" class=\"wp-image-6888 size-large\" src=\"https:\/\/iletim.istanbul.edu.tr\/wp-content\/uploads\/BHM_0378-1024x680.jpg\" alt=\"\" width=\"702\" height=\"466\" srcset=\"https:\/\/iletim.istanbul.edu.tr\/wp-content\/uploads\/BHM_0378-1024x680.jpg 1024w, https:\/\/iletim.istanbul.edu.tr\/wp-content\/uploads\/BHM_0378-300x199.jpg 300w, https:\/\/iletim.istanbul.edu.tr\/wp-content\/uploads\/BHM_0378-768x510.jpg 768w\" sizes=\"(max-width: 702px) 100vw, 702px\" \/><figcaption id=\"caption-attachment-6888\" class=\"wp-caption-text\">Prof. Dr. Nuri Ayd\u0131n<\/figcaption><\/figure>\n<p>T\u00f6ren, \u0130stanbul \u00dcniversitesi Rekt\u00f6r\u00fc Prof. Dr. Mahmut Ak&#8217;\u0131n konu\u015fmas\u0131yla devam etti. Prof. Dr. Ak, &#8220;B\u00fcy\u00fck bir mutlulukla Cumhuriyetimizin 95. y\u0131l\u0131n\u0131 idrak ediyoruz. Bu topraklarda ve \u00f6ncesinde devlet kurma gelene\u011fini ve ba\u011f\u0131ms\u0131zl\u0131k sevdas\u0131n\u0131 defalarca ispat etmi\u015f bir milletin fertleriyiz. Di\u011fer devletlerin tarihine bakt\u0131\u011f\u0131m\u0131z zaman baz\u0131 fikirlerin \u00f6ne \u00e7\u0131kt\u0131\u011f\u0131n\u0131 g\u00f6r\u00fcyoruz. Bizde vatan sevgisinin yan\u0131nda ba\u011f\u0131ms\u0131zl\u0131\u011f\u0131n mutlak olarak \u00f6nemli bir de\u011fer oldu\u011funu g\u00f6r\u00fcyoruz. Nitekim ba\u011f\u0131ms\u0131z olabilmek i\u00e7in milletimiz her t\u00fcrl\u00fc m\u00fccadeleyi vermi\u015ftir ama ba\u011f\u0131ms\u0131zl\u0131\u011f\u0131n\u0131 y\u00fcr\u00fctemeyece\u011fini anlad\u0131\u011f\u0131 anda da vatan\u0131n\u0131 terk etmeyip ba\u011f\u0131ms\u0131z kalabilece\u011fi yeni vatan kurma ba\u015far\u0131s\u0131 da g\u00f6stermi\u015ftir. Nitekim son ya\u015fad\u0131\u011f\u0131m\u0131z olay yine do\u011frudan do\u011fruya T\u00fcrkiye Cumhuriyeti&#8217;nin ve T\u00fcrk milletinin ba\u011f\u0131ms\u0131z kalma ve d\u00fcnyada etkin olabilme m\u00fccadelesine ket vurmalar\u0131na bir \u00f6rnek te\u015fkil eder. Bu g\u00fc\u00e7l\u00fc ve kutlu g\u00fcn\u00fc kutluyorum. \u00d6zellikle eme\u011fi ge\u00e7en ba\u015fta Gazi Mustafa Kemal Atat\u00fcrk olmak \u00fczere t\u00fcm milli m\u00fccadeleye kat\u0131lm\u0131\u015f ve daha sonras\u0131nda da ba\u011f\u0131ms\u0131zl\u0131k m\u00fccadelesini s\u00fcrd\u00fcrebilmek ad\u0131na hayat\u0131n\u0131 ortaya koyan milletimizin \u00f6nemli fertlerini sayg\u0131 ve \u00f6zlemle an\u0131yorum&#8221; \u015feklinde konu\u015ftu.<\/p>\n<figure id=\"attachment_6884\" aria-describedby=\"caption-attachment-6884\" style=\"width: 702px\" class=\"wp-caption alignnone\"><img decoding=\"async\" class=\"wp-image-6884 size-large\" src=\"https:\/\/iletim.istanbul.edu.tr\/wp-content\/uploads\/BHM_0386-1024x680.jpg\" alt=\"\" width=\"702\" height=\"466\" srcset=\"https:\/\/iletim.istanbul.edu.tr\/wp-content\/uploads\/BHM_0386-1024x680.jpg 1024w, https:\/\/iletim.istanbul.edu.tr\/wp-content\/uploads\/BHM_0386-300x199.jpg 300w, https:\/\/iletim.istanbul.edu.tr\/wp-content\/uploads\/BHM_0386-768x510.jpg 768w\" sizes=\"(max-width: 702px) 100vw, 702px\" \/><figcaption id=\"caption-attachment-6884\" class=\"wp-caption-text\">Prof. Dr. Mahmut Ak<\/figcaption><\/figure>\n<p>\u0130stanbul \u00dcniversitesi \u0130leti\u015fim Fak\u00fcltesi&#8217;nin de yer ald\u0131\u011f\u0131 t\u00f6renin sonunda Prof Dr. Ak,\u00a0 \u0130stanbul \u00dcniversitesi ve \u0130stanbul \u00dcniversitesi Cerrahpa\u015fa olarak t\u00f6rende bulunmalar\u0131n\u0131n ayr\u0131 bir de\u011fer oldu\u011funu ifade ederek birlik mesaj\u0131 verdi.<\/p>\n<p><img decoding=\"async\" class=\"alignnone size-large wp-image-6886\" src=\"https:\/\/iletim.istanbul.edu.tr\/wp-content\/uploads\/BHM_0430-1024x680.jpg\" alt=\"\" width=\"702\" height=\"466\" srcset=\"https:\/\/iletim.istanbul.edu.tr\/wp-content\/uploads\/BHM_0430-1024x680.jpg 1024w, https:\/\/iletim.istanbul.edu.tr\/wp-content\/uploads\/BHM_0430-300x199.jpg 300w, https:\/\/iletim.istanbul.edu.tr\/wp-content\/uploads\/BHM_0430-768x510.jpg 768w\" sizes=\"(max-width: 702px) 100vw, 702px\" \/><\/p>\n<div id='gallery_1' class='gallery galleryid-6878 gallery-columns-4 gallery-size-large'><figure class='gallery-item'>\n                <div class='gallery-icon landscape'>\n                    <a href='https:\/\/iletim.istanbul.edu.tr\/wp-content\/uploads\/BHM_0379.jpg'><img loading=\"lazy\" decoding=\"async\" width=\"1024\" height=\"680\" src=\"\" class=\"attachment-large size-large lazyload\" alt=\"\" data-src=\"https:\/\/iletim.istanbul.edu.tr\/wp-content\/uploads\/BHM_0379-1024x680.jpg\" data-sizes=\"auto\" data-srcset=\"https:\/\/iletim.istanbul.edu.tr\/wp-content\/uploads\/BHM_0379-1024x680.jpg 1024w, https:\/\/iletim.istanbul.edu.tr\/wp-content\/uploads\/BHM_0379-300x199.jpg 300w, https:\/\/iletim.istanbul.edu.tr\/wp-content\/uploads\/BHM_0379-768x510.jpg 768w\" data-expand=\"700\" \/><\/a>\n                <\/div><\/figure><figure class='gallery-item'>\n                <div class='gallery-icon landscape'>\n                    <a href='https:\/\/iletim.istanbul.edu.tr\/wp-content\/uploads\/BHM_0421.jpg'><img loading=\"lazy\" decoding=\"async\" width=\"1024\" height=\"680\" src=\"\" class=\"attachment-large size-large lazyload\" alt=\"\" data-src=\"https:\/\/iletim.istanbul.edu.tr\/wp-content\/uploads\/BHM_0421-1024x680.jpg\" data-sizes=\"auto\" data-srcset=\"https:\/\/iletim.istanbul.edu.tr\/wp-content\/uploads\/BHM_0421-1024x680.jpg 1024w, https:\/\/iletim.istanbul.edu.tr\/wp-content\/uploads\/BHM_0421-300x199.jpg 300w, https:\/\/iletim.istanbul.edu.tr\/wp-content\/uploads\/BHM_0421-768x510.jpg 768w\" data-expand=\"700\" \/><\/a>\n                <\/div><\/figure><figure class='gallery-item'>\n                <div class='gallery-icon landscape'>\n                    <a href='https:\/\/iletim.istanbul.edu.tr\/wp-content\/uploads\/BHM_0425.jpg'><img loading=\"lazy\" decoding=\"async\" width=\"1024\" height=\"680\" src=\"\" class=\"attachment-large size-large lazyload\" alt=\"\" data-src=\"https:\/\/iletim.istanbul.edu.tr\/wp-content\/uploads\/BHM_0425-1024x680.jpg\" data-sizes=\"auto\" data-srcset=\"https:\/\/iletim.istanbul.edu.tr\/wp-content\/uploads\/BHM_0425-1024x680.jpg 1024w, https:\/\/iletim.istanbul.edu.tr\/wp-content\/uploads\/BHM_0425-300x199.jpg 300w, https:\/\/iletim.istanbul.edu.tr\/wp-content\/uploads\/BHM_0425-768x510.jpg 768w\" data-expand=\"700\" \/><\/a>\n                <\/div><\/figure><figure class='gallery-item'>\n                <div class='gallery-icon landscape'>\n                    <a href='https:\/\/iletim.istanbul.edu.tr\/wp-content\/uploads\/BHM_0345.jpg'><img loading=\"lazy\" decoding=\"async\" width=\"1024\" height=\"680\" src=\"\" class=\"attachment-large size-large lazyload\" alt=\"\" data-src=\"https:\/\/iletim.istanbul.edu.tr\/wp-content\/uploads\/BHM_0345-1024x680.jpg\" data-sizes=\"auto\" data-srcset=\"https:\/\/iletim.istanbul.edu.tr\/wp-content\/uploads\/BHM_0345-1024x680.jpg 1024w, https:\/\/iletim.istanbul.edu.tr\/wp-content\/uploads\/BHM_0345-300x199.jpg 300w, https:\/\/iletim.istanbul.edu.tr\/wp-content\/uploads\/BHM_0345-768x510.jpg 768w\" data-expand=\"700\" \/><\/a>\n                <\/div><\/figure><br style=\"clear: both\" \/>\n            <\/div>\n\n","protected":false},"excerpt":{"rendered":"<p>\u0130stanbul \u00dcniversitesi&#8217;nde 29 Ekim Cumhuriyet Bayram\u0131 etkinlikleri kapsam\u0131nda d\u00fczenlenen anma t\u00f6reni Rekt\u00f6rl\u00fck Binas\u0131 \u00f6n\u00fcnde yap\u0131ld\u0131.<\/p>\n","protected":false},"author":14,"featured_media":6881,"comment_status":"open","ping_status":"open","sticky":false,"template":"","format":"standard","meta":{"jnews-multi-image_gallery":[],"jnews_single_post":[],"jnews_primary_category":[],"jnews_social_meta":[],"jnews_override_counter":[],"footnotes":""},"categories":[34],"tags":[583,43,450,584],"class_list":["post-6878","post","type-post","status-publish","format-standard","has-post-thumbnail","hentry","category-universite","tag-29-ekim","tag-istanbul-universitesi","tag-mahmut-ak","tag-nuri-aydin"],"_links":{"self":[{"href":"https:\/\/iletim.istanbul.edu.tr\/index.php\/wp-json\/wp\/v2\/posts\/6878","targetHints":{"allow":["GET"]}}],"collection":[{"href":"https:\/\/iletim.istanbul.edu.tr\/index.php\/wp-json\/wp\/v2\/posts"}],"about":[{"href":"https:\/\/iletim.istanbul.edu.tr\/index.php\/wp-json\/wp\/v2\/types\/post"}],"author":[{"embeddable":true,"href":"https:\/\/iletim.istanbul.edu.tr\/index.php\/wp-json\/wp\/v2\/users\/14"}],"replies":[{"embeddable":true,"href":"https:\/\/iletim.istanbul.edu.tr\/index.php\/wp-json\/wp\/v2\/comments?post=6878"}],"version-history":[{"count":0,"href":"https:\/\/iletim.istanbul.edu.tr\/index.php\/wp-json\/wp\/v2\/posts\/6878\/revisions"}],"wp:featuredmedia":[{"embeddable":true,"href":"https:\/\/iletim.istanbul.edu.tr\/index.php\/wp-json\/wp\/v2\/media\/6881"}],"wp:attachment":[{"href":"https:\/\/iletim.istanbul.edu.tr\/index.php\/wp-json\/wp\/v2\/media?parent=6878"}],"wp:term":[{"taxonomy":"category","embeddable":true,"href":"https:\/\/iletim.istanbul.edu.tr\/index.php\/wp-json\/wp\/v2\/categories?post=6878"},{"taxonomy":"post_tag","embeddable":true,"href":"https:\/\/iletim.istanbul.edu.tr\/index.php\/wp-json\/wp\/v2\/tags?post=6878"}],"curies":[{"name":"wp","href":"https:\/\/api.w.org\/{rel}","templated":true}]}}