{"id":6896,"date":"2018-10-31T17:26:07","date_gmt":"2018-10-31T14:26:07","guid":{"rendered":"https:\/\/iletim.istanbul.edu.tr\/?p=6896"},"modified":"2018-11-01T12:54:51","modified_gmt":"2018-11-01T09:54:51","slug":"dilbilim-asla-sadece-dilbilim-degildir","status":"publish","type":"post","link":"https:\/\/iletim.istanbul.edu.tr\/index.php\/2018\/10\/31\/dilbilim-asla-sadece-dilbilim-degildir\/","title":{"rendered":"&#8220;Dilbilim Asla Sadece Dilbilim De\u011fildir&#8221;"},"content":{"rendered":"<p><strong>Arda ORMANCI- Aylin AY<\/strong><\/p>\n<p>\u0130stanbul \u00dcniversitesi Edebiyat Fak\u00fcltesi Konferanslar\u0131 (EFKON) kapsam\u0131nda Prof. Dr. Ayhan \u00c7itil\u2019 in kat\u0131l\u0131m\u0131yla, 30 Ekim\u2019de\u00a0 \u201cDilbilim Nazariyat\u0131 \u00dczerine\u201d ba\u015fl\u0131kl\u0131 konferans ger\u00e7ekle\u015ftirildi.<\/p>\n<p>Edebiyat Fak\u00fcltesi&#8217;nde ger\u00e7ekle\u015fen konferans\u0131n a\u00e7\u0131l\u0131\u015f\u0131n\u0131 Edebiyat Fak\u00fcltesi Dekan\u0131 Prof. Dr. Hayati Develi yapt\u0131. Prof. Dr. Develi, konu\u015fmas\u0131nda ayd\u0131nlar\u0131n ideolojilerine g\u00f6re nazariyat ya da uygulamaya a\u011f\u0131rl\u0131k vererek \u00e7al\u0131\u015ft\u0131klar\u0131n\u0131 ifade ederek nazariyat olmadan uygulama yapman\u0131n zor oldu\u011funu dile getirdi. Prof. Dr. Develi, konu\u015fmas\u0131n\u0131 \u201cAyhan hocaya \u00e7ok te\u015fekk\u00fcr ediyorum, davetimizi kabul etti, bizi k\u0131rmad\u0131. Bug\u00fcn ondan dilin de\u011fil, dilbilimin nazariyat\u0131 \u00fczerine bir konferans dinleyece\u011fiz\u201d diyerek tamamlad\u0131.<\/p>\n<figure id=\"attachment_6901\" aria-describedby=\"caption-attachment-6901\" style=\"width: 702px\" class=\"wp-caption alignnone\"><img decoding=\"async\" class=\"wp-image-6901 size-large\" src=\"https:\/\/iletim.istanbul.edu.tr\/wp-content\/uploads\/DSC0299-3-1024x892.jpg\" alt=\"\" width=\"702\" height=\"612\" srcset=\"https:\/\/iletim.istanbul.edu.tr\/wp-content\/uploads\/DSC0299-3-1024x892.jpg 1024w, https:\/\/iletim.istanbul.edu.tr\/wp-content\/uploads\/DSC0299-3-300x261.jpg 300w, https:\/\/iletim.istanbul.edu.tr\/wp-content\/uploads\/DSC0299-3-768x669.jpg 768w, https:\/\/iletim.istanbul.edu.tr\/wp-content\/uploads\/DSC0299-3-110x96.jpg 110w\" sizes=\"(max-width: 702px) 100vw, 702px\" \/><figcaption id=\"caption-attachment-6901\" class=\"wp-caption-text\">Prof. Dr. Hayati Develi<\/figcaption><\/figure>\n<p>Prof. Dr. \u00c7itil nazariyat\u0131; varl\u0131\u011f\u0131n, dilin veya tecr\u00fcbenin \u00e7\u00f6z\u00fcmlenmesine tema\u015fa edilmesi olarak tan\u0131mlad\u0131. Dili g\u00f6nderimsel olarak adland\u0131r\u0131rken Chomsky\u2019den s\u0131k s\u0131k al\u0131nt\u0131 yapt\u0131. Konu\u015fmas\u0131n\u0131 \u201cDilbilim ve Nazariyat\u201d, \u201cDilbilim ve Felsefe\u201d, \u201cDilbilim ve \u0130lahiyat\u201d, \u201cS\u00f6zdizimi ve Anlambilim\u201d ve \u201cT\u00fcmcelerin Anlamland\u0131r\u0131lmas\u0131\u201d \u015feklinde be\u015f alt ba\u015fl\u0131k alt\u0131nda s\u00fcrd\u00fcren\u00a0Prof. Dr. \u00c7itil, dilbilimin ilahiyattan ba\u011f\u0131ms\u0131z ele al\u0131namayaca\u011f\u0131n\u0131 da ifade etti.<\/p>\n<figure id=\"attachment_6912\" aria-describedby=\"caption-attachment-6912\" style=\"width: 702px\" class=\"wp-caption alignnone\"><img decoding=\"async\" class=\"wp-image-6912 size-large\" src=\"https:\/\/iletim.istanbul.edu.tr\/wp-content\/uploads\/DSC0332-2-1024x680.jpg\" alt=\"\" width=\"702\" height=\"466\" srcset=\"https:\/\/iletim.istanbul.edu.tr\/wp-content\/uploads\/DSC0332-2-1024x680.jpg 1024w, https:\/\/iletim.istanbul.edu.tr\/wp-content\/uploads\/DSC0332-2-300x199.jpg 300w, https:\/\/iletim.istanbul.edu.tr\/wp-content\/uploads\/DSC0332-2-768x510.jpg 768w\" sizes=\"(max-width: 702px) 100vw, 702px\" \/><figcaption id=\"caption-attachment-6912\" class=\"wp-caption-text\">Prof. Dr. Ayhan \u00c7itil<\/figcaption><\/figure>\n<p>Prof. Dr. \u00c7itil s\u00f6zlerine \u201cDilbilim asla sadece dilbilim de\u011fildir\u201d diyerek son verdi.<\/p>\n","protected":false},"excerpt":{"rendered":"<p>\u0130stanbul \u00dcniversitesi Edebiyat Fak\u00fcltesi Konferanslar\u0131 (EFKON) kapsam\u0131nda Prof. Dr. Ayhan \u00c7itil\u2019 in kat\u0131l\u0131m\u0131yla, 30 Ekim\u2019de\u00a0 \u201cDilbilim Nazariyat\u0131 \u00dczerine\u201d isimli konferans ger\u00e7ekle\u015ftirildi.<\/p>\n","protected":false},"author":14,"featured_media":6916,"comment_status":"open","ping_status":"open","sticky":false,"template":"","format":"standard","meta":{"jnews-multi-image_gallery":[],"jnews_single_post":[],"jnews_primary_category":[],"jnews_social_meta":[],"jnews_override_counter":[],"footnotes":""},"categories":[1],"tags":[585,571,588,586,587,411],"class_list":["post-6896","post","type-post","status-publish","format-standard","has-post-thumbnail","hentry","category-genel","tag-dilbilim","tag-edebiyat-fakultesi","tag-efkon","tag-ilahiyat","tag-prof-dr-ayhan-citil","tag-prof-dr-hayati-develi"],"_links":{"self":[{"href":"https:\/\/iletim.istanbul.edu.tr\/index.php\/wp-json\/wp\/v2\/posts\/6896","targetHints":{"allow":["GET"]}}],"collection":[{"href":"https:\/\/iletim.istanbul.edu.tr\/index.php\/wp-json\/wp\/v2\/posts"}],"about":[{"href":"https:\/\/iletim.istanbul.edu.tr\/index.php\/wp-json\/wp\/v2\/types\/post"}],"author":[{"embeddable":true,"href":"https:\/\/iletim.istanbul.edu.tr\/index.php\/wp-json\/wp\/v2\/users\/14"}],"replies":[{"embeddable":true,"href":"https:\/\/iletim.istanbul.edu.tr\/index.php\/wp-json\/wp\/v2\/comments?post=6896"}],"version-history":[{"count":0,"href":"https:\/\/iletim.istanbul.edu.tr\/index.php\/wp-json\/wp\/v2\/posts\/6896\/revisions"}],"wp:featuredmedia":[{"embeddable":true,"href":"https:\/\/iletim.istanbul.edu.tr\/index.php\/wp-json\/wp\/v2\/media\/6916"}],"wp:attachment":[{"href":"https:\/\/iletim.istanbul.edu.tr\/index.php\/wp-json\/wp\/v2\/media?parent=6896"}],"wp:term":[{"taxonomy":"category","embeddable":true,"href":"https:\/\/iletim.istanbul.edu.tr\/index.php\/wp-json\/wp\/v2\/categories?post=6896"},{"taxonomy":"post_tag","embeddable":true,"href":"https:\/\/iletim.istanbul.edu.tr\/index.php\/wp-json\/wp\/v2\/tags?post=6896"}],"curies":[{"name":"wp","href":"https:\/\/api.w.org\/{rel}","templated":true}]}}