{"id":6985,"date":"2018-11-05T13:55:03","date_gmt":"2018-11-05T10:55:03","guid":{"rendered":"https:\/\/iletim.istanbul.edu.tr\/?p=6985"},"modified":"2018-11-09T12:38:39","modified_gmt":"2018-11-09T09:38:39","slug":"maskeni-tak-losemili-cocuklara-umut-ol","status":"publish","type":"post","link":"https:\/\/iletim.istanbul.edu.tr\/index.php\/2018\/11\/05\/maskeni-tak-losemili-cocuklara-umut-ol\/","title":{"rendered":"&#8220;Maskeni Tak, L\u00f6semili \u00c7ocuklara Umut Ol&#8221;"},"content":{"rendered":"<p><strong>Emine \u00d6zge KONDAK\u00c7I<\/strong><\/p>\n<p>Kan kanseri olarak bilinen l\u00f6semi ile ilgili fark\u0131ndal\u0131k kazand\u0131rmak ad\u0131na her y\u0131l 2-8 Kas\u0131m tarihleri aras\u0131nda etkinlikler d\u00fczenleniyor. L\u00d6SEV\u2019in (L\u00f6semili \u00c7ocuklar Vakf\u0131) bu hafta kapsam\u0131nda d\u00fczenledi\u011fi \u201cMaskeni tak, l\u00f6semili \u00e7ocuklara umut ol!\u201d kampanyas\u0131 \u00fclkenin d\u00f6rt bir yan\u0131ndan destek g\u00f6r\u00fcyor.<\/p>\n<p>L\u00f6semi, \u00e7ocukluk \u00e7a\u011f\u0131ndaki kanser vakalar\u0131n\u0131n y\u00fczde 35\u2019ini olu\u015fturan ve g\u00f6r\u00fclme s\u0131kl\u0131\u011f\u0131 a\u00e7\u0131s\u0131ndan birinci s\u0131rada olan bir hastal\u0131k. \u00dcstelik \u00fclkemizde h\u0131zla yayg\u0131nla\u015fan kanser nedeniyle l\u00f6semi 1 ya\u015f alt\u0131ndaki \u00e7ocuklarda da \u00e7ok\u00e7a g\u00f6r\u00fclmeye ba\u015fland\u0131.<\/p>\n<p>L\u00d6SEV ise 20 y\u0131ld\u0131r yapt\u0131\u011f\u0131 \u00e7al\u0131\u015fmalarla l\u00f6seminin tedavi edilebilir bir hastal\u0131k oldu\u011funu anlatmaya \u00e7al\u0131\u015f\u0131yor. Ancak bunun i\u00e7in l\u00f6semili \u00e7ocuklar\u0131n sa\u011fl\u0131kl\u0131 beslenmeleri, iyi ko\u015fullarda ya\u015famalar\u0131 ve mutlu olmalar\u0131 gerekiyor.<\/p>\n<p>Enfeksiyon riskine kar\u015f\u0131 takt\u0131klar\u0131 maske ve d\u00f6k\u00fclen sa\u00e7lar\u0131 nedeniyle l\u00f6semili \u00e7ocuklar okullar\u0131nda ve sosyal ortamlar\u0131nda d\u0131\u015flan\u0131yor, moralleri bozuluyor. L\u00d6SEV bu duruma dikkat \u00e7ekmek i\u00e7in L\u00f6semili \u00c7ocuklar Haftas\u0131\u2019nda bir kampanya ba\u015flatt\u0131. \u201cMaskeni tak, l\u00f6semili \u00e7ocuklara umut ol!\u201d diyerek 2 Kas\u0131m\u2019da t\u00fcm yurtta\u015flar\u0131 maskeli foto\u011fraflar\u0131n\u0131 sosyal medyada payla\u015fmaya \u00e7a\u011f\u0131rd\u0131.<\/p>\n<p>Unutmamak gerekir ki l\u00f6semi her \u00e7ocu\u011fun ba\u015f\u0131na gelebilecek bir hastal\u0131k. L\u00d6SEV bu konuda kamuoyunu bilin\u00e7lendirmek ve fark\u0131ndal\u0131k yaratmak amac\u0131yla \u00e7al\u0131\u015fmalar\u0131na devam ediyor.<\/p>\n<p>L\u00f6semili \u00e7ocuklara bu zorlu ya\u015fam m\u00fccadelelerinde destek olmak, onlar\u0131n minik y\u00fcreklerine sevin\u00e7 ve umut vermek i\u00e7in 2-8 Kas\u0131m L\u00f6semili \u00c7ocuklar Haftas\u0131\u2019nda \u201cMaskeni tak, l\u00f6semili \u00e7ocuklara umut ol!\u201d<\/p>\n<p><img decoding=\"async\" class=\"alignnone size-large wp-image-6988\" src=\"https:\/\/iletim.istanbul.edu.tr\/wp-content\/uploads\/2-8-Kas\u0131m-MASKE-1024x732.jpg\" alt=\"\" width=\"702\" height=\"502\" srcset=\"https:\/\/iletim.istanbul.edu.tr\/wp-content\/uploads\/2-8-Kas\u0131m-MASKE-1024x732.jpg 1024w, https:\/\/iletim.istanbul.edu.tr\/wp-content\/uploads\/2-8-Kas\u0131m-MASKE-300x214.jpg 300w, https:\/\/iletim.istanbul.edu.tr\/wp-content\/uploads\/2-8-Kas\u0131m-MASKE-768x549.jpg 768w, https:\/\/iletim.istanbul.edu.tr\/wp-content\/uploads\/2-8-Kas\u0131m-MASKE-269x192.jpg 269w\" sizes=\"(max-width: 702px) 100vw, 702px\" \/><\/p>\n<div id='gallery_1' class='gallery galleryid-6985 gallery-columns-2 gallery-size-large'><figure class='gallery-item'>\n                <div class='gallery-icon portrait'>\n                    <a href='https:\/\/iletim.istanbul.edu.tr\/wp-content\/uploads\/IMG_2709.png'><img loading=\"lazy\" decoding=\"async\" width=\"550\" height=\"739\" src=\"\" class=\"attachment-large size-large lazyload\" alt=\"\" data-src=\"https:\/\/iletim.istanbul.edu.tr\/wp-content\/uploads\/IMG_2709.png\" data-sizes=\"auto\" data-srcset=\"https:\/\/iletim.istanbul.edu.tr\/wp-content\/uploads\/IMG_2709.png 550w, https:\/\/iletim.istanbul.edu.tr\/wp-content\/uploads\/IMG_2709-223x300.png 223w\" data-expand=\"700\" \/><\/a>\n                <\/div><\/figure><figure class='gallery-item'>\n                <div class='gallery-icon landscape'>\n                    <a href='https:\/\/iletim.istanbul.edu.tr\/wp-content\/uploads\/IMG_2710.png'><img loading=\"lazy\" decoding=\"async\" width=\"483\" height=\"483\" src=\"\" class=\"attachment-large size-large lazyload\" alt=\"\" data-src=\"https:\/\/iletim.istanbul.edu.tr\/wp-content\/uploads\/IMG_2710.png\" data-sizes=\"auto\" data-srcset=\"https:\/\/iletim.istanbul.edu.tr\/wp-content\/uploads\/IMG_2710.png 483w, https:\/\/iletim.istanbul.edu.tr\/wp-content\/uploads\/IMG_2710-150x150.png 150w, https:\/\/iletim.istanbul.edu.tr\/wp-content\/uploads\/IMG_2710-300x300.png 300w\" data-expand=\"700\" \/><\/a>\n                <\/div><\/figure><br style=\"clear: both\" \/>\n            <\/div>\n\n","protected":false},"excerpt":{"rendered":"<p>Kan kanseri olarak bilinen l\u00f6semiye fark\u0131ndal\u0131k kazand\u0131rmak ad\u0131na her y\u0131l 2-8 Kas\u0131m tarihleri aras\u0131nda etkinlikler d\u00fczenleniyor. L\u00d6SEV\u2019in (L\u00f6semili \u00c7ocuklar Vakf\u0131) bu hafta kapsam\u0131nda d\u00fczenledi\u011fi \u201cMaskeni tak, l\u00f6semili \u00e7ocuklara umut ol!\u201d kampanyas\u0131 \u00fclkenin d\u00f6rt bir yan\u0131ndan destek g\u00f6r\u00fcyor.<\/p>\n","protected":false},"author":14,"featured_media":6986,"comment_status":"open","ping_status":"open","sticky":false,"template":"","format":"standard","meta":{"jnews-multi-image_gallery":[],"jnews_single_post":[],"jnews_primary_category":[],"jnews_social_meta":[],"jnews_override_counter":[],"footnotes":""},"categories":[1],"tags":[],"class_list":["post-6985","post","type-post","status-publish","format-standard","has-post-thumbnail","hentry","category-genel"],"_links":{"self":[{"href":"https:\/\/iletim.istanbul.edu.tr\/index.php\/wp-json\/wp\/v2\/posts\/6985","targetHints":{"allow":["GET"]}}],"collection":[{"href":"https:\/\/iletim.istanbul.edu.tr\/index.php\/wp-json\/wp\/v2\/posts"}],"about":[{"href":"https:\/\/iletim.istanbul.edu.tr\/index.php\/wp-json\/wp\/v2\/types\/post"}],"author":[{"embeddable":true,"href":"https:\/\/iletim.istanbul.edu.tr\/index.php\/wp-json\/wp\/v2\/users\/14"}],"replies":[{"embeddable":true,"href":"https:\/\/iletim.istanbul.edu.tr\/index.php\/wp-json\/wp\/v2\/comments?post=6985"}],"version-history":[{"count":0,"href":"https:\/\/iletim.istanbul.edu.tr\/index.php\/wp-json\/wp\/v2\/posts\/6985\/revisions"}],"wp:featuredmedia":[{"embeddable":true,"href":"https:\/\/iletim.istanbul.edu.tr\/index.php\/wp-json\/wp\/v2\/media\/6986"}],"wp:attachment":[{"href":"https:\/\/iletim.istanbul.edu.tr\/index.php\/wp-json\/wp\/v2\/media?parent=6985"}],"wp:term":[{"taxonomy":"category","embeddable":true,"href":"https:\/\/iletim.istanbul.edu.tr\/index.php\/wp-json\/wp\/v2\/categories?post=6985"},{"taxonomy":"post_tag","embeddable":true,"href":"https:\/\/iletim.istanbul.edu.tr\/index.php\/wp-json\/wp\/v2\/tags?post=6985"}],"curies":[{"name":"wp","href":"https:\/\/api.w.org\/{rel}","templated":true}]}}