{"id":7004,"date":"2018-11-06T11:05:25","date_gmt":"2018-11-06T08:05:25","guid":{"rendered":"https:\/\/iletim.istanbul.edu.tr\/?p=7004"},"modified":"2018-11-06T11:05:25","modified_gmt":"2018-11-06T08:05:25","slug":"iuwebtv-haber-atolyesi-basladi","status":"publish","type":"post","link":"https:\/\/iletim.istanbul.edu.tr\/index.php\/2018\/11\/06\/iuwebtv-haber-atolyesi-basladi\/","title":{"rendered":"\u0130\u00dcWEBTV Haber At\u00f6lyesi Ba\u015flad\u0131"},"content":{"rendered":"<p><strong>Esra MUTLU<\/strong><br \/>\n<strong>Foto\u011fraf-Murat KASAP<\/strong><\/p>\n<p>\u0130\u00dcWEBTV At\u00f6lyeleri kapsam\u0131nda \u0130\u00dc \u0130leti\u015fim Fak\u00fcltesi Radyo Televizyon ve Sinema B\u00f6l\u00fcm\u00fc Dr. \u00d6\u011fr. \u00dcyesi Mesut Aytekin ve Dr. \u00d6\u011fr. \u00dcyesi Onur Akyol koordinat\u00f6rl\u00fc\u011f\u00fcnde d\u00fczenlenen Haber At\u00f6lyesi ba\u015flad\u0131.<\/p>\n<p>\u00d6\u011fr. G\u00f6r. Halil T\u00fcrker\u2019in e\u011fitmenli\u011finde \u0130\u00dcWEBTV Sunuculuk At\u00f6lyesi\u2019ne kat\u0131lan \u00f6\u011frencilere y\u00f6nelik ger\u00e7ekle\u015ftirilecek at\u00f6lye 2018-2019 Akademik Y\u0131l\u0131 G\u00fcz D\u00f6nemi boyunca devam edecek. \u0130\u00dcWEBTV Haber At\u00f6lyesi\u2019nde televizyon ve internet habercili\u011finin yan\u0131 s\u0131ra dergi ve gazete habercili\u011fi de ele al\u0131nacak.<\/p>\n<p><strong>G\u00f6r\u00fcnt\u00fcl\u00fc \u00d6zel Haberler \u00dcretilecek<\/strong><\/p>\n<p>\u201cAmac\u0131m\u0131z fak\u00fcltemiz \u00f6\u011frencilerinin haber kavram\u0131na olan yakla\u015f\u0131mlar\u0131n\u0131 ve haber k\u00fclt\u00fcr\u00fcn\u00fc geli\u015ftirmek, g\u00f6r\u00fcnt\u00fcl\u00fc \u00f6zel haber yap\u0131m s\u00fcrecine h\u00e2kim olmalar\u0131n\u0131 sa\u011flamak\u201d diyen \u00d6\u011fr. G\u00f6r. Halil T\u00fcrker, at\u00f6lyeye kat\u0131lan her \u00f6\u011frencinin g\u00f6r\u00fcnt\u00fcl\u00fc \u00f6zel haber haz\u0131rlayaca\u011f\u0131n\u0131 ve at\u00f6lye sonunda bir haberin olu\u015fum s\u00fcrecinin her a\u015famas\u0131na h\u00e2kim olacak d\u00fczeyde bir donan\u0131m kazanaca\u011f\u0131n\u0131 belirtti.<\/p>\n<p><strong>At\u00f6lye Sonunda Kat\u0131l\u0131m Sertifikas\u0131 Verilecek<\/strong><\/p>\n<p>Ge\u00e7en y\u0131l \u0130\u00dcWEBTV At\u00f6lyeleri kapsam\u0131nda d\u00fczenlenen Sunuculuk At\u00f6lyesi\u2019ni hat\u0131rlatan \u00d6\u011fr. G\u00f6r. T\u00fcrker, \u00a0\u201cGe\u00e7ti\u011fimiz y\u0131l Sunuculuk At\u00f6lyesi program\u0131m\u0131z\u0131 tamamlay\u0131p bu y\u0131l Haber At\u00f6lyesi\u2019ne devam eden \u00f6\u011frencilerimizin say\u0131s\u0131n\u0131n y\u00fcksek olmas\u0131 sevindirici, haberin mutfa\u011f\u0131nda ve ayn\u0131 zamanda kamera \u00f6n\u00fcnde yer almak isteyenler i\u00e7in b\u00fcy\u00fck bir f\u0131rsat\u201d diyerek \u00f6\u011frencileri sekt\u00f6re \u00e7ok y\u00f6nl\u00fc bir \u015fekilde haz\u0131rlamak i\u00e7in \u00e7al\u0131\u015ft\u0131klar\u0131n\u0131 belirtti.<\/p>\n<p>\u0130\u00dcWEBTV Haber At\u00f6lyesi\u2019ne kat\u0131lan \u00f6\u011frenciler haber yap\u0131m s\u00fcrecinde \u0130leti\u015fim Fak\u00fcltesi St\u00fcdyolar\u0131\u2019n\u0131n teknik imk\u00e2nlar\u0131n\u0131 kullanacak. Haber At\u00f6lyesi\u2019ni tamamlayan \u00f6\u011frencilere kat\u0131l\u0131m sertifikas\u0131 verilecek. At\u00f6lye kapsam\u0131nda haz\u0131rlanan haberler \u0130\u00dcWEBTV\u2019de yay\u0131nlanacak ve yar\u0131\u015fmalara g\u00f6nderilecek.<\/p>\n<p><strong>Teori ve Pratik Bir Arada<\/strong><\/p>\n<p>At\u00f6lyeye kat\u0131lan \u00f6\u011frenciler, ge\u00e7en y\u0131l Sunuculuk At\u00f6lyesi\u2019nde\u00a0oldu\u011fu gibi teorik ve pratik e\u011fitimi bir arada g\u00f6rmenin kendileri i\u00e7in \u00f6nemli bir katk\u0131 oldu\u011funu, bu durumun fak\u00fclte i\u00e7erisindeki \u00fcretimi art\u0131raca\u011f\u0131n\u0131 ifade ettiler.<\/p>\n<div id='gallery_1' class='gallery galleryid-7004 gallery-columns-5 gallery-size-large'><figure class='gallery-item'>\n                <div class='gallery-icon landscape'>\n                    <a href='https:\/\/iletim.istanbul.edu.tr\/wp-content\/uploads\/DSC0361-5.jpg'><img loading=\"lazy\" decoding=\"async\" width=\"1024\" height=\"680\" src=\"\" class=\"attachment-large size-large lazyload\" alt=\"\" data-src=\"https:\/\/iletim.istanbul.edu.tr\/wp-content\/uploads\/DSC0361-5-1024x680.jpg\" data-sizes=\"auto\" data-srcset=\"https:\/\/iletim.istanbul.edu.tr\/wp-content\/uploads\/DSC0361-5-1024x680.jpg 1024w, https:\/\/iletim.istanbul.edu.tr\/wp-content\/uploads\/DSC0361-5-300x199.jpg 300w, https:\/\/iletim.istanbul.edu.tr\/wp-content\/uploads\/DSC0361-5-768x510.jpg 768w\" data-expand=\"700\" \/><\/a>\n                <\/div><\/figure><figure class='gallery-item'>\n                <div class='gallery-icon landscape'>\n                    <a href='https:\/\/iletim.istanbul.edu.tr\/wp-content\/uploads\/DSC0362.jpg'><img loading=\"lazy\" decoding=\"async\" width=\"1024\" height=\"680\" src=\"\" class=\"attachment-large size-large lazyload\" alt=\"\" data-src=\"https:\/\/iletim.istanbul.edu.tr\/wp-content\/uploads\/DSC0362-1024x680.jpg\" data-sizes=\"auto\" data-srcset=\"https:\/\/iletim.istanbul.edu.tr\/wp-content\/uploads\/DSC0362-1024x680.jpg 1024w, https:\/\/iletim.istanbul.edu.tr\/wp-content\/uploads\/DSC0362-300x199.jpg 300w, https:\/\/iletim.istanbul.edu.tr\/wp-content\/uploads\/DSC0362-768x510.jpg 768w\" data-expand=\"700\" \/><\/a>\n                <\/div><\/figure><figure class='gallery-item'>\n                <div class='gallery-icon landscape'>\n                    <a href='https:\/\/iletim.istanbul.edu.tr\/wp-content\/uploads\/DSC0363-1.jpg'><img loading=\"lazy\" decoding=\"async\" width=\"1024\" height=\"680\" src=\"\" class=\"attachment-large size-large lazyload\" alt=\"\" data-src=\"https:\/\/iletim.istanbul.edu.tr\/wp-content\/uploads\/DSC0363-1-1024x680.jpg\" data-sizes=\"auto\" data-srcset=\"https:\/\/iletim.istanbul.edu.tr\/wp-content\/uploads\/DSC0363-1-1024x680.jpg 1024w, https:\/\/iletim.istanbul.edu.tr\/wp-content\/uploads\/DSC0363-1-300x199.jpg 300w, https:\/\/iletim.istanbul.edu.tr\/wp-content\/uploads\/DSC0363-1-768x510.jpg 768w\" data-expand=\"700\" \/><\/a>\n                <\/div><\/figure><figure class='gallery-item'>\n                <div class='gallery-icon landscape'>\n                    <a href='https:\/\/iletim.istanbul.edu.tr\/wp-content\/uploads\/DSC0360-1.jpg'><img loading=\"lazy\" decoding=\"async\" width=\"1024\" height=\"680\" src=\"\" class=\"attachment-large size-large lazyload\" alt=\"\" data-src=\"https:\/\/iletim.istanbul.edu.tr\/wp-content\/uploads\/DSC0360-1-1024x680.jpg\" data-sizes=\"auto\" data-srcset=\"https:\/\/iletim.istanbul.edu.tr\/wp-content\/uploads\/DSC0360-1-1024x680.jpg 1024w, https:\/\/iletim.istanbul.edu.tr\/wp-content\/uploads\/DSC0360-1-300x199.jpg 300w, https:\/\/iletim.istanbul.edu.tr\/wp-content\/uploads\/DSC0360-1-768x510.jpg 768w\" data-expand=\"700\" \/><\/a>\n                <\/div><\/figure><figure class='gallery-item'>\n                <div class='gallery-icon landscape'>\n                    <a href='https:\/\/iletim.istanbul.edu.tr\/wp-content\/uploads\/DSC0355-2.jpg'><img loading=\"lazy\" decoding=\"async\" width=\"1024\" height=\"680\" src=\"\" class=\"attachment-large size-large lazyload\" alt=\"\" data-src=\"https:\/\/iletim.istanbul.edu.tr\/wp-content\/uploads\/DSC0355-2-1024x680.jpg\" data-sizes=\"auto\" data-srcset=\"https:\/\/iletim.istanbul.edu.tr\/wp-content\/uploads\/DSC0355-2-1024x680.jpg 1024w, https:\/\/iletim.istanbul.edu.tr\/wp-content\/uploads\/DSC0355-2-300x199.jpg 300w, https:\/\/iletim.istanbul.edu.tr\/wp-content\/uploads\/DSC0355-2-768x510.jpg 768w\" data-expand=\"700\" \/><\/a>\n                <\/div><\/figure><br style=\"clear: both\" \/>\n            <\/div>\n\n","protected":false},"excerpt":{"rendered":"<p>\u0130\u00dcWEBTV At\u00f6lyeleri kapsam\u0131nda \u0130\u00dc \u0130leti\u015fim Fak\u00fcltesi Radyo Televizyon ve Sinema B\u00f6l\u00fcm\u00fc Dr. \u00d6\u011fr. \u00dcyesi Mesut Aytekin ve Dr. \u00d6\u011fr. \u00dcyesi Onur Akyol koordinat\u00f6rl\u00fc\u011f\u00fcnde d\u00fczenlenen Haber At\u00f6lyesi ba\u015flad\u0131.<\/p>\n","protected":false},"author":14,"featured_media":7005,"comment_status":"open","ping_status":"open","sticky":false,"template":"","format":"standard","meta":{"jnews-multi-image_gallery":[],"jnews_single_post":[],"jnews_primary_category":[],"jnews_social_meta":[],"jnews_override_counter":[],"footnotes":""},"categories":[1],"tags":[],"class_list":["post-7004","post","type-post","status-publish","format-standard","has-post-thumbnail","hentry","category-genel"],"_links":{"self":[{"href":"https:\/\/iletim.istanbul.edu.tr\/index.php\/wp-json\/wp\/v2\/posts\/7004","targetHints":{"allow":["GET"]}}],"collection":[{"href":"https:\/\/iletim.istanbul.edu.tr\/index.php\/wp-json\/wp\/v2\/posts"}],"about":[{"href":"https:\/\/iletim.istanbul.edu.tr\/index.php\/wp-json\/wp\/v2\/types\/post"}],"author":[{"embeddable":true,"href":"https:\/\/iletim.istanbul.edu.tr\/index.php\/wp-json\/wp\/v2\/users\/14"}],"replies":[{"embeddable":true,"href":"https:\/\/iletim.istanbul.edu.tr\/index.php\/wp-json\/wp\/v2\/comments?post=7004"}],"version-history":[{"count":0,"href":"https:\/\/iletim.istanbul.edu.tr\/index.php\/wp-json\/wp\/v2\/posts\/7004\/revisions"}],"wp:featuredmedia":[{"embeddable":true,"href":"https:\/\/iletim.istanbul.edu.tr\/index.php\/wp-json\/wp\/v2\/media\/7005"}],"wp:attachment":[{"href":"https:\/\/iletim.istanbul.edu.tr\/index.php\/wp-json\/wp\/v2\/media?parent=7004"}],"wp:term":[{"taxonomy":"category","embeddable":true,"href":"https:\/\/iletim.istanbul.edu.tr\/index.php\/wp-json\/wp\/v2\/categories?post=7004"},{"taxonomy":"post_tag","embeddable":true,"href":"https:\/\/iletim.istanbul.edu.tr\/index.php\/wp-json\/wp\/v2\/tags?post=7004"}],"curies":[{"name":"wp","href":"https:\/\/api.w.org\/{rel}","templated":true}]}}