{"id":7049,"date":"2018-11-14T16:06:42","date_gmt":"2018-11-14T13:06:42","guid":{"rendered":"https:\/\/iletim.istanbul.edu.tr\/?p=7049"},"modified":"2018-11-15T16:18:41","modified_gmt":"2018-11-15T13:18:41","slug":"dunya-yuksekogretim-bitirme-rekorunu-60-yasinda-kirdi","status":"publish","type":"post","link":"https:\/\/iletim.istanbul.edu.tr\/index.php\/2018\/11\/14\/dunya-yuksekogretim-bitirme-rekorunu-60-yasinda-kirdi\/","title":{"rendered":"D\u00fcnya Y\u00fcksek\u00f6\u011fretim Bitirme Rekoru\u2019nu 60 Ya\u015f\u0131nda K\u0131rd\u0131"},"content":{"rendered":"<p><span style=\"color: #000000\"><strong>Hande Nur OCAK<\/strong><\/span><\/p>\n<p><span style=\"color: #000000\">Gazeteci Ahmet Co\u015fkunayd\u0131n, a\u00e7\u0131k ve \u00f6rg\u00fcn programlarla birlikte 4 y\u00fcksekokul bitirerek, &#8216;D\u00fcnya Y\u00fcksek\u00f6\u011fretim Bitirme Rekoru&#8217;nu k\u0131rd\u0131 ve 60 ya\u015f sonras\u0131 en \u00e7ok y\u00fcksekokul bitirme kategorisi erkeklerde &#8220;World Records&#8221; kay\u0131tlar\u0131nda yerini ald\u0131. \u0130stanbul \u00dcniversitesi&#8217;nde 4 ayr\u0131 b\u00f6l\u00fcm\u00fc y\u00fcksek derecelerle bitiren Co\u015fkunayd\u0131n, \u015fuan \u0130ktisat Fak\u00fcltesi \u00c7al\u0131\u015fma Ekonomisi b\u00f6l\u00fcm\u00fcnde y\u00fcksek lisans yap\u0131yor. <\/span><\/p>\n<p><span style=\"color: #000000\">Kendini hep \u00f6\u011frenci olarak tan\u0131tt\u0131\u011f\u0131n\u0131 s\u00f6yleyen Ahmet Co\u015fkunayd\u0131n, \u201cNe i\u015f yapars\u0131n\u0131z dediklerinde ben \u00f6\u011frenciyim diyorum. Bundan b\u00fcy\u00fck gurur duyuyorum\u201d dedi. Yakla\u015f\u0131k 40 y\u0131ld\u0131r gazetecilik yapt\u0131\u011f\u0131n\u0131 s\u00f6yleyen Co\u015fkunayd\u0131n, ilk mezuniyetinin \u0130stanbul \u00dcniversitesi Eczac\u0131l\u0131k Fak\u00fcltesi oldu\u011funu belirtti. 1990\u2019l\u0131 y\u0131llarda \u0130stanbul \u00dcniversitesi Radyo Televizyon Y\u00fcksekokulu\u2019nda habercilik dersi verdi\u011fine dikkat \u00e7eken Co\u015fkunayd\u0131n, \u201c\u00d6\u011frencisi oldu\u011fum okulda hocal\u0131k yapm\u0131\u015f olmak beni \u00e7ok gururland\u0131r\u0131yor\u201d \u015feklinde konu\u015ftu.<\/span><\/p>\n<p><span style=\"color: #000000\"><strong>\u201cB\u00fcy\u00fck Bir Zevkle Ders \u00c7al\u0131\u015f\u0131yorum\u201d<\/strong> <\/span><\/p>\n<p><span style=\"color: #000000\">60 ya\u015f \u00fcst\u00fc 4 y\u0131ll\u0131k fak\u00fclte bitirme rekorunun s\u00fcrecinden bahseden Co\u015fkunayd\u0131n, uzun y\u0131llar Moskova Devlet \u00dcniversitesi Asya ve Afrika \u00dclkeleri Enstit\u00fcs\u00fc\u2019nde \u00e7al\u0131\u015ft\u0131\u011f\u0131n\u0131 s\u00f6yleyerek T\u00fcrkiye\u2019ye d\u00f6nd\u00fckten sonra Anadolu \u00dcniversitesinin s\u0131navs\u0131z \u00f6\u011frenci sistemini \u00f6\u011frendi\u011fini ve Adalet Meslek Y\u00fcksekokulu\u2019na girdi\u011fini s\u00f6yledi. Co\u015fkunayd\u0131n, \u201cOnu bitirdikten sonra ders durumum \u00e7ok iyi oldu\u011fu i\u00e7in dikey ge\u00e7i\u015fle Kamu Y\u00f6netimine ge\u00e7tim. Oras\u0131 da 4 y\u0131ld\u0131 fakat ben 2 y\u0131lda bitirdim. Sonras\u0131nda da Uluslararas\u0131 \u0130li\u015fkiler b\u00f6l\u00fcm\u00fcn\u00fc 2 y\u0131lda bitirdim\u201d dedi. Ayn\u0131 zamanda aftan faydalan\u0131p lisans\u00fcst\u00fc gazetecili\u011fe hak kazan\u0131p bir y\u0131l devam ettikten sonra tezli y\u00fcksek lisans\u0131 da bitiren Co\u015fkunayd\u0131n, \u201cB\u00f6ylelikle 60 ya\u015f\u0131ndan sonra 4 tane okulu bitirmi\u015f oldum. \u015euanda iki \u00f6\u011frencili\u011fim var: Anadolu \u00dcniversitesi\u2019nde Tar\u0131m okuyorum, ikinci s\u0131n\u0131f\u0131nday\u0131m; bir de \u0130stanbul \u00dcniversitesi \u00c7al\u0131\u015fma Ekonomisi. Ayn\u0131 zamanda G\u00fclhane Askeri T\u0131p Akademisi\u2019nde Sava\u015f Hekimli\u011fi diye bir bu\u00e7uk y\u0131l master program\u0131 vard\u0131 onu da y\u00fcksekokul kabul edersek, diplomalar\u0131m\u0131 sayd\u0131\u011f\u0131mda \u015fuan 6 tane g\u00f6r\u00fcyorum ama gelecek olan 4 tane yolda var 10\u2019a do\u011fru gidiyorum \u201ddedi.<\/span><\/p>\n<p><span style=\"color: #000000\"><strong>\u201cBa\u015far\u0131n\u0131n S\u0131rr\u0131 Prensipli Olmak\u201d<\/strong><\/span><\/p>\n<p><span style=\"color: #000000\">\u00c7ok \u00e7al\u0131\u015fman\u0131n de\u011fil, prensipli olman\u0131n \u00f6nemli oldu\u011funu ifade eden Co\u015fkunayd\u0131n, planl\u0131 bir \u015fekilde \u00e7al\u0131\u015ft\u0131\u011f\u0131n\u0131 anlatt\u0131. Co\u015fkunayd\u0131n, BM\u2019nin \u00f6m\u00fcr boyu \u00f6\u011frenimi kabul etti\u011fini belirterek buna ayak uyduranlardan biri oldu\u011fu i\u00e7in \u00e7ok mutlu hissetti\u011fini dile getirdi. <\/span><br \/>\n<span style=\"color: #000000\">Yeni nesil gen\u00e7ler hakk\u0131nda g\u00f6r\u00fc\u015flerini belirten Co\u015fkunayd\u0131n, \u201cOkulu bitirince diplomay\u0131 al\u0131p gidiyim bir kap\u0131ya \u2018maa\u015fl\u0131 memur olay\u0131m\u2019 d\u00fc\u015f\u00fcncesinden uzakla\u015fmas\u0131 gerekiyor insanlar\u0131n. Bir\u00e7ok \u00fcniversitede giri\u015fimcilik dersleri konuldu. \u0130nsanlar buraya y\u00f6nelmeli. Kendi i\u015fini kurmal\u0131. Bu \u00e7ok \u00f6nemli ki o zaman gen\u00e7lerdeki umutsuzluk da ortadan kalkacak; daha b\u00fcy\u00fck hedefler, i\u015fler ortaya \u00e7\u0131kacak\u201d dedi.<\/span><\/p>\n<p><span style=\"color: #000000\"><strong>\u201cArt\u0131k D\u00fcnya Avucumuzun \u0130\u00e7inde\u201d<\/strong><\/span><\/p>\n<p><span style=\"color: #000000\">\u00d6\u011frencilere tavsiyelerde bulunan Co\u015fkunayd\u0131n, d\u00fcnyadaki geli\u015fmeleri yak\u0131ndan takip etmenin ve dil \u00f6\u011frenmenin \u00f6neminden bahsetti. \u201cArt\u0131k d\u00fcnya avucumuzun i\u00e7inde, internet sayesinde kaynak sonsuz. Hocam\u0131z Mustafa \u00c7atalo\u011flu\u2019nun bize verdi\u011fi bir hayat dersi vard\u0131, \u015funu s\u00f6ylerdi: \u2018Bana talebe laz\u0131m de\u011fil, talep\u2019e laz\u0131m\u2019 derdi. Yani talep eden, isteyen, arzulayan\u2026 Dolay\u0131s\u0131yla \u00f6\u011frencilerimize de talebe olmalar\u0131n\u0131 de\u011fil talep\u2019e olmalar\u0131n\u0131 \u00f6neriyorum\u201d diyerek s\u00f6zlerini noktalad\u0131.<strong><br \/>\n<\/strong><\/span><\/p>\n<div id='gallery_1' class='gallery galleryid-7049 gallery-columns-3 gallery-size-large'><figure class='gallery-item'>\n                <div class='gallery-icon landscape'>\n                    <a href='https:\/\/iletim.istanbul.edu.tr\/wp-content\/uploads\/20170707_160144.jpg'><img loading=\"lazy\" decoding=\"async\" width=\"1024\" height=\"576\" src=\"\" class=\"attachment-large size-large lazyload\" alt=\"\" data-src=\"https:\/\/iletim.istanbul.edu.tr\/wp-content\/uploads\/20170707_160144-1024x576.jpg\" data-sizes=\"auto\" data-srcset=\"https:\/\/iletim.istanbul.edu.tr\/wp-content\/uploads\/20170707_160144-1024x576.jpg 1024w, https:\/\/iletim.istanbul.edu.tr\/wp-content\/uploads\/20170707_160144-300x169.jpg 300w, https:\/\/iletim.istanbul.edu.tr\/wp-content\/uploads\/20170707_160144-768x432.jpg 768w\" data-expand=\"700\" \/><\/a>\n                <\/div><\/figure><figure class='gallery-item'>\n                <div class='gallery-icon landscape'>\n                    <a href='https:\/\/iletim.istanbul.edu.tr\/wp-content\/uploads\/IMG_1648.jpg'><img loading=\"lazy\" decoding=\"async\" width=\"1024\" height=\"768\" src=\"\" class=\"attachment-large size-large lazyload\" alt=\"\" data-src=\"https:\/\/iletim.istanbul.edu.tr\/wp-content\/uploads\/IMG_1648-1024x768.jpg\" data-sizes=\"auto\" data-srcset=\"https:\/\/iletim.istanbul.edu.tr\/wp-content\/uploads\/IMG_1648-1024x768.jpg 1024w, https:\/\/iletim.istanbul.edu.tr\/wp-content\/uploads\/IMG_1648-300x225.jpg 300w, https:\/\/iletim.istanbul.edu.tr\/wp-content\/uploads\/IMG_1648-768x576.jpg 768w, https:\/\/iletim.istanbul.edu.tr\/wp-content\/uploads\/IMG_1648.jpg 1600w\" data-expand=\"700\" \/><\/a>\n                <\/div><\/figure><figure class='gallery-item'>\n                <div class='gallery-icon landscape'>\n                    <a href='https:\/\/iletim.istanbul.edu.tr\/wp-content\/uploads\/IMG_1649.jpg'><img loading=\"lazy\" decoding=\"async\" width=\"1024\" height=\"768\" src=\"\" class=\"attachment-large size-large lazyload\" alt=\"\" data-src=\"https:\/\/iletim.istanbul.edu.tr\/wp-content\/uploads\/IMG_1649-1024x768.jpg\" data-sizes=\"auto\" data-srcset=\"https:\/\/iletim.istanbul.edu.tr\/wp-content\/uploads\/IMG_1649-1024x768.jpg 1024w, https:\/\/iletim.istanbul.edu.tr\/wp-content\/uploads\/IMG_1649-300x225.jpg 300w, https:\/\/iletim.istanbul.edu.tr\/wp-content\/uploads\/IMG_1649-768x576.jpg 768w, https:\/\/iletim.istanbul.edu.tr\/wp-content\/uploads\/IMG_1649.jpg 1600w\" data-expand=\"700\" \/><\/a>\n                <\/div><\/figure><br style=\"clear: both\" \/>\n            <\/div>\n\n<p>&nbsp;<\/p>\n","protected":false},"excerpt":{"rendered":"<p>Gazeteci Ahmet Co\u015fkunayd\u0131n, a\u00e7\u0131k ve \u00f6rg\u00fcn programlarla birlikte 4 y\u00fcksekokul bitirerek, &#8216;D\u00fcnya Y\u00fcksek\u00f6\u011fretim Bitirme Rekoru&#8217;nu k\u0131rd\u0131 ve 60 ya\u015f sonras\u0131 en \u00e7ok y\u00fcksekokul bitirme kategorisi erkeklerde &#8220;World Records&#8221; kay\u0131tlar\u0131nda yerini ald\u0131. \u0130stanbul \u00dcniversitesinde 4 ayr\u0131 b\u00f6l\u00fcm\u00fc y\u00fcksek derecelerle bitiren Co\u015fkunayd\u0131n, \u015fuan \u0130ktisat Fak\u00fcltesi \u00c7al\u0131\u015fma Ekonomisi b\u00f6l\u00fcm\u00fcnde y\u00fcksek lisans yap\u0131yor.<\/p>\n","protected":false},"author":14,"featured_media":7053,"comment_status":"open","ping_status":"open","sticky":false,"template":"","format":"standard","meta":{"jnews-multi-image_gallery":[],"jnews_single_post":[],"jnews_primary_category":[],"jnews_social_meta":[],"jnews_override_counter":[],"footnotes":""},"categories":[1],"tags":[],"class_list":["post-7049","post","type-post","status-publish","format-standard","has-post-thumbnail","hentry","category-genel"],"_links":{"self":[{"href":"https:\/\/iletim.istanbul.edu.tr\/index.php\/wp-json\/wp\/v2\/posts\/7049","targetHints":{"allow":["GET"]}}],"collection":[{"href":"https:\/\/iletim.istanbul.edu.tr\/index.php\/wp-json\/wp\/v2\/posts"}],"about":[{"href":"https:\/\/iletim.istanbul.edu.tr\/index.php\/wp-json\/wp\/v2\/types\/post"}],"author":[{"embeddable":true,"href":"https:\/\/iletim.istanbul.edu.tr\/index.php\/wp-json\/wp\/v2\/users\/14"}],"replies":[{"embeddable":true,"href":"https:\/\/iletim.istanbul.edu.tr\/index.php\/wp-json\/wp\/v2\/comments?post=7049"}],"version-history":[{"count":0,"href":"https:\/\/iletim.istanbul.edu.tr\/index.php\/wp-json\/wp\/v2\/posts\/7049\/revisions"}],"wp:featuredmedia":[{"embeddable":true,"href":"https:\/\/iletim.istanbul.edu.tr\/index.php\/wp-json\/wp\/v2\/media\/7053"}],"wp:attachment":[{"href":"https:\/\/iletim.istanbul.edu.tr\/index.php\/wp-json\/wp\/v2\/media?parent=7049"}],"wp:term":[{"taxonomy":"category","embeddable":true,"href":"https:\/\/iletim.istanbul.edu.tr\/index.php\/wp-json\/wp\/v2\/categories?post=7049"},{"taxonomy":"post_tag","embeddable":true,"href":"https:\/\/iletim.istanbul.edu.tr\/index.php\/wp-json\/wp\/v2\/tags?post=7049"}],"curies":[{"name":"wp","href":"https:\/\/api.w.org\/{rel}","templated":true}]}}