{"id":7058,"date":"2018-11-26T12:57:33","date_gmt":"2018-11-26T09:57:33","guid":{"rendered":"https:\/\/iletim.istanbul.edu.tr\/?p=7058"},"modified":"2018-11-26T14:45:02","modified_gmt":"2018-11-26T11:45:02","slug":"cocuklar-icin-1-kitap-1-gelecek","status":"publish","type":"post","link":"https:\/\/iletim.istanbul.edu.tr\/index.php\/2018\/11\/26\/cocuklar-icin-1-kitap-1-gelecek\/","title":{"rendered":"\u00c7ocuklar \u0130\u00e7in 1 Kitap = 1 Gelecek"},"content":{"rendered":"<p><strong>Ya\u011fmur Ceren KURAL<\/strong><\/p>\n<p>K\u00f6y okullar\u0131nda okumakta olan \u00f6\u011frencilerin hayal g\u00fc\u00e7lerinin geli\u015fmesi ve kitapla tan\u0131\u015f\u0131p, okuma al\u0131\u015fkanl\u0131klar\u0131n\u0131n olu\u015fmas\u0131 amac\u0131yla \u0130stanbul \u00dcniversitesi Arap Dili ve Edebiyat\u0131 mezunu Erzan Aktar taraf\u0131ndan ba\u015flat\u0131lan \u201c1 Kitap=1 Gelecek\u201d projesi \u00e7ocuklar\u0131n y\u00fcz\u00fcn\u00fc g\u00fcld\u00fcr\u00fcyor.<\/p>\n<p>Projenin \u00f6nceli\u011finin, \u00f6\u011frencilerin sosyal ve okul hayatlar\u0131nda daha etkin ve \u00fcretici bireyler olmalar\u0131n\u0131 hedeflemek oldu\u011funu kaydeden Aktar, sosyal medya kanallar\u0131 \u00fczerinden \u201cokumak g\u00fczel \u015fey\u201d \u00e7a\u011fr\u0131s\u0131yla bu hedef do\u011frultusunda \u00e7al\u0131\u015fmalar y\u00fcr\u00fct\u00fcld\u00fc\u011f\u00fcn\u00fc belirtti.<\/p>\n<p><strong>\u00c7ocuklar Sonsuz Hayal Kurabilecekler<\/strong><\/p>\n<p>Projeye ba\u015flay\u0131\u015f s\u00fcrecini anlatan Aktar, \u201c2009 y\u0131l\u0131nda Do\u011fu Anadolu B\u00f6lgesi\u2019nde bir k\u00f6y okulu i\u00e7in sosyal medya \u00fczerinden bir \u00e7a\u011fr\u0131 yaparak ba\u015flad\u0131k. \u00c7a\u011fr\u0131ya cevap veren o kadar \u00e7ok g\u00f6n\u00fcll\u00fc oldu ki kolilerce kitap toplad\u0131k ve karde\u015f okulumuza g\u00f6nderebildik. Bu okul bizim i\u00e7in bir d\u00f6n\u00fcm noktas\u0131 oldu diyebiliriz\u201d ifadelerini kulland\u0131.<\/p>\n<p><img decoding=\"async\" class=\"alignnone size-large wp-image-7061\" src=\"https:\/\/iletim.istanbul.edu.tr\/wp-content\/uploads\/ayd\u0131n3-1024x498.jpg\" alt=\"\" width=\"702\" height=\"341\" srcset=\"https:\/\/iletim.istanbul.edu.tr\/wp-content\/uploads\/ayd\u0131n3-1024x498.jpg 1024w, https:\/\/iletim.istanbul.edu.tr\/wp-content\/uploads\/ayd\u0131n3-300x146.jpg 300w, https:\/\/iletim.istanbul.edu.tr\/wp-content\/uploads\/ayd\u0131n3-768x373.jpg 768w, https:\/\/iletim.istanbul.edu.tr\/wp-content\/uploads\/ayd\u0131n3.jpg 1316w\" sizes=\"(max-width: 702px) 100vw, 702px\" \/><\/p>\n<p>Karde\u015f okullara ziyaretler d\u00fczenlenmesinin projenin en \u00f6nemli par\u00e7as\u0131 oldu\u011funu s\u00f6yleyen Aktar, \u201cBu ziyaretlerimizde \u00e7ocuklarla beraber kitap okuyoruz, kitap \u00fczerine tart\u0131\u015f\u0131yoruz ve birbirimize sorular sorup, onlar\u0131n \u00fczerinden ba\u015fka hikayeler \u00e7\u0131kar\u0131yoruz. \u00c7ocuklar\u0131n ders d\u0131\u015f\u0131nda \u00f6\u011frendiklerini anlatabilecekleri ve sonsuz hayal kurabilecekleri alanlar yaratmaya \u00e7al\u0131\u015f\u0131yoruz\u201d dedi.<\/p>\n<p>Sosyal medya hesaplar\u0131 \u00fczerinden destek verilecek okullar\u0131n ihtiya\u00e7lar\u0131n\u0131n payla\u015f\u0131ld\u0131\u011f\u0131n\u0131 bildiren Aktar, sosyal medya arac\u0131l\u0131\u011f\u0131 ile daha fazla insana ula\u015f\u0131ld\u0131\u011f\u0131n\u0131 ve desteklerin artmas\u0131n\u0131n kolayla\u015ft\u0131\u011f\u0131n\u0131 dile getirdi.<\/p>\n<p><strong>\u201c7 B\u00f6lgede 125\u2019ten Fazla K\u00f6y Okuluna Ula\u015ft\u0131k\u201d<\/strong><\/p>\n<p>Proje ile manevi bir ba\u011f kurman\u0131n \u00f6nemli oldu\u011funa dikkat \u00e7eken Aktar, bu do\u011frultuda maddi yard\u0131m kabul edilmedi\u011fini belirterek s\u00f6zlerine \u015fu \u015fekilde devam etti: \u201cHer g\u00f6n\u00fcll\u00fcm\u00fcz, \u00f6\u011frenciler i\u00e7in al\u0131\u015fveri\u015fini kendisi yap\u0131yor ve bize iletiyor. Bizler de bu noktada hediyelerimizi do\u011fru \u015fekilde \u00f6\u011frencilere iletmekle y\u00fck\u00fcml\u00fc oluyoruz. Okul ziyaretlerine de isteyen g\u00f6n\u00fcll\u00fclerimiz kat\u0131labiliyor. Hep beraber yarat\u0131lan bu ortam, \u00f6\u011frencilere moral deste\u011fi sa\u011fl\u0131yor ve g\u00f6n\u00fcllere i\u00e7 ferahl\u0131\u011f\u0131 hissettiriyor.\u201d<\/p>\n<p>\u015eu ana kadar 7 b\u00f6lgede 125\u2019ten fazla k\u00f6y okulunda, binlerce \u00f6\u011frenciye ula\u015f\u0131ld\u0131\u011f\u0131n\u0131n alt\u0131n\u0131 \u00e7izen Aktar, \u201cHer g\u00fcn b\u00fcy\u00fcyen g\u00f6n\u00fcll\u00fc a\u011f\u0131m\u0131z ile \u00e7ocuklar\u0131n dileklerini ger\u00e7ekle\u015ftirmek, onlar\u0131n y\u00fczlerine kocaman g\u00fcl\u00fcmsemeler kondurmak i\u00e7in kalbi \u00e7arpan g\u00fczel insanlar ile beraber daha \u00e7ok \u00e7ocu\u011fa ula\u015fma hedefindeyiz&#8221; dedi ve\u00a0 T\u00fcrkiye\u2019nin d\u00f6rt bir k\u00f6\u015fesindeki k\u00f6y okullar\u0131n\u0131n hepsine kitapl\u0131k ve k\u00fct\u00fcphane kurma amac\u0131nda olduklar\u0131n\u0131 belirterek, &#8220;Bu u\u011furda her t\u00fcrl\u00fc deste\u011fe de a\u00e7\u0131\u011f\u0131z\u201d \u015feklinde konu\u015ftu.<\/p>\n<p><img decoding=\"async\" class=\"alignnone size-full wp-image-7062\" src=\"https:\/\/iletim.istanbul.edu.tr\/wp-content\/uploads\/bkbg2.jpg\" alt=\"\" width=\"967\" height=\"581\" srcset=\"https:\/\/iletim.istanbul.edu.tr\/wp-content\/uploads\/bkbg2.jpg 967w, https:\/\/iletim.istanbul.edu.tr\/wp-content\/uploads\/bkbg2-300x180.jpg 300w, https:\/\/iletim.istanbul.edu.tr\/wp-content\/uploads\/bkbg2-768x461.jpg 768w\" sizes=\"(max-width: 967px) 100vw, 967px\" \/>Dezavantajl\u0131 b\u00f6lgelerde e\u011fitim ve \u00f6\u011fretim g\u00f6rmeye devam eden \u00f6\u011frencilere okuma al\u0131\u015fkanl\u0131\u011f\u0131n\u0131n sadece kitap g\u00f6ndermekle kazand\u0131ralamayaca\u011f\u0131n\u0131n bilincinde olduklar\u0131n\u0131 vurgulayan Aktar, \u201cBu noktada, \u00f6\u011frencilerin kendilerini destekleyen birilerinin oldu\u011funu bilmeleri, ziyaretlerimiz esnas\u0131nda da g\u00f6n\u00fcll\u00fclerimizin onlarla birebir vakit ge\u00e7irmeleriyle \u00f6\u011frencilerin okumaya olan isteklerinin artt\u0131\u011f\u0131n\u0131 g\u00f6zlemlemekteyiz\u201d dedi.<\/p>\n<p>Aktar, proje olarak zamanla okullar\u0131n ve \u00f6\u011frencilerin kitap ihtiya\u00e7lar\u0131n\u0131n da \u00f6tesine ge\u00e7ildi\u011fini belirterek, \u00e7ocuklar\u0131n \u00e7anta ve giyim ihtiya\u00e7lar\u0131na y\u00f6nelik olarak projelerle destek vermeye \u00e7al\u0131\u015f\u0131ld\u0131\u011f\u0131n\u0131 s\u00f6yledi ve konu\u015fmas\u0131n\u0131 sonland\u0131rd\u0131.<\/p>\n<div id='gallery_1' class='gallery galleryid-7058 gallery-columns-6 gallery-size-thumbnail'><figure class='gallery-item'>\n                <div class='gallery-icon landscape'>\n                    <a href='https:\/\/iletim.istanbul.edu.tr\/wp-content\/uploads\/ayd\u0131n-1.jpg'><img loading=\"lazy\" decoding=\"async\" width=\"150\" height=\"150\" src=\"\" class=\"attachment-thumbnail size-thumbnail lazyload\" alt=\"\" data-src=\"https:\/\/iletim.istanbul.edu.tr\/wp-content\/uploads\/ayd\u0131n-1-150x150.jpg\" data-sizes=\"auto\" data-srcset=\"\" data-expand=\"700\" \/><\/a>\n                <\/div><\/figure><figure class='gallery-item'>\n                <div class='gallery-icon landscape'>\n                    <a href='https:\/\/iletim.istanbul.edu.tr\/wp-content\/uploads\/bkbg-1.jpg'><img loading=\"lazy\" decoding=\"async\" width=\"150\" height=\"150\" src=\"\" class=\"attachment-thumbnail size-thumbnail lazyload\" alt=\"\" data-src=\"https:\/\/iletim.istanbul.edu.tr\/wp-content\/uploads\/bkbg-1-150x150.jpg\" data-sizes=\"auto\" data-srcset=\"\" data-expand=\"700\" \/><\/a>\n                <\/div><\/figure><figure class='gallery-item'>\n                <div class='gallery-icon landscape'>\n                    <a href='https:\/\/iletim.istanbul.edu.tr\/wp-content\/uploads\/ku\u0308tahya.jpg'><img loading=\"lazy\" decoding=\"async\" width=\"150\" height=\"150\" src=\"\" class=\"attachment-thumbnail size-thumbnail lazyload\" alt=\"\" data-src=\"https:\/\/iletim.istanbul.edu.tr\/wp-content\/uploads\/ku\u0308tahya-150x150.jpg\" data-sizes=\"auto\" data-srcset=\"\" data-expand=\"700\" \/><\/a>\n                <\/div><\/figure><figure class='gallery-item'>\n                <div class='gallery-icon landscape'>\n                    <a href='https:\/\/iletim.istanbul.edu.tr\/wp-content\/uploads\/mus\u0327.jpg'><img loading=\"lazy\" decoding=\"async\" width=\"150\" height=\"150\" src=\"\" class=\"attachment-thumbnail size-thumbnail lazyload\" alt=\"\" data-src=\"https:\/\/iletim.istanbul.edu.tr\/wp-content\/uploads\/mus\u0327-150x150.jpg\" data-sizes=\"auto\" data-srcset=\"\" data-expand=\"700\" \/><\/a>\n                <\/div><\/figure><figure class='gallery-item'>\n                <div class='gallery-icon landscape'>\n                    <a href='https:\/\/iletim.istanbul.edu.tr\/wp-content\/uploads\/trabzon.jpg'><img loading=\"lazy\" decoding=\"async\" width=\"150\" height=\"150\" src=\"\" class=\"attachment-thumbnail size-thumbnail lazyload\" alt=\"\" data-src=\"https:\/\/iletim.istanbul.edu.tr\/wp-content\/uploads\/trabzon-150x150.jpg\" data-sizes=\"auto\" data-srcset=\"https:\/\/iletim.istanbul.edu.tr\/wp-content\/uploads\/trabzon-150x150.jpg 150w, https:\/\/iletim.istanbul.edu.tr\/wp-content\/uploads\/trabzon-300x300.jpg 300w, https:\/\/iletim.istanbul.edu.tr\/wp-content\/uploads\/trabzon-768x768.jpg 768w, https:\/\/iletim.istanbul.edu.tr\/wp-content\/uploads\/trabzon.jpg 960w\" data-expand=\"700\" \/><\/a>\n                <\/div><\/figure><figure class='gallery-item'>\n                <div class='gallery-icon landscape'>\n                    <a href='https:\/\/iletim.istanbul.edu.tr\/wp-content\/uploads\/urfa.jpg'><img loading=\"lazy\" decoding=\"async\" width=\"150\" height=\"150\" src=\"\" class=\"attachment-thumbnail size-thumbnail lazyload\" alt=\"\" data-src=\"https:\/\/iletim.istanbul.edu.tr\/wp-content\/uploads\/urfa-150x150.jpg\" data-sizes=\"auto\" data-srcset=\"\" data-expand=\"700\" \/><\/a>\n                <\/div><\/figure><br style=\"clear: both\" \/>\n            <\/div>\n\n","protected":false},"excerpt":{"rendered":"<p>K\u00f6y okullar\u0131nda okumakta olan \u00f6\u011frencilerin hayal g\u00fc\u00e7lerinin geli\u015fmesi ve kitapla tan\u0131\u015f\u0131p, okuma al\u0131\u015fkanl\u0131klar\u0131n\u0131n olu\u015fmas\u0131 amac\u0131yla \u0130stanbul \u00dcniversitesi Arap Dili ve Edebiyat\u0131 mezunu Erzan Aktar taraf\u0131ndan ba\u015flat\u0131lan \u201c1 Kitap=1 Gelecek\u201d projesi \u00e7ocuklar\u0131n y\u00fcz\u00fcn\u00fc g\u00fcld\u00fcr\u00fcyor.<\/p>\n","protected":false},"author":14,"featured_media":7060,"comment_status":"open","ping_status":"open","sticky":false,"template":"","format":"standard","meta":{"jnews-multi-image_gallery":[],"jnews_single_post":[],"jnews_primary_category":[],"jnews_social_meta":[],"jnews_override_counter":[],"footnotes":""},"categories":[25,34],"tags":[593,594],"class_list":["post-7058","post","type-post","status-publish","format-standard","has-post-thumbnail","hentry","category-egitim","category-universite","tag-bir-kitap-bir-gelecek","tag-erzan-aktar"],"_links":{"self":[{"href":"https:\/\/iletim.istanbul.edu.tr\/index.php\/wp-json\/wp\/v2\/posts\/7058","targetHints":{"allow":["GET"]}}],"collection":[{"href":"https:\/\/iletim.istanbul.edu.tr\/index.php\/wp-json\/wp\/v2\/posts"}],"about":[{"href":"https:\/\/iletim.istanbul.edu.tr\/index.php\/wp-json\/wp\/v2\/types\/post"}],"author":[{"embeddable":true,"href":"https:\/\/iletim.istanbul.edu.tr\/index.php\/wp-json\/wp\/v2\/users\/14"}],"replies":[{"embeddable":true,"href":"https:\/\/iletim.istanbul.edu.tr\/index.php\/wp-json\/wp\/v2\/comments?post=7058"}],"version-history":[{"count":0,"href":"https:\/\/iletim.istanbul.edu.tr\/index.php\/wp-json\/wp\/v2\/posts\/7058\/revisions"}],"wp:featuredmedia":[{"embeddable":true,"href":"https:\/\/iletim.istanbul.edu.tr\/index.php\/wp-json\/wp\/v2\/media\/7060"}],"wp:attachment":[{"href":"https:\/\/iletim.istanbul.edu.tr\/index.php\/wp-json\/wp\/v2\/media?parent=7058"}],"wp:term":[{"taxonomy":"category","embeddable":true,"href":"https:\/\/iletim.istanbul.edu.tr\/index.php\/wp-json\/wp\/v2\/categories?post=7058"},{"taxonomy":"post_tag","embeddable":true,"href":"https:\/\/iletim.istanbul.edu.tr\/index.php\/wp-json\/wp\/v2\/tags?post=7058"}],"curies":[{"name":"wp","href":"https:\/\/api.w.org\/{rel}","templated":true}]}}