{"id":7072,"date":"2018-11-20T13:00:16","date_gmt":"2018-11-20T10:00:16","guid":{"rendered":"https:\/\/iletim.istanbul.edu.tr\/?p=7072"},"modified":"2018-11-20T13:00:16","modified_gmt":"2018-11-20T10:00:16","slug":"dunden-bugune-engellilik-arastirmalari","status":"publish","type":"post","link":"https:\/\/iletim.istanbul.edu.tr\/index.php\/2018\/11\/20\/dunden-bugune-engellilik-arastirmalari\/","title":{"rendered":"D\u00fcnden Bug\u00fcne Engellilik Ara\u015ft\u0131rmalar\u0131"},"content":{"rendered":"<p>D\u00fcnden Bug\u00fcne Engellilik \u2013 Engellilik Ara\u015ft\u0131rmalar\u0131 Konferans\u0131, \u0130stanbul \u00dcniversitesi Engelliler Uygulama ve Ara\u015ft\u0131rma Merkezi (ENUYGAR) ve \u0130stanbul B\u00fcy\u00fck\u015fehir Belediyesi Sa\u011fl\u0131k Daire Ba\u015fkanl\u0131\u011f\u0131 Engelliler M\u00fcd\u00fcrl\u00fc\u011f\u00fc i\u015fbirli\u011fi ile \u0130stanbul \u00dcniversitesi Kongre ve K\u00fclt\u00fcr Merkezi\u2019nde 15-16 Kas\u0131m tarihlerinde ger\u00e7ekle\u015ftirildi.<\/p>\n<p>Sayg\u0131 duru\u015fu ve \u0130stiklal Mar\u015f\u0131 ile ba\u015flayan konferans\u0131n a\u00e7\u0131l\u0131\u015f konu\u015fmas\u0131n\u0131 Konferans D\u00fczenleme Kurulu Ba\u015fkan\u0131 ve \u0130stanbul \u00dcniversitesi Engelliler Uygulama ve Ara\u015ft\u0131rma Merkezi Ba\u015fkan\u0131 Prof. Dr. Ay\u015fe Resa Ayd\u0131n ger\u00e7ekle\u015ftirdi. A\u00e7\u0131l\u0131\u015fta konu\u015fan Aile \u00c7al\u0131\u015fma ve Sosyal Hizmetler Bakanl\u0131\u011f\u0131 Ara\u015ft\u0131rma Geli\u015ftirme Daire Ba\u015fkan\u0131 Tayyar Kuz, konu\u015fmas\u0131nda engellilere kolayl\u0131k sa\u011flayan \u00e7al\u0131\u015fmalardan bahsetti. \u0130stanbul B\u00fcy\u00fck\u015fehir Belediyesi Genel Sekreter Yard\u0131mc\u0131s\u0131 Nihat Macit ise konu\u015fmas\u0131nda engelli hizmetleri kapsam\u0131nda belediyenin pek \u00e7ok projeyi hayata ge\u00e7irerek yerel y\u00f6netimlere yeni bir vizyon kazand\u0131rd\u0131\u011f\u0131n\u0131 vurgulad\u0131. Ard\u0131ndan s\u00f6z alan \u0130stanbul \u00dcniversitesi Rekt\u00f6r Vekili Prof. Dr. Sedat Murat, ge\u00e7mi\u015ften bug\u00fcne engellilik konusuna ve uygulanan tedavilere dikkat \u00e7ekti.<\/p>\n<p>\u0130stanbul \u00dcniversitesi Osmanl\u0131 M\u00fczi\u011fi Uygulama ve Ara\u015ft\u0131rma Merkezi (OMAR) \u0130cra Heyeti \u015eefi G\u00f6n\u00fcl Pa\u00e7ac\u0131 Tuncay e\u015fli\u011finde icra edilen konseri ile \u0130stanbul B\u00fcy\u00fck\u015fehir Belediyesi \u0130SEMX m\u00fczik grubunun konserinin ard\u0131ndan a\u00e7\u0131l\u0131\u015f t\u00f6reni sona erdi.<\/p>\n<p><strong>Farkl\u0131 Boyutlar\u0131yla \u201cEngellilik\u201d<\/strong><\/p>\n<p>A\u00e7\u0131l\u0131\u015f konu\u015fmalar\u0131n\u0131n ard\u0131ndan farkl\u0131 salonlarda e\u015f zamanl\u0131 yap\u0131lan oturumlarla devam eden konferansta engellilik konusu farkl\u0131 boyutlar\u0131yla ele al\u0131nd\u0131.<\/p>\n<p>T\u00fcrkiye\u2019nin bir\u00e7ok \u00fcniversitesinden akademik personel ve \u00f6\u011frenci kat\u0131l\u0131m\u0131 ile d\u00fczenlenen konferansta \u201cEngellilik Tarihi\u201d, \u201cK\u00fclt\u00fcrel Etkiler ve Din\u201d, \u201cEngellilik ve Edebiyat\u201d, \u201cEngellilere Kar\u015f\u0131 \u00d6n Yarg\u0131 ve Ayr\u0131mc\u0131l\u0131k\u201d, \u201cMedya ve Engellilik\u201d, \u201cUluslararas\u0131 G\u00f6\u00e7 ve Engellilik\u201d gibi \u00f6nemli konu ba\u015fl\u0131klar\u0131nda oturumlar ve panellerin yan\u0131 s\u0131ra 77 s\u00f6zel bildiri, 1 g\u00f6rsel i\u015fitsel bildiri, 27 poster sunumu yap\u0131ld\u0131. Konferansta sunulan bildiri \u00f6zetleri, online olarak konferans \u00f6zet kitab\u0131nda yer ald\u0131.<\/p>\n<p><strong>Konferansta \u00c7e\u015fitli At\u00f6lyeler D\u00fczenlendi<\/strong><\/p>\n<p>Konferansta \u201cDans\u201d, \u201cSpor\u201d, \u201c\u0130\u015faret Dili\u201d, \u201cResim\u201d, \u201cRitim\u201d, \u201cTrafikte Haklar\u0131m\u201d, \u201cMedyada Alg\u0131\u201d, \u201cCinsel E\u011fitim\u201d,\u00a0 Evrensel Tasar\u0131m&#8221;, &#8220;Ba\u011f\u0131ms\u0131z Hareket&#8221;, &#8220;Hippoterapi&#8221;, &#8220;Yolcu Haklar\u0131 ve Turizm&#8221;, &#8220;Kapsay\u0131c\u0131\u00a0 E\u011fitim&#8221;, &#8220;\u00d6zel E\u011fitim&#8221;, &#8220;Turizm ve Beslenme&#8221; konularda 15 at\u00f6lye ger\u00e7ekle\u015ftirildi. Ayn\u0131 zamanda konferans kapsam\u0131nda iki g\u00fcn boyunca &#8220;Engelsiz Seramik At\u00f6lyesi \u00c7al\u0131\u015fmas\u0131&#8221; yap\u0131ld\u0131.<\/p>\n<p><strong> &#8220;Osmanl\u0131 Ar\u015fiv Belgelerinde Engelliler Sergisi&#8221; <\/strong><\/p>\n<p>Konferans kapsam\u0131nda &#8220;Osmanl\u0131 Ar\u015fiv Belgelerinde Engelliler Sergisi&#8221; d\u00fczenlendi. Cumhurba\u015fkanl\u0131\u011f\u0131 Devlet Ar\u015fivleri Ba\u015fkanl\u0131\u011f\u0131 taraf\u0131ndan, Konferans D\u00fczenleme Kurulu&#8217;nun talebi \u00fczerine konferansa \u00f6zel olarak haz\u0131rlanan sergi i\u00e7in Osmanl\u0131 ar\u015fiv kay\u0131tlar\u0131nda bulunan engellilikle ilgili belgeler 1500&#8217;l\u00fc y\u0131llardan 1900&#8217;l\u00fc y\u0131llar\u0131n ba\u015f\u0131na kadar taranarak\u00a010 bin belge i\u00e7erisinden 25 belge se\u00e7ildi.<\/p>\n<p>Yap\u0131lan oturumlar\u0131n ve at\u00f6lyelerin ard\u0131ndan kat\u0131l\u0131mc\u0131 ve konu\u015fmac\u0131lara te\u015fekk\u00fcr edilmesi ve toplu foto\u011fraf \u00e7ekimi ile konferans tamamland\u0131.<\/p>\n","protected":false},"excerpt":{"rendered":"<p>D\u00fcnden Bug\u00fcne Engellilik \u2013 Engellilik Ara\u015ft\u0131rmalar\u0131 Konferans\u0131, \u0130stanbul \u00dcniversitesi Engelliler Uygulama ve Ara\u015ft\u0131rma Merkezi (ENUYGAR) ve \u0130stanbul B\u00fcy\u00fck\u015fehir Belediyesi Sa\u011fl\u0131k Daire Ba\u015fkanl\u0131\u011f\u0131 Engelliler M\u00fcd\u00fcrl\u00fc\u011f\u00fc i\u015fbirli\u011fi ile \u0130stanbul \u00dcniversitesi Kongre ve K\u00fclt\u00fcr Merkezi\u2019nde 15-16 Kas\u0131m tarihlerinde ger\u00e7ekle\u015ftirildi.<\/p>\n","protected":false},"author":14,"featured_media":7073,"comment_status":"open","ping_status":"open","sticky":false,"template":"","format":"standard","meta":{"jnews-multi-image_gallery":[],"jnews_single_post":[],"jnews_primary_category":[],"jnews_social_meta":[],"jnews_override_counter":[],"footnotes":""},"categories":[1],"tags":[],"class_list":["post-7072","post","type-post","status-publish","format-standard","has-post-thumbnail","hentry","category-genel"],"_links":{"self":[{"href":"https:\/\/iletim.istanbul.edu.tr\/index.php\/wp-json\/wp\/v2\/posts\/7072","targetHints":{"allow":["GET"]}}],"collection":[{"href":"https:\/\/iletim.istanbul.edu.tr\/index.php\/wp-json\/wp\/v2\/posts"}],"about":[{"href":"https:\/\/iletim.istanbul.edu.tr\/index.php\/wp-json\/wp\/v2\/types\/post"}],"author":[{"embeddable":true,"href":"https:\/\/iletim.istanbul.edu.tr\/index.php\/wp-json\/wp\/v2\/users\/14"}],"replies":[{"embeddable":true,"href":"https:\/\/iletim.istanbul.edu.tr\/index.php\/wp-json\/wp\/v2\/comments?post=7072"}],"version-history":[{"count":0,"href":"https:\/\/iletim.istanbul.edu.tr\/index.php\/wp-json\/wp\/v2\/posts\/7072\/revisions"}],"wp:featuredmedia":[{"embeddable":true,"href":"https:\/\/iletim.istanbul.edu.tr\/index.php\/wp-json\/wp\/v2\/media\/7073"}],"wp:attachment":[{"href":"https:\/\/iletim.istanbul.edu.tr\/index.php\/wp-json\/wp\/v2\/media?parent=7072"}],"wp:term":[{"taxonomy":"category","embeddable":true,"href":"https:\/\/iletim.istanbul.edu.tr\/index.php\/wp-json\/wp\/v2\/categories?post=7072"},{"taxonomy":"post_tag","embeddable":true,"href":"https:\/\/iletim.istanbul.edu.tr\/index.php\/wp-json\/wp\/v2\/tags?post=7072"}],"curies":[{"name":"wp","href":"https:\/\/api.w.org\/{rel}","templated":true}]}}