{"id":7126,"date":"2018-11-23T15:18:13","date_gmt":"2018-11-23T12:18:13","guid":{"rendered":"https:\/\/iletim.istanbul.edu.tr\/?p=7126"},"modified":"2019-05-29T11:28:47","modified_gmt":"2019-05-29T08:28:47","slug":"canakkale-1915-filmi-benim-icin-buyuk-bir-sinavdi","status":"publish","type":"post","link":"https:\/\/iletim.istanbul.edu.tr\/index.php\/2018\/11\/23\/canakkale-1915-filmi-benim-icin-buyuk-bir-sinavdi\/","title":{"rendered":"\u201c\u2019\u00c7anakkale: 1915\u2019 Filmi Benim \u0130\u00e7in B\u00fcy\u00fck Bir S\u0131navd\u0131\u201d"},"content":{"rendered":"<p><strong>Merve TOKAZ<\/strong><br \/>\n<strong>Foto\u011fraf-Mehmet Ali KEVE<\/strong><\/p>\n<p>T\u00fcrkiye\u2019nin ilk kad\u0131n sava\u015f filmi y\u00f6netmeni Ye\u015fim Sezgin, \u0130leti\u015fim Fak\u00fcltesi Radyo Televizyon ve Sinema B\u00f6l\u00fcm\u00fc \u00d6\u011fretim \u00dcyesi Do\u00e7. Dr. \u00d6zg\u00fc Yolcu\u2019nun 22 Kas\u0131m\u2019daki \u0130leti\u015fim At\u00f6lyesi dersine konuk oldu. Sezgin, \u00f6\u011frencilerle bilgi ve deneyimlerini payla\u015ft\u0131.<\/p>\n<p>Moderat\u00f6rl\u00fc\u011f\u00fcn\u00fc Do\u00e7. Dr. \u00d6zg\u00fc Yolcu\u2019nun yapt\u0131\u011f\u0131 etkinlik, Ye\u015fim Sezgin\u2019in y\u00f6netmenli\u011fini \u00fcstlendi\u011fi \u00a0\u201c\u00c7anakkale: 1915\u201d filminin fragman g\u00f6sterimi ile ba\u015flad\u0131. \u0130stanbul \u00dcniversitesi mezunu olan Sezgin, \u00f6\u011frencilere meslek hayat\u0131na dair \u00f6nemli tecr\u00fcbelerini aktard\u0131.<\/p>\n<p>Tarihe kar\u015f\u0131 her zaman ilgi duydu\u011funu ve devaml\u0131 ara\u015ft\u0131rmalar yapt\u0131\u011f\u0131n\u0131 ifade eden Sezgin, filmin senaristli\u011fini \u00fcnl\u00fc Tarih Profes\u00f6r\u00fc Turgut \u00d6zakman\u2019\u0131n \u00fcstlenmesinin filmin i\u00e7eri\u011fine b\u00fcy\u00fck katk\u0131lar sundu\u011funu belirtti. Bu tarz filmleri yaparken titiz davran\u0131lmas\u0131 gerekti\u011fine de de\u011finen Sezgin, \u201cSava\u015f filmi yaparken yumu\u015fatarak g\u00f6stermeniz gerekiyor. \u00c7\u00fcnk\u00fc filminiz her ya\u015ftan, her kesimden izleyiciyle bulu\u015fabilmeli\u201d diyerek bu filmin kendisi i\u00e7in b\u00fcy\u00fck bir s\u0131nav oldu\u011funu ifade etti.<\/p>\n<p><strong>\u201cY\u00f6netmenlik Dedi\u011fimiz \u015eey B\u00fct\u00fcn\u00fc G\u00f6rebilmek\u201d<\/strong><\/p>\n<p>Filmin \u00e7ekim s\u00fcrecinde a\u015fama a\u015fama ilerlediklerini ifade eden Sezgin, \u201c\u00c7ekimi \u00e7ekim yapan \u015fey onu g\u00fc\u00e7lendirmek ve beslemek. \u00c7\u00fcnk\u00fc bir sava\u015f\u0131 g\u00f6sterirken \u00e7ok fazla kriter var. T\u00fcrkiye\u2019de bu anlamda fig\u00fcrasyon s\u0131k\u0131nt\u0131l\u0131 bir konu. Fig\u00fcrasyon dedi\u011fimiz \u015fey de art\u0131k bir sekt\u00f6r haline geldi. \u00d6zellikle setlerde bazen bu dengeyi kurmak zor hale gelebiliyor. Bir ki\u015finin yapt\u0131\u011f\u0131 en ufak hatada \u00fc\u00e7 y\u00fcz ki\u015fi o sahneyi tekrar oynamak zorunda kal\u0131yor\u201d diyerek setlerin ciddi bir disiplini i\u00e7inde bar\u0131nd\u0131rmas\u0131 gerekti\u011fine vurgu yapt\u0131.<\/p>\n<p><strong>\u201cCinsiyet Alg\u0131s\u0131 ile \u00c7ok Kar\u015f\u0131la\u015ft\u0131m\u201d<\/strong><\/p>\n<p>Sinema sekt\u00f6r\u00fcnde cinsiyet alg\u0131s\u0131 konusuna de\u011finen Sezgin, bu konuda birtak\u0131m sorunlar\u0131n g\u00fcn\u00fcm\u00fczde a\u015f\u0131lamad\u0131\u011f\u0131n\u0131 ifade ederek \u201cSiz i\u015finize h\u00e2kimseniz ondan sonras\u0131n\u0131n bir \u00f6nemi kalm\u0131yor fakat en tepeye ula\u015ft\u0131\u011f\u0131n\u0131zda i\u015fler biraz zorla\u015f\u0131yor. Bu anlamda kad\u0131nlar\u0131n \u00e7ekebilece\u011fi \u015feyler alg\u0131s\u0131 ile \u00e7ok kar\u015f\u0131la\u015ft\u0131m\u201d diyerek cinsiyet alg\u0131s\u0131 konusuna dikkat \u00e7ekti.<\/p>\n<p><strong>\u201c\u00dcretiminizi Disipline Etmeyi \u00d6\u011frenin\u201d<\/strong><\/p>\n<p>Genel kriterlere ula\u015fman\u0131n yolunun ayr\u0131 i\u015fler yapmaktan ge\u00e7ti\u011fini belirten Sezgin, \u201cHala bize yak\u0131\u015fan bir Atat\u00fcrk filmi \u00e7ekemememizin sebebi bu \u00f6nemli insanlar\u0131 bir \u015fekilde robotla\u015ft\u0131r\u0131yor olu\u015fumuz\u201d dedi. Sezgin, konu\u015fmas\u0131n\u0131n devam\u0131nda \u00f6\u011frencilere sinemada \u00f6zg\u00fcn olmalar\u0131 y\u00f6n\u00fcnde de tavsiyelerde bulundu.<\/p>\n<p>Etkinlik \u0130stanbul \u00dcniversitesi \u0130leti\u015fim Fak\u00fcltesi Dekan\u0131 Prof. Dr. Erg\u00fcn Yolcu\u2019nun Ye\u015fim Sezgin\u2019e te\u015fekk\u00fcr belgesi takdimi ve foto\u011fraf \u00e7ekimi ile sona erdi.<\/p>\n<div id='gallery_1' class='gallery galleryid-7126 gallery-columns-3 gallery-size-large'><figure class='gallery-item'>\n                <div class='gallery-icon landscape'>\n                    <a href='https:\/\/iletim.istanbul.edu.tr\/wp-content\/uploads\/247316dd-7281-4ce9-be48-54b977f472ab.jpg'><img loading=\"lazy\" decoding=\"async\" width=\"1024\" height=\"680\" src=\"\" class=\"attachment-large size-large lazyload\" alt=\"\" data-src=\"https:\/\/iletim.istanbul.edu.tr\/wp-content\/uploads\/247316dd-7281-4ce9-be48-54b977f472ab-1024x680.jpg\" data-sizes=\"auto\" data-srcset=\"https:\/\/iletim.istanbul.edu.tr\/wp-content\/uploads\/247316dd-7281-4ce9-be48-54b977f472ab-1024x680.jpg 1024w, https:\/\/iletim.istanbul.edu.tr\/wp-content\/uploads\/247316dd-7281-4ce9-be48-54b977f472ab-300x199.jpg 300w, https:\/\/iletim.istanbul.edu.tr\/wp-content\/uploads\/247316dd-7281-4ce9-be48-54b977f472ab-768x510.jpg 768w, https:\/\/iletim.istanbul.edu.tr\/wp-content\/uploads\/247316dd-7281-4ce9-be48-54b977f472ab.jpg 1600w\" data-expand=\"700\" \/><\/a>\n                <\/div><\/figure><figure class='gallery-item'>\n                <div class='gallery-icon landscape'>\n                    <a href='https:\/\/iletim.istanbul.edu.tr\/wp-content\/uploads\/8873a18d-f59e-4efe-bbef-d9a96fdeb4c7.jpg'><img loading=\"lazy\" decoding=\"async\" width=\"1024\" height=\"680\" src=\"\" class=\"attachment-large size-large lazyload\" alt=\"\" data-src=\"https:\/\/iletim.istanbul.edu.tr\/wp-content\/uploads\/8873a18d-f59e-4efe-bbef-d9a96fdeb4c7-1024x680.jpg\" data-sizes=\"auto\" data-srcset=\"https:\/\/iletim.istanbul.edu.tr\/wp-content\/uploads\/8873a18d-f59e-4efe-bbef-d9a96fdeb4c7-1024x680.jpg 1024w, https:\/\/iletim.istanbul.edu.tr\/wp-content\/uploads\/8873a18d-f59e-4efe-bbef-d9a96fdeb4c7-300x199.jpg 300w, https:\/\/iletim.istanbul.edu.tr\/wp-content\/uploads\/8873a18d-f59e-4efe-bbef-d9a96fdeb4c7-768x510.jpg 768w, https:\/\/iletim.istanbul.edu.tr\/wp-content\/uploads\/8873a18d-f59e-4efe-bbef-d9a96fdeb4c7.jpg 1600w\" data-expand=\"700\" \/><\/a>\n                <\/div><\/figure><figure class='gallery-item'>\n                <div class='gallery-icon landscape'>\n                    <a href='https:\/\/iletim.istanbul.edu.tr\/wp-content\/uploads\/3c2c6d8b-7559-4f9d-b181-a0c29d91ab72.jpg'><img loading=\"lazy\" decoding=\"async\" width=\"1024\" height=\"680\" src=\"\" class=\"attachment-large size-large lazyload\" alt=\"\" data-src=\"https:\/\/iletim.istanbul.edu.tr\/wp-content\/uploads\/3c2c6d8b-7559-4f9d-b181-a0c29d91ab72-1024x680.jpg\" data-sizes=\"auto\" data-srcset=\"https:\/\/iletim.istanbul.edu.tr\/wp-content\/uploads\/3c2c6d8b-7559-4f9d-b181-a0c29d91ab72-1024x680.jpg 1024w, https:\/\/iletim.istanbul.edu.tr\/wp-content\/uploads\/3c2c6d8b-7559-4f9d-b181-a0c29d91ab72-300x199.jpg 300w, https:\/\/iletim.istanbul.edu.tr\/wp-content\/uploads\/3c2c6d8b-7559-4f9d-b181-a0c29d91ab72-768x510.jpg 768w, https:\/\/iletim.istanbul.edu.tr\/wp-content\/uploads\/3c2c6d8b-7559-4f9d-b181-a0c29d91ab72.jpg 1600w\" data-expand=\"700\" \/><\/a>\n                <\/div><\/figure><br style=\"clear: both\" \/><figure class='gallery-item'>\n                <div class='gallery-icon landscape'>\n                    <a href='https:\/\/iletim.istanbul.edu.tr\/wp-content\/uploads\/6efb1be4-6388-4b9f-88ec-88f554748cb1.jpg'><img loading=\"lazy\" decoding=\"async\" width=\"1024\" height=\"680\" src=\"\" class=\"attachment-large size-large lazyload\" alt=\"\" data-src=\"https:\/\/iletim.istanbul.edu.tr\/wp-content\/uploads\/6efb1be4-6388-4b9f-88ec-88f554748cb1-1024x680.jpg\" data-sizes=\"auto\" data-srcset=\"https:\/\/iletim.istanbul.edu.tr\/wp-content\/uploads\/6efb1be4-6388-4b9f-88ec-88f554748cb1-1024x680.jpg 1024w, https:\/\/iletim.istanbul.edu.tr\/wp-content\/uploads\/6efb1be4-6388-4b9f-88ec-88f554748cb1-300x199.jpg 300w, https:\/\/iletim.istanbul.edu.tr\/wp-content\/uploads\/6efb1be4-6388-4b9f-88ec-88f554748cb1-768x510.jpg 768w, https:\/\/iletim.istanbul.edu.tr\/wp-content\/uploads\/6efb1be4-6388-4b9f-88ec-88f554748cb1.jpg 1600w\" data-expand=\"700\" \/><\/a>\n                <\/div><\/figure><figure class='gallery-item'>\n                <div class='gallery-icon landscape'>\n                    <a href='https:\/\/iletim.istanbul.edu.tr\/wp-content\/uploads\/6065e40a-7a20-4814-8e8b-b1c3f04a350f.jpg'><img loading=\"lazy\" decoding=\"async\" width=\"1024\" height=\"680\" src=\"\" class=\"attachment-large size-large lazyload\" alt=\"\" data-src=\"https:\/\/iletim.istanbul.edu.tr\/wp-content\/uploads\/6065e40a-7a20-4814-8e8b-b1c3f04a350f-1024x680.jpg\" data-sizes=\"auto\" data-srcset=\"https:\/\/iletim.istanbul.edu.tr\/wp-content\/uploads\/6065e40a-7a20-4814-8e8b-b1c3f04a350f-1024x680.jpg 1024w, https:\/\/iletim.istanbul.edu.tr\/wp-content\/uploads\/6065e40a-7a20-4814-8e8b-b1c3f04a350f-300x199.jpg 300w, https:\/\/iletim.istanbul.edu.tr\/wp-content\/uploads\/6065e40a-7a20-4814-8e8b-b1c3f04a350f-768x510.jpg 768w, https:\/\/iletim.istanbul.edu.tr\/wp-content\/uploads\/6065e40a-7a20-4814-8e8b-b1c3f04a350f.jpg 1600w\" data-expand=\"700\" \/><\/a>\n                <\/div><\/figure><figure class='gallery-item'>\n                <div class='gallery-icon landscape'>\n                    <a href='https:\/\/iletim.istanbul.edu.tr\/wp-content\/uploads\/11b6ac4d-59c6-483d-8323-aba9667eb418.jpg'><img loading=\"lazy\" decoding=\"async\" width=\"1024\" height=\"680\" src=\"\" class=\"attachment-large size-large lazyload\" alt=\"\" data-src=\"https:\/\/iletim.istanbul.edu.tr\/wp-content\/uploads\/11b6ac4d-59c6-483d-8323-aba9667eb418-1024x680.jpg\" data-sizes=\"auto\" data-srcset=\"https:\/\/iletim.istanbul.edu.tr\/wp-content\/uploads\/11b6ac4d-59c6-483d-8323-aba9667eb418-1024x680.jpg 1024w, https:\/\/iletim.istanbul.edu.tr\/wp-content\/uploads\/11b6ac4d-59c6-483d-8323-aba9667eb418-300x199.jpg 300w, https:\/\/iletim.istanbul.edu.tr\/wp-content\/uploads\/11b6ac4d-59c6-483d-8323-aba9667eb418-768x510.jpg 768w, https:\/\/iletim.istanbul.edu.tr\/wp-content\/uploads\/11b6ac4d-59c6-483d-8323-aba9667eb418.jpg 1600w\" data-expand=\"700\" \/><\/a>\n                <\/div><\/figure><br style=\"clear: both\" \/>\n            <\/div>\n\n","protected":false},"excerpt":{"rendered":"<p>T\u00fcrkiye\u2019nin ilk kad\u0131n sava\u015f filmi y\u00f6netmeni Ye\u015fim Sezgin, \u0130leti\u015fim Fak\u00fcltesi Radyo Televizyon ve Sinema B\u00f6l\u00fcm\u00fc \u00d6\u011fretim \u00dcyesi Do\u00e7. Dr. \u00d6zg\u00fc Yolcu\u2019nun 22 Kas\u0131m\u2019daki \u0130leti\u015fim At\u00f6lyesi dersine konuk oldu. Sezgin, \u00f6\u011frencilerle bilgi ve deneyimlerini payla\u015ft\u0131. Moderat\u00f6rl\u00fc\u011f\u00fcn\u00fc Do\u00e7. Dr. \u00d6zg\u00fc Yolcu\u2019nun yapt\u0131\u011f\u0131 etkinlik, Ye\u015fim Sezgin\u2019in y\u00f6netmenli\u011fini \u00fcstlendi\u011fi \u00a0\u201c\u00c7anakkale: 1915\u201d filminin fragman g\u00f6sterimi ile ba\u015flad\u0131. \u0130stanbul \u00dcniversitesi mezunu olan Sezgin, \u00f6\u011frencilere meslek hayat\u0131na dair \u00f6nemli tecr\u00fcbelerini aktard\u0131.<\/p>\n","protected":false},"author":14,"featured_media":7128,"comment_status":"open","ping_status":"open","sticky":false,"template":"","format":"standard","meta":{"jnews-multi-image_gallery":[],"jnews_single_post":[],"jnews_primary_category":[],"jnews_social_meta":[],"jnews_override_counter":[],"footnotes":""},"categories":[30],"tags":[],"class_list":["post-7126","post","type-post","status-publish","format-standard","has-post-thumbnail","hentry","category-kultur-sanat"],"_links":{"self":[{"href":"https:\/\/iletim.istanbul.edu.tr\/index.php\/wp-json\/wp\/v2\/posts\/7126","targetHints":{"allow":["GET"]}}],"collection":[{"href":"https:\/\/iletim.istanbul.edu.tr\/index.php\/wp-json\/wp\/v2\/posts"}],"about":[{"href":"https:\/\/iletim.istanbul.edu.tr\/index.php\/wp-json\/wp\/v2\/types\/post"}],"author":[{"embeddable":true,"href":"https:\/\/iletim.istanbul.edu.tr\/index.php\/wp-json\/wp\/v2\/users\/14"}],"replies":[{"embeddable":true,"href":"https:\/\/iletim.istanbul.edu.tr\/index.php\/wp-json\/wp\/v2\/comments?post=7126"}],"version-history":[{"count":0,"href":"https:\/\/iletim.istanbul.edu.tr\/index.php\/wp-json\/wp\/v2\/posts\/7126\/revisions"}],"wp:featuredmedia":[{"embeddable":true,"href":"https:\/\/iletim.istanbul.edu.tr\/index.php\/wp-json\/wp\/v2\/media\/7128"}],"wp:attachment":[{"href":"https:\/\/iletim.istanbul.edu.tr\/index.php\/wp-json\/wp\/v2\/media?parent=7126"}],"wp:term":[{"taxonomy":"category","embeddable":true,"href":"https:\/\/iletim.istanbul.edu.tr\/index.php\/wp-json\/wp\/v2\/categories?post=7126"},{"taxonomy":"post_tag","embeddable":true,"href":"https:\/\/iletim.istanbul.edu.tr\/index.php\/wp-json\/wp\/v2\/tags?post=7126"}],"curies":[{"name":"wp","href":"https:\/\/api.w.org\/{rel}","templated":true}]}}