{"id":7155,"date":"2018-11-27T15:06:43","date_gmt":"2018-11-27T12:06:43","guid":{"rendered":"https:\/\/iletim.istanbul.edu.tr\/?p=7155"},"modified":"2018-11-27T15:06:43","modified_gmt":"2018-11-27T12:06:43","slug":"etnografik-fotograf-sergisi-acildi","status":"publish","type":"post","link":"https:\/\/iletim.istanbul.edu.tr\/index.php\/2018\/11\/27\/etnografik-fotograf-sergisi-acildi\/","title":{"rendered":"Etnografik Foto\u011fraf Sergisi A\u00e7\u0131ld\u0131"},"content":{"rendered":"<p><strong>\u00d6zge TAN<\/strong><\/p>\n<p>\u0130stanbul \u00dcniversitesi Sosyal Antropoloji Ana Bilim Dal\u0131\u2019n\u0131n d\u00fczenledi\u011fi Etnografik Foto\u011fraf Sergisi, 26- 30 Kas\u0131m tarihleri aras\u0131nda \u0130\u00dc Edebiyat Fak\u00fcltesi \u015eeref Hol\u00fc\u2019nde sergilenecek.<\/p>\n<p>Etnografik Foto\u011fraf Sergisi\u2019nde, \u00f6\u011frencilerin 11 Temmuz \u2013 12 A\u011fustos tarihleri aras\u0131nda Isparta\u2019n\u0131n \u00e7e\u015fitli k\u00f6ylerinde y\u00fcr\u00fctt\u00fckleri \u00e7al\u0131\u015fmalar\u0131 esnas\u0131nda \u00e7ektikleri foto\u011fraflar aras\u0131ndan 118&#8217;i yer al\u0131yor.\u00a01960&#8217;da kurulan Antropoloji b\u00f6l\u00fcm\u00fc yakla\u015f\u0131k 60 y\u0131ld\u0131r etnografik saha \u00e7al\u0131\u015fmas\u0131 y\u00fcr\u00fct\u00fcyor. Bu sergi ise b\u00f6l\u00fcm\u00fcn 2018 y\u0131l\u0131nda Ke\u00e7iborlu k\u00f6ylerinde y\u00fcr\u00fct\u00fclen \u00e7al\u0131\u015fman\u0131n g\u00f6rsel belgelenmesi niteli\u011fi ta\u015f\u0131yor.<\/p>\n<p>Serginin a\u00e7\u0131l\u0131\u015f\u0131nda konu\u015fma yapan Edebiyat Fak\u00fcltesi Sosyal Antropoloji Ana Bilim Dal\u0131 Ba\u015fkan\u0131 Prof. Dr. Y\u00fcksel K\u0131r\u0131ml\u0131, sergide g\u00f6rev alan \u00f6\u011frencilere \u00e7al\u0131\u015fmadaki ba\u015far\u0131lar\u0131ndan dolay\u0131 te\u015fekk\u00fcr etti.\u00a0Sergideki t\u00fcm foto\u011fraflar\u0131n y\u00f6re halk\u0131ndan izin al\u0131narak \u00e7ekilmi\u015f oldu\u011funu dile getiren Prof. Dr. K\u0131r\u0131ml\u0131, serginin d\u00fczenlenmesinde herhangi bir sponsorluk almad\u0131klar\u0131n\u0131 \u00f6\u011frencilerle birlikte olu\u015fturduklar\u0131n\u0131 da belirtti.<\/p>\n<p>Prof. Dr. K\u0131r\u0131ml\u0131 ile \u00a0Sosyal Antropoloji B\u00f6l\u00fcm\u00fc Dr. \u00d6\u011fr. \u00dcyesi Ebrar Ak\u0131nc\u0131\u2019n\u0131n y\u00fcr\u00fctt\u00fc\u011f\u00fc Isparta Etnografik projesinde\u00a0 Sosyal Antropoloji b\u00f6l\u00fcm\u00fc \u00f6\u011frencilerinden Burcu D\u00fclger, Caner P\u0131narc\u0131, Erman \u00c7ak\u0131r ve Berna Agalar Kuyucak k\u00f6y\u00fcnde; Nurdan \u00d6zal, Demet Fatma Alkan ve Hakan Alt\u0131nta\u015f Ard\u0131\u00e7l\u0131 k\u00f6y\u00fcnde; Faruk Kanber, Nur Deniz \u00c7\u0131ld\u0131r ve Seda Erdem \u00c7ukur\u00f6ren k\u00f6y\u00fcnde; H\u00fcseyin Kayap\u0131nar, Hande Y\u00fcksel, Maral Dindar ve Maria Ialanj\u0131 ise \u0130ncesu k\u00f6y\u00fcnde \u00e7al\u0131\u015fmas\u0131n\u0131 y\u00fcr\u00fctt\u00fc.<\/p>\n<div id='gallery_1' class='gallery galleryid-7155 gallery-columns-4 gallery-size-medium'><figure class='gallery-item'>\n                <div class='gallery-icon landscape'>\n                    <a href='https:\/\/iletim.istanbul.edu.tr\/wp-content\/uploads\/3a028dbe-571d-4ab2-8686-73699cef1ac3.jpg'><img loading=\"lazy\" decoding=\"async\" width=\"300\" height=\"200\" src=\"\" class=\"attachment-medium size-medium lazyload\" alt=\"\" data-src=\"https:\/\/iletim.istanbul.edu.tr\/wp-content\/uploads\/3a028dbe-571d-4ab2-8686-73699cef1ac3-300x200.jpg\" data-sizes=\"auto\" data-srcset=\"https:\/\/iletim.istanbul.edu.tr\/wp-content\/uploads\/3a028dbe-571d-4ab2-8686-73699cef1ac3-300x200.jpg 300w, https:\/\/iletim.istanbul.edu.tr\/wp-content\/uploads\/3a028dbe-571d-4ab2-8686-73699cef1ac3-768x512.jpg 768w, https:\/\/iletim.istanbul.edu.tr\/wp-content\/uploads\/3a028dbe-571d-4ab2-8686-73699cef1ac3-1024x682.jpg 1024w, https:\/\/iletim.istanbul.edu.tr\/wp-content\/uploads\/3a028dbe-571d-4ab2-8686-73699cef1ac3.jpg 1600w\" data-expand=\"700\" \/><\/a>\n                <\/div><\/figure><figure class='gallery-item'>\n                <div class='gallery-icon landscape'>\n                    <a href='https:\/\/iletim.istanbul.edu.tr\/wp-content\/uploads\/DSC_0075-1.jpg'><img loading=\"lazy\" decoding=\"async\" width=\"300\" height=\"199\" src=\"\" class=\"attachment-medium size-medium lazyload\" alt=\"\" data-src=\"https:\/\/iletim.istanbul.edu.tr\/wp-content\/uploads\/DSC_0075-1-300x199.jpg\" data-sizes=\"auto\" data-srcset=\"https:\/\/iletim.istanbul.edu.tr\/wp-content\/uploads\/DSC_0075-1-300x199.jpg 300w, https:\/\/iletim.istanbul.edu.tr\/wp-content\/uploads\/DSC_0075-1-768x510.jpg 768w, https:\/\/iletim.istanbul.edu.tr\/wp-content\/uploads\/DSC_0075-1-1024x680.jpg 1024w\" data-expand=\"700\" \/><\/a>\n                <\/div><\/figure><figure class='gallery-item'>\n                <div class='gallery-icon landscape'>\n                    <a href='https:\/\/iletim.istanbul.edu.tr\/wp-content\/uploads\/DSC_0079.jpg'><img loading=\"lazy\" decoding=\"async\" width=\"300\" height=\"199\" src=\"\" class=\"attachment-medium size-medium lazyload\" alt=\"\" data-src=\"https:\/\/iletim.istanbul.edu.tr\/wp-content\/uploads\/DSC_0079-300x199.jpg\" data-sizes=\"auto\" data-srcset=\"https:\/\/iletim.istanbul.edu.tr\/wp-content\/uploads\/DSC_0079-300x199.jpg 300w, https:\/\/iletim.istanbul.edu.tr\/wp-content\/uploads\/DSC_0079-768x510.jpg 768w, https:\/\/iletim.istanbul.edu.tr\/wp-content\/uploads\/DSC_0079-1024x680.jpg 1024w\" data-expand=\"700\" \/><\/a>\n                <\/div><\/figure><figure class='gallery-item'>\n                <div class='gallery-icon landscape'>\n                    <a href='https:\/\/iletim.istanbul.edu.tr\/wp-content\/uploads\/DSC_0080.jpg'><img loading=\"lazy\" decoding=\"async\" width=\"300\" height=\"199\" src=\"\" class=\"attachment-medium size-medium lazyload\" alt=\"\" data-src=\"https:\/\/iletim.istanbul.edu.tr\/wp-content\/uploads\/DSC_0080-300x199.jpg\" data-sizes=\"auto\" data-srcset=\"https:\/\/iletim.istanbul.edu.tr\/wp-content\/uploads\/DSC_0080-300x199.jpg 300w, https:\/\/iletim.istanbul.edu.tr\/wp-content\/uploads\/DSC_0080-768x510.jpg 768w, https:\/\/iletim.istanbul.edu.tr\/wp-content\/uploads\/DSC_0080-1024x680.jpg 1024w\" data-expand=\"700\" \/><\/a>\n                <\/div><\/figure><br style=\"clear: both\" \/><figure class='gallery-item'>\n                <div class='gallery-icon landscape'>\n                    <a href='https:\/\/iletim.istanbul.edu.tr\/wp-content\/uploads\/DSC_0089.jpg'><img loading=\"lazy\" decoding=\"async\" width=\"300\" height=\"199\" src=\"\" class=\"attachment-medium size-medium lazyload\" alt=\"\" data-src=\"https:\/\/iletim.istanbul.edu.tr\/wp-content\/uploads\/DSC_0089-300x199.jpg\" data-sizes=\"auto\" data-srcset=\"https:\/\/iletim.istanbul.edu.tr\/wp-content\/uploads\/DSC_0089-300x199.jpg 300w, https:\/\/iletim.istanbul.edu.tr\/wp-content\/uploads\/DSC_0089-768x510.jpg 768w, https:\/\/iletim.istanbul.edu.tr\/wp-content\/uploads\/DSC_0089-1024x680.jpg 1024w\" data-expand=\"700\" \/><\/a>\n                <\/div><\/figure><figure class='gallery-item'>\n                <div class='gallery-icon landscape'>\n                    <a href='https:\/\/iletim.istanbul.edu.tr\/wp-content\/uploads\/DSC_0090-1.jpg'><img loading=\"lazy\" decoding=\"async\" width=\"300\" height=\"199\" src=\"\" class=\"attachment-medium size-medium lazyload\" alt=\"\" data-src=\"https:\/\/iletim.istanbul.edu.tr\/wp-content\/uploads\/DSC_0090-1-300x199.jpg\" data-sizes=\"auto\" data-srcset=\"https:\/\/iletim.istanbul.edu.tr\/wp-content\/uploads\/DSC_0090-1-300x199.jpg 300w, https:\/\/iletim.istanbul.edu.tr\/wp-content\/uploads\/DSC_0090-1-768x510.jpg 768w, https:\/\/iletim.istanbul.edu.tr\/wp-content\/uploads\/DSC_0090-1-1024x680.jpg 1024w\" data-expand=\"700\" \/><\/a>\n                <\/div><\/figure><figure class='gallery-item'>\n                <div class='gallery-icon landscape'>\n                    <a href='https:\/\/iletim.istanbul.edu.tr\/wp-content\/uploads\/DSC_0094.jpg'><img loading=\"lazy\" decoding=\"async\" width=\"300\" height=\"199\" src=\"\" class=\"attachment-medium size-medium lazyload\" alt=\"\" data-src=\"https:\/\/iletim.istanbul.edu.tr\/wp-content\/uploads\/DSC_0094-300x199.jpg\" data-sizes=\"auto\" data-srcset=\"https:\/\/iletim.istanbul.edu.tr\/wp-content\/uploads\/DSC_0094-300x199.jpg 300w, https:\/\/iletim.istanbul.edu.tr\/wp-content\/uploads\/DSC_0094-768x510.jpg 768w, https:\/\/iletim.istanbul.edu.tr\/wp-content\/uploads\/DSC_0094-1024x680.jpg 1024w\" data-expand=\"700\" \/><\/a>\n                <\/div><\/figure><figure class='gallery-item'>\n                <div class='gallery-icon landscape'>\n                    <a href='https:\/\/iletim.istanbul.edu.tr\/wp-content\/uploads\/DSC_0095.jpg'><img loading=\"lazy\" decoding=\"async\" width=\"300\" height=\"199\" src=\"\" class=\"attachment-medium size-medium lazyload\" alt=\"\" data-src=\"https:\/\/iletim.istanbul.edu.tr\/wp-content\/uploads\/DSC_0095-300x199.jpg\" data-sizes=\"auto\" data-srcset=\"https:\/\/iletim.istanbul.edu.tr\/wp-content\/uploads\/DSC_0095-300x199.jpg 300w, https:\/\/iletim.istanbul.edu.tr\/wp-content\/uploads\/DSC_0095-768x510.jpg 768w, https:\/\/iletim.istanbul.edu.tr\/wp-content\/uploads\/DSC_0095-1024x680.jpg 1024w\" data-expand=\"700\" \/><\/a>\n                <\/div><\/figure><br style=\"clear: both\" \/><figure class='gallery-item'>\n                <div class='gallery-icon landscape'>\n                    <a href='https:\/\/iletim.istanbul.edu.tr\/wp-content\/uploads\/DSC_0098.jpg'><img loading=\"lazy\" decoding=\"async\" width=\"300\" height=\"199\" src=\"\" class=\"attachment-medium size-medium lazyload\" alt=\"\" data-src=\"https:\/\/iletim.istanbul.edu.tr\/wp-content\/uploads\/DSC_0098-300x199.jpg\" data-sizes=\"auto\" data-srcset=\"https:\/\/iletim.istanbul.edu.tr\/wp-content\/uploads\/DSC_0098-300x199.jpg 300w, https:\/\/iletim.istanbul.edu.tr\/wp-content\/uploads\/DSC_0098-768x510.jpg 768w, https:\/\/iletim.istanbul.edu.tr\/wp-content\/uploads\/DSC_0098-1024x680.jpg 1024w\" data-expand=\"700\" \/><\/a>\n                <\/div><\/figure><figure class='gallery-item'>\n                <div class='gallery-icon landscape'>\n                    <a href='https:\/\/iletim.istanbul.edu.tr\/wp-content\/uploads\/DSC_0101.jpg'><img loading=\"lazy\" decoding=\"async\" width=\"300\" height=\"199\" src=\"\" class=\"attachment-medium size-medium lazyload\" alt=\"\" data-src=\"https:\/\/iletim.istanbul.edu.tr\/wp-content\/uploads\/DSC_0101-300x199.jpg\" data-sizes=\"auto\" data-srcset=\"https:\/\/iletim.istanbul.edu.tr\/wp-content\/uploads\/DSC_0101-300x199.jpg 300w, https:\/\/iletim.istanbul.edu.tr\/wp-content\/uploads\/DSC_0101-768x510.jpg 768w, https:\/\/iletim.istanbul.edu.tr\/wp-content\/uploads\/DSC_0101-1024x680.jpg 1024w\" data-expand=\"700\" \/><\/a>\n                <\/div><\/figure><figure class='gallery-item'>\n                <div class='gallery-icon landscape'>\n                    <a href='https:\/\/iletim.istanbul.edu.tr\/wp-content\/uploads\/DSC_0106.jpg'><img loading=\"lazy\" decoding=\"async\" width=\"300\" height=\"199\" src=\"\" class=\"attachment-medium size-medium lazyload\" alt=\"\" data-src=\"https:\/\/iletim.istanbul.edu.tr\/wp-content\/uploads\/DSC_0106-300x199.jpg\" data-sizes=\"auto\" data-srcset=\"https:\/\/iletim.istanbul.edu.tr\/wp-content\/uploads\/DSC_0106-300x199.jpg 300w, https:\/\/iletim.istanbul.edu.tr\/wp-content\/uploads\/DSC_0106-768x510.jpg 768w, https:\/\/iletim.istanbul.edu.tr\/wp-content\/uploads\/DSC_0106-1024x680.jpg 1024w\" data-expand=\"700\" \/><\/a>\n                <\/div><\/figure><figure class='gallery-item'>\n                <div class='gallery-icon landscape'>\n                    <a href='https:\/\/iletim.istanbul.edu.tr\/wp-content\/uploads\/Untitled-1-218.jpg'><img loading=\"lazy\" decoding=\"async\" width=\"300\" height=\"144\" src=\"\" class=\"attachment-medium size-medium lazyload\" alt=\"\" data-src=\"https:\/\/iletim.istanbul.edu.tr\/wp-content\/uploads\/Untitled-1-218-300x144.jpg\" data-sizes=\"auto\" data-srcset=\"https:\/\/iletim.istanbul.edu.tr\/wp-content\/uploads\/Untitled-1-218-300x144.jpg 300w, https:\/\/iletim.istanbul.edu.tr\/wp-content\/uploads\/Untitled-1-218.jpg 702w\" data-expand=\"700\" \/><\/a>\n                <\/div><\/figure><br style=\"clear: both\" \/>\n            <\/div>\n\n","protected":false},"excerpt":{"rendered":"<p>\u0130stanbul \u00dcniversitesi Sosyal Antropoloji Ana Bilim Dal\u0131\u2019n\u0131n d\u00fczenledi\u011fi Etnografik Foto\u011fraf Sergisi 26- 30 Kas\u0131m tarihleri aras\u0131nda \u0130\u00dc Edebiyat Fak\u00fcltesi \u015eeref Hol\u00fc\u2019nde sergilenecek.<\/p>\n","protected":false},"author":14,"featured_media":7169,"comment_status":"open","ping_status":"open","sticky":false,"template":"","format":"standard","meta":{"jnews-multi-image_gallery":[],"jnews_single_post":[],"jnews_primary_category":[],"jnews_social_meta":[],"jnews_override_counter":[],"footnotes":""},"categories":[34,30],"tags":[601,602,447],"class_list":["post-7155","post","type-post","status-publish","format-standard","has-post-thumbnail","hentry","category-universite","category-kultur-sanat","tag-etnografik-fotograf-sergisi","tag-prof-dr-yuksel-kirimli","tag-sosyal-antropoloji"],"_links":{"self":[{"href":"https:\/\/iletim.istanbul.edu.tr\/index.php\/wp-json\/wp\/v2\/posts\/7155","targetHints":{"allow":["GET"]}}],"collection":[{"href":"https:\/\/iletim.istanbul.edu.tr\/index.php\/wp-json\/wp\/v2\/posts"}],"about":[{"href":"https:\/\/iletim.istanbul.edu.tr\/index.php\/wp-json\/wp\/v2\/types\/post"}],"author":[{"embeddable":true,"href":"https:\/\/iletim.istanbul.edu.tr\/index.php\/wp-json\/wp\/v2\/users\/14"}],"replies":[{"embeddable":true,"href":"https:\/\/iletim.istanbul.edu.tr\/index.php\/wp-json\/wp\/v2\/comments?post=7155"}],"version-history":[{"count":0,"href":"https:\/\/iletim.istanbul.edu.tr\/index.php\/wp-json\/wp\/v2\/posts\/7155\/revisions"}],"wp:featuredmedia":[{"embeddable":true,"href":"https:\/\/iletim.istanbul.edu.tr\/index.php\/wp-json\/wp\/v2\/media\/7169"}],"wp:attachment":[{"href":"https:\/\/iletim.istanbul.edu.tr\/index.php\/wp-json\/wp\/v2\/media?parent=7155"}],"wp:term":[{"taxonomy":"category","embeddable":true,"href":"https:\/\/iletim.istanbul.edu.tr\/index.php\/wp-json\/wp\/v2\/categories?post=7155"},{"taxonomy":"post_tag","embeddable":true,"href":"https:\/\/iletim.istanbul.edu.tr\/index.php\/wp-json\/wp\/v2\/tags?post=7155"}],"curies":[{"name":"wp","href":"https:\/\/api.w.org\/{rel}","templated":true}]}}