{"id":7197,"date":"2018-11-29T14:48:09","date_gmt":"2018-11-29T11:48:09","guid":{"rendered":"https:\/\/iletim.istanbul.edu.tr\/?p=7197"},"modified":"2018-12-03T10:13:09","modified_gmt":"2018-12-03T07:13:09","slug":"iletisim-fakultesi-68-yasinda","status":"publish","type":"post","link":"https:\/\/iletim.istanbul.edu.tr\/index.php\/2018\/11\/29\/iletisim-fakultesi-68-yasinda\/","title":{"rendered":"\u0130leti\u015fim Fak\u00fcltesi 68 Ya\u015f\u0131nda"},"content":{"rendered":"<p><strong>Tu\u011f\u00e7e AY\u00c7\u0130N<\/strong><\/p>\n<p><strong>Kapak Foto\u011fraf\u0131: K\u00fcbra USTA<\/strong><\/p>\n<p>T\u00fcrkiye\u2019nin ileti\u015fim alan\u0131ndaki ilk, Nobel \u00f6d\u00fcll\u00fc tek fak\u00fcltesi olan \u0130stanbul \u00dcniversitesi \u0130leti\u015fim Fak\u00fcltesi 68. y\u0131l\u0131n\u0131 kutluyor.<\/p>\n<p>\u0130stanbul \u00dcniversitesi \u0130leti\u015fim Fak\u00fcltesi\u2019nin k\u00f6keni, 1950 y\u0131l\u0131nda \u0130stanbul \u00dcniversitesi b\u00fcnyesinde kurulan \u201cGazetecilik Enstit\u00fcs\u00fc\u201d ne dayan\u0131yor. 20 Haziran 1950 tarihinde y\u00f6netmeli\u011fi Milli E\u011fitim Bakanl\u0131\u011f\u0131nca onaylanan Gazetecilik Enstit\u00fcs\u00fc, 29 Kas\u0131m 1950\u2019de T\u00fcrkiye\u2019nin ilk gazetecilik y\u00fcksek e\u011fitim ve \u00f6\u011fretimini vermeye ba\u015flad\u0131. M\u00fcd\u00fcrl\u00fc\u011f\u00fc Ord. Prof. Dr. \u015e\u00fckr\u00fc Baban taraf\u0131ndan yap\u0131lan ve 2 y\u0131l s\u00fcreli e\u011fitim veren Enstit\u00fc, 1950- 1951 y\u0131l\u0131nda ilk \u00f6\u011frencilerini kabul etti. Gazetecilik Enstit\u00fcs\u00fc\u2019n\u00fcn 3 Temmuz 1950 tarih ve 7548 say\u0131l\u0131 Resmi Gazete\u2019de yay\u0131nlanan y\u00f6netmeli\u011finde Enstit\u00fc\u2019n\u00fcn ama\u00e7lar\u0131 \u015fu \u015fekilde belirtildi: \u201cGazetecilik konular\u0131yla ilgili meseleleri ara\u015ft\u0131rmak, gazetecili\u011fi ilgilendiren konular hakk\u0131nda ilmi ve mesleki \u00f6\u011fretim yapmak, yabanc\u0131 \u00fcniversitelerin gazetecilik enstit\u00fcleriyle ilmi i\u015fbirli\u011fi yapmak, milletleraras\u0131 gazetecilik kongre ve konferanslar\u0131na kat\u0131lmak.\u201d<\/p>\n<p><strong>\u201cDaha B\u00fcy\u00fck Ba\u015far\u0131lara \u0130mza Ataca\u011f\u0131m\u0131za \u0130nan\u0131yorum\u201d<\/strong><\/p>\n<p>\u0130leti\u015fim Fak\u00fcltesi Dekan\u0131 Prof. Dr. Erg\u00fcn Yolcu, Fak\u00fcltenin 68. y\u0131l\u0131 i\u00e7in bir mesaj yay\u0131nlad\u0131. \u0130leti\u015fim Fak\u00fcltesi\u2019nin 1950 y\u0131l\u0131nda \u201cGazetecilik Enstit\u00fcs\u00fc\u201d olarak kuruldu\u011funu belirten Prof. Dr. Yolcu, kuruldu\u011fu g\u00fcnden bu yana alan\u0131nda bir\u00e7ok ilke imza atan \u0130leti\u015fim Fak\u00fcltesi hakk\u0131nda \u015fu ifadeleri kulland\u0131: \u201cFak\u00fcltemizin 68. y\u0131l\u0131n\u0131 kutluyoruz. De\u011fi\u015fen d\u00fcnyay\u0131 do\u011fru okuyabilen, toplumsal konulara hi\u00e7bir \u00f6tekile\u015ftirmeye girmeksizin duyarl\u0131 ve toplumsal sorumluluk bilincine sahip, mesleki etik kurallara uyan, ileti\u015fim s\u00fcre\u00e7lerinin t\u00fcm boyutlar\u0131na h\u00e2kim, bilimsel yakla\u015f\u0131m becerisini ve ele\u015ftirel zek\u00e2s\u0131n\u0131 toplumun \u00e7\u0131kar\u0131 i\u00e7in hizmete sunan, evrensel d\u00fczeyde ara\u015ft\u0131rma yapabilen demokratik ve \u00e7a\u011fda\u015f ileti\u015fimciler yeti\u015ftirmek misyonumuzla \u00e7al\u0131\u015fmalar\u0131m\u0131za devam ediyoruz.\u201d<\/p>\n<figure id=\"attachment_7201\" aria-describedby=\"caption-attachment-7201\" style=\"width: 702px\" class=\"wp-caption alignnone\"><img decoding=\"async\" class=\"wp-image-7201 size-large\" src=\"https:\/\/iletim.istanbul.edu.tr\/wp-content\/uploads\/FileHandler-41-1024x682.jpg\" alt=\"\" width=\"702\" height=\"468\" srcset=\"https:\/\/iletim.istanbul.edu.tr\/wp-content\/uploads\/FileHandler-41-1024x682.jpg 1024w, https:\/\/iletim.istanbul.edu.tr\/wp-content\/uploads\/FileHandler-41-300x200.jpg 300w, https:\/\/iletim.istanbul.edu.tr\/wp-content\/uploads\/FileHandler-41-768x512.jpg 768w, https:\/\/iletim.istanbul.edu.tr\/wp-content\/uploads\/FileHandler-41.jpg 1600w\" sizes=\"(max-width: 702px) 100vw, 702px\" \/><figcaption id=\"caption-attachment-7201\" class=\"wp-caption-text\">Prof. Dr. Erg\u00fcn Yolcu<\/figcaption><\/figure>\n<p>Gelece\u011fin ileti\u015fimcilerini \u0130leti\u015fim Fak\u00fcltesi\u2019nin temel de\u011ferleri olan bilimsel \u00f6zg\u00fcrl\u00fck, kat\u0131l\u0131mc\u0131l\u0131k, \u015feffafl\u0131k, g\u00fcvenilirlik, topluma hizmet, yenilik\u00e7ilik, ya\u015fam hakk\u0131na sayg\u0131 ve etik de\u011ferleri ile yeti\u015ftirme gayreti i\u00e7inde olduklar\u0131n\u0131 s\u00f6yleyen Prof. Dr. Yolcu, \u201cBu gayretimize ortak olan ve bize g\u00fc\u00e7 veren ba\u015fta \u00f6\u011frencilerimiz ve mezunlar\u0131m\u0131z olmak \u00fczere kurulu\u015fundan bug\u00fcne kadar yapt\u0131\u011f\u0131 katk\u0131larla \u0130stanbul \u00dcniversitesi \u0130leti\u015fim Fak\u00fcltesi\u2019ni bug\u00fcnk\u00fc noktaya getiren t\u00fcm \u00f6\u011fretim elemanlar\u0131m\u0131z\u0131, idari personelimizi kutluyor, gelecekte daha b\u00fcy\u00fck ba\u015far\u0131lara birlikte imza ataca\u011f\u0131m\u0131za inan\u0131yorum\u201d \u015feklinde konu\u015ftu.<\/p>\n<p><img decoding=\"async\" class=\"alignnone size-large wp-image-7200\" src=\"https:\/\/iletim.istanbul.edu.tr\/wp-content\/uploads\/FileHandler-1-23-1024x340.jpg\" alt=\"\" width=\"702\" height=\"233\" srcset=\"https:\/\/iletim.istanbul.edu.tr\/wp-content\/uploads\/FileHandler-1-23-1024x340.jpg 1024w, https:\/\/iletim.istanbul.edu.tr\/wp-content\/uploads\/FileHandler-1-23-300x100.jpg 300w, https:\/\/iletim.istanbul.edu.tr\/wp-content\/uploads\/FileHandler-1-23-768x255.jpg 768w, https:\/\/iletim.istanbul.edu.tr\/wp-content\/uploads\/FileHandler-1-23.jpg 1109w\" sizes=\"(max-width: 702px) 100vw, 702px\" \/><\/p>\n","protected":false},"excerpt":{"rendered":"<p>T\u00fcrkiye\u2019nin ileti\u015fim alan\u0131ndaki ilk, Nobel \u00f6d\u00fcll\u00fc tek fak\u00fcltesi olan \u0130stanbul \u00dcniversitesi \u0130leti\u015fim Fak\u00fcltesi 68. y\u0131l\u0131n\u0131 kutluyor.<\/p>\n","protected":false},"author":14,"featured_media":7199,"comment_status":"open","ping_status":"open","sticky":false,"template":"","format":"standard","meta":{"jnews-multi-image_gallery":[],"jnews_single_post":[],"jnews_primary_category":[],"jnews_social_meta":[],"jnews_override_counter":[],"footnotes":""},"categories":[178],"tags":[40,603,604,605],"class_list":["post-7197","post","type-post","status-publish","format-standard","has-post-thumbnail","hentry","category-fakultemizden","tag-iletisim-fakultesi","tag-iletisim-fakultesi-68-yil","tag-iletisim-fakultesi-kurulus","tag-istanbul-universitesi-iletisim-fakultesi-kurulusu"],"_links":{"self":[{"href":"https:\/\/iletim.istanbul.edu.tr\/index.php\/wp-json\/wp\/v2\/posts\/7197","targetHints":{"allow":["GET"]}}],"collection":[{"href":"https:\/\/iletim.istanbul.edu.tr\/index.php\/wp-json\/wp\/v2\/posts"}],"about":[{"href":"https:\/\/iletim.istanbul.edu.tr\/index.php\/wp-json\/wp\/v2\/types\/post"}],"author":[{"embeddable":true,"href":"https:\/\/iletim.istanbul.edu.tr\/index.php\/wp-json\/wp\/v2\/users\/14"}],"replies":[{"embeddable":true,"href":"https:\/\/iletim.istanbul.edu.tr\/index.php\/wp-json\/wp\/v2\/comments?post=7197"}],"version-history":[{"count":0,"href":"https:\/\/iletim.istanbul.edu.tr\/index.php\/wp-json\/wp\/v2\/posts\/7197\/revisions"}],"wp:featuredmedia":[{"embeddable":true,"href":"https:\/\/iletim.istanbul.edu.tr\/index.php\/wp-json\/wp\/v2\/media\/7199"}],"wp:attachment":[{"href":"https:\/\/iletim.istanbul.edu.tr\/index.php\/wp-json\/wp\/v2\/media?parent=7197"}],"wp:term":[{"taxonomy":"category","embeddable":true,"href":"https:\/\/iletim.istanbul.edu.tr\/index.php\/wp-json\/wp\/v2\/categories?post=7197"},{"taxonomy":"post_tag","embeddable":true,"href":"https:\/\/iletim.istanbul.edu.tr\/index.php\/wp-json\/wp\/v2\/tags?post=7197"}],"curies":[{"name":"wp","href":"https:\/\/api.w.org\/{rel}","templated":true}]}}