{"id":7245,"date":"2018-12-04T11:34:48","date_gmt":"2018-12-04T08:34:48","guid":{"rendered":"https:\/\/iletim.istanbul.edu.tr\/?p=7245"},"modified":"2018-12-04T11:34:48","modified_gmt":"2018-12-04T08:34:48","slug":"iuwebtv-sunuculuk-atolyesi-basladi-2","status":"publish","type":"post","link":"https:\/\/iletim.istanbul.edu.tr\/index.php\/2018\/12\/04\/iuwebtv-sunuculuk-atolyesi-basladi-2\/","title":{"rendered":"\u0130\u00dcWEBTV Sunuculuk At\u00f6lyesi Ba\u015flad\u0131"},"content":{"rendered":"<p><strong>S\u00fcmeyye YA\u011eCI<\/strong><\/p>\n<p>\u0130\u00dcWEBTV At\u00f6lyeleri kapsam\u0131nda \u0130\u00dc \u0130leti\u015fim Fak\u00fcltesi Radyo Televizyon ve Sinema B\u00f6l\u00fcm\u00fc Dr. \u00d6\u011fr. \u00dcyesi Mesut Aytekin\u00a0ve Ar\u015f. G\u00f6r. Seda Kandemir koordinat\u00f6rl\u00fc\u011f\u00fcnde d\u00fczenlenen Sunuculuk At\u00f6lyesi 30 Kas\u0131m&#8217;da teorik ve pratik \u00e7al\u0131\u015fmalar\u0131na ba\u015flad\u0131.<\/p>\n<p>\u0130\u00dcWEBTV Sunuculuk At\u00f6lyesi kapsam\u0131nda \u00f6\u011frenciler, hitabet yeteneklerini kuvvetlendirecek egzersizler yaparak diksiyon alan\u0131nda kendilerini geli\u015ftirme, \u00f6zg\u00fcvenlerini art\u0131rarak kamera ve topluluk \u00f6n\u00fcnde konu\u015fabilme ve \u0130\u00dcWEBTV\u2019de yapt\u0131klar\u0131 programlarda da \u00f6\u011frendiklerini uygulama imkan\u0131na sahip olacaklar. \u00a0\u0130\u00dcWEBTV Sunuculuk At\u00f6lyesi, 2018-2019 Akademik Y\u0131l\u0131 boyunca e\u011fitimlerini s\u00fcrd\u00fcrecek.<\/p>\n<p><strong>&#8220;Gayemiz, Yeni Bir Ekip&#8221;<\/strong><\/p>\n<p>At\u00f6lye program\u0131n\u0131n amac\u0131ndan bahseden\u00a0Dr. \u00d6\u011fr. \u00dcyesi Mesut Aytekin, \u201c\u0130\u00dcWEBTV olarak gayemiz, iki senedir \u00e7al\u0131\u015ft\u0131\u011f\u0131m\u0131z ekibimizin yan\u0131 s\u0131ra sizlerden olu\u015fan yeni bir ekip kurmak. Bu do\u011frultuda hedefimiz \u00f6\u011frencilerimizin kabiliyetlerini ortaya \u00e7\u0131karmak\u201d diyerek at\u00f6lye kapsam\u0131nda sunuculuk e\u011fitimlerini destekleyici \u00e7al\u0131\u015fmalar yaparak bu alanda lider bireyler yeti\u015ftirmeyi ama\u00e7lad\u0131klar\u0131n\u0131 ifade etti.<\/p>\n<p>\u00d6\u011frencilere at\u00f6lye kapsam\u0131nda ilerleyen s\u00fcre\u00e7 i\u00e7in tavsiyeler veren Dr. \u00d6\u011fr. \u00dcyesi Aytekin, \u201cE\u011fitimler s\u00fcresince sekt\u00f6rden yetkin isimleri konuk edece\u011fiz. Fikir havuzu olu\u015fturaca\u011f\u0131z ve bunun \u00f6l\u00e7\u00fcs\u00fcnde yar\u0131\u015fmalar i\u00e7in \u00fcretimler yapaca\u011f\u0131z. Sizlerin \u00fcretimleri bizleri gururland\u0131rmaktad\u0131r. Bu sebeple g\u00f6n\u00fcll\u00fcl\u00fck esas\u0131nda ve daima \u00e7aba g\u00f6stererek hareket etmelisiniz\u201d dedi.<\/p>\n<p><strong>\u201c\u0130\u00dcWEBTV\u2019nin \u00dcyesisiniz\u201c<\/strong><\/p>\n<p>At\u00f6lyenin ilk e\u011fitimini ger\u00e7ekle\u015ftiren Ar\u015f. G\u00f6r. Seda Kandemir, \u201cHepiniz kendinizi tan\u0131mal\u0131 ve ekip olmal\u0131s\u0131n\u0131z, \u00e7\u00fcnk\u00fc art\u0131k sizler \u0130\u00dcWEBTV\u2019nin \u00fcyesisiniz. E\u011fitimler kapsam\u0131nda sunuculuk ve diksiyon \u00e7al\u0131\u015fmalar\u0131n\u0131n yan\u0131 s\u0131ra bol bol sesli okumalar da yapacaks\u0131n\u0131z. S\u00fcre\u00e7 sonunda at\u00f6lyeyi tamamlayan \u00f6\u011frencilerimize de kat\u0131l\u0131m sertifikalar\u0131n\u0131 verece\u011fiz\u201d \u015feklinde konu\u015ftu.<\/p>\n<p>Sunuculuk At\u00f6lyesi\u2019nin ilk e\u011fitimi diyafram ve kendini tan\u0131tma \u00e7al\u0131\u015fmas\u0131 ile sona erdi.<\/p>\n<div id='gallery_1' class='gallery galleryid-7245 gallery-columns-3 gallery-size-thumbnail'><figure class='gallery-item'>\n                <div class='gallery-icon landscape'>\n                    <a href='https:\/\/iletim.istanbul.edu.tr\/wp-content\/uploads\/at\u00f6lye.jpg'><img loading=\"lazy\" decoding=\"async\" width=\"150\" height=\"150\" src=\"\" class=\"attachment-thumbnail size-thumbnail lazyload\" alt=\"\" data-src=\"https:\/\/iletim.istanbul.edu.tr\/wp-content\/uploads\/at\u00f6lye-150x150.jpg\" data-sizes=\"auto\" data-srcset=\"\" data-expand=\"700\" \/><\/a>\n                <\/div><\/figure><figure class='gallery-item'>\n                <div class='gallery-icon landscape'>\n                    <a href='https:\/\/iletim.istanbul.edu.tr\/wp-content\/uploads\/DSC_0154.jpg'><img loading=\"lazy\" decoding=\"async\" width=\"150\" height=\"150\" src=\"\" class=\"attachment-thumbnail size-thumbnail lazyload\" alt=\"\" data-src=\"https:\/\/iletim.istanbul.edu.tr\/wp-content\/uploads\/DSC_0154-150x150.jpg\" data-sizes=\"auto\" data-srcset=\"\" data-expand=\"700\" \/><\/a>\n                <\/div><\/figure><figure class='gallery-item'>\n                <div class='gallery-icon landscape'>\n                    <a href='https:\/\/iletim.istanbul.edu.tr\/wp-content\/uploads\/DSC_0150-1.jpg'><img loading=\"lazy\" decoding=\"async\" width=\"150\" height=\"150\" src=\"\" class=\"attachment-thumbnail size-thumbnail lazyload\" alt=\"\" data-src=\"https:\/\/iletim.istanbul.edu.tr\/wp-content\/uploads\/DSC_0150-1-150x150.jpg\" data-sizes=\"auto\" data-srcset=\"\" data-expand=\"700\" \/><\/a>\n                <\/div><\/figure><br style=\"clear: both\" \/><figure class='gallery-item'>\n                <div class='gallery-icon landscape'>\n                    <a href='https:\/\/iletim.istanbul.edu.tr\/wp-content\/uploads\/DSC_0145.jpg'><img loading=\"lazy\" decoding=\"async\" width=\"150\" height=\"150\" src=\"\" class=\"attachment-thumbnail size-thumbnail lazyload\" alt=\"\" data-src=\"https:\/\/iletim.istanbul.edu.tr\/wp-content\/uploads\/DSC_0145-150x150.jpg\" data-sizes=\"auto\" data-srcset=\"\" data-expand=\"700\" \/><\/a>\n                <\/div><\/figure><figure class='gallery-item'>\n                <div class='gallery-icon landscape'>\n                    <a href='https:\/\/iletim.istanbul.edu.tr\/wp-content\/uploads\/DSC_0138.jpg'><img loading=\"lazy\" decoding=\"async\" width=\"150\" height=\"150\" src=\"\" class=\"attachment-thumbnail size-thumbnail lazyload\" alt=\"\" data-src=\"https:\/\/iletim.istanbul.edu.tr\/wp-content\/uploads\/DSC_0138-150x150.jpg\" data-sizes=\"auto\" data-srcset=\"\" data-expand=\"700\" \/><\/a>\n                <\/div><\/figure><figure class='gallery-item'>\n                <div class='gallery-icon landscape'>\n                    <a href='https:\/\/iletim.istanbul.edu.tr\/wp-content\/uploads\/DSC_0132.jpg'><img loading=\"lazy\" decoding=\"async\" width=\"150\" height=\"150\" src=\"\" class=\"attachment-thumbnail size-thumbnail lazyload\" alt=\"\" data-src=\"https:\/\/iletim.istanbul.edu.tr\/wp-content\/uploads\/DSC_0132-150x150.jpg\" data-sizes=\"auto\" data-srcset=\"\" data-expand=\"700\" \/><\/a>\n                <\/div><\/figure><br style=\"clear: both\" \/><figure class='gallery-item'>\n                <div class='gallery-icon landscape'>\n                    <a href='https:\/\/iletim.istanbul.edu.tr\/wp-content\/uploads\/DSC_0120.jpg'><img loading=\"lazy\" decoding=\"async\" width=\"150\" height=\"150\" src=\"\" class=\"attachment-thumbnail size-thumbnail lazyload\" alt=\"\" data-src=\"https:\/\/iletim.istanbul.edu.tr\/wp-content\/uploads\/DSC_0120-150x150.jpg\" data-sizes=\"auto\" data-srcset=\"\" data-expand=\"700\" \/><\/a>\n                <\/div><\/figure>\n                <br style='clear: both' \/>\n            <\/div>\n\n<p>&nbsp;<\/p>\n","protected":false},"excerpt":{"rendered":"<p>\u0130\u00dcWEBTV At\u00f6lyeleri kapsam\u0131nda \u0130\u00dc \u0130leti\u015fim Fak\u00fcltesi Radyo Televizyon ve Sinema B\u00f6l\u00fcm\u00fc Dr. \u00d6\u011fr. \u00dcyesi Mesut Aytekin ve Ar\u015f. G\u00f6r. Seda Kandemir koordinat\u00f6rl\u00fc\u011f\u00fcnde d\u00fczenlenen Sunuculuk At\u00f6lyesi teorik ve pratik \u00e7al\u0131\u015fmalar\u0131na ba\u015flad\u0131.<\/p>\n","protected":false},"author":14,"featured_media":7254,"comment_status":"open","ping_status":"open","sticky":false,"template":"","format":"standard","meta":{"jnews-multi-image_gallery":[],"jnews_single_post":[],"jnews_primary_category":[],"jnews_social_meta":[],"jnews_override_counter":[],"footnotes":""},"categories":[178],"tags":[85,308],"class_list":["post-7245","post","type-post","status-publish","format-standard","has-post-thumbnail","hentry","category-fakultemizden","tag-iuwebtv","tag-sunuculuk-atolyesi"],"_links":{"self":[{"href":"https:\/\/iletim.istanbul.edu.tr\/index.php\/wp-json\/wp\/v2\/posts\/7245","targetHints":{"allow":["GET"]}}],"collection":[{"href":"https:\/\/iletim.istanbul.edu.tr\/index.php\/wp-json\/wp\/v2\/posts"}],"about":[{"href":"https:\/\/iletim.istanbul.edu.tr\/index.php\/wp-json\/wp\/v2\/types\/post"}],"author":[{"embeddable":true,"href":"https:\/\/iletim.istanbul.edu.tr\/index.php\/wp-json\/wp\/v2\/users\/14"}],"replies":[{"embeddable":true,"href":"https:\/\/iletim.istanbul.edu.tr\/index.php\/wp-json\/wp\/v2\/comments?post=7245"}],"version-history":[{"count":0,"href":"https:\/\/iletim.istanbul.edu.tr\/index.php\/wp-json\/wp\/v2\/posts\/7245\/revisions"}],"wp:featuredmedia":[{"embeddable":true,"href":"https:\/\/iletim.istanbul.edu.tr\/index.php\/wp-json\/wp\/v2\/media\/7254"}],"wp:attachment":[{"href":"https:\/\/iletim.istanbul.edu.tr\/index.php\/wp-json\/wp\/v2\/media?parent=7245"}],"wp:term":[{"taxonomy":"category","embeddable":true,"href":"https:\/\/iletim.istanbul.edu.tr\/index.php\/wp-json\/wp\/v2\/categories?post=7245"},{"taxonomy":"post_tag","embeddable":true,"href":"https:\/\/iletim.istanbul.edu.tr\/index.php\/wp-json\/wp\/v2\/tags?post=7245"}],"curies":[{"name":"wp","href":"https:\/\/api.w.org\/{rel}","templated":true}]}}