{"id":7300,"date":"2018-12-05T10:16:05","date_gmt":"2018-12-05T07:16:05","guid":{"rendered":"https:\/\/iletim.istanbul.edu.tr\/?p=7300"},"modified":"2018-12-15T16:58:37","modified_gmt":"2018-12-15T13:58:37","slug":"halkla-iliskileri-dijital-dunyaya-aktarmak-onemli","status":"publish","type":"post","link":"https:\/\/iletim.istanbul.edu.tr\/index.php\/2018\/12\/05\/halkla-iliskileri-dijital-dunyaya-aktarmak-onemli\/","title":{"rendered":"&#8220;Halkla \u0130li\u015fkileri Dijital D\u00fcnyaya Aktarmak \u00d6nemli&#8221;"},"content":{"rendered":"<p><strong>Murat KASAP<\/strong><\/p>\n<p>\u0130stanbul \u00dcniversitesi \u0130leti\u015fim Fak\u00fcltesi Konferans Salonu&#8217;nda Do\u00e7. Dr. Feride Ak\u0131m&#8217;\u0131n &#8220;Kitle \u0130leti\u015fiminde Sosyal Sorumluluk Kampanyalar\u0131&#8221; dersi kapsam\u0131nda 4 Aral\u0131k Sal\u0131 g\u00fcn\u00fc ger\u00e7ekle\u015ftirilen &#8220;K\u00fcresel Trendler I\u015f\u0131\u011f\u0131nda Kurumsal Sosyal Sorumluluk Projeleri&#8221; etkinli\u011finin konu\u011fu P&amp;G T\u00fcrkiye ve Kafkasya Kurumsal \u0130leti\u015fim Ba\u015fkan\u0131 Ay\u00e7a Demirci Turgay oldu.<\/p>\n<p>Halkla ili\u015fkiler alan\u0131nda sadece bir alanda de\u011fil bir\u00e7ok alanda fonsiyonlar\u0131m\u0131z\u0131 g\u00f6stermemiz gerekiyor diyen\u00a0 Demirci Turgay, &#8220;Her \u015feyden \u00f6nce bir ileti\u015fimci olarak kendimizi her alanda geli\u015ftirmeliyiz. Kriz an\u0131n\u0131 y\u00f6netebilecek sorumluluk sahibi ve \u00f6ng\u00f6r\u00fcde bulunabilen bireyler olmam\u0131z gerekiyor&#8221; dedi.<\/p>\n<p><strong>&#8220;Gelece\u011fin Halkla \u0130li\u015fkiler Mezunlar\u0131 Bu Alanlarda \u00c7al\u0131\u015facak&#8221;<\/strong><\/p>\n<p>S\u00fcrekli geli\u015fen teknolojik d\u00fcnyay\u0131 bir ileti\u015fimci olarak takip etmenin \u00f6nemine vurgu yapan Turgay, &#8220;G\u00fcn\u00fcm\u00fczde bakt\u0131\u011f\u0131m\u0131zda halkla ili\u015fkiler ajanslar\u0131 dijital d\u00fcnyaya tam anlam\u0131yla ayak uyduramad\u0131. Bu konuda eksi\u011fimiz var. Ajanslar\u0131n tam anlam\u0131yla dijital d\u00fcnyaya entegre olmas\u0131 gerekiyor. \u0130nternet ve sosyal medyaya halkla ili\u015fkileri aktarmak \u00e7ok \u00f6nemli. Gelece\u011fin halkla ili\u015fkilercileri bu alanlarda olacak&#8221; ifadelerini kulland\u0131.<\/p>\n<p><strong>&#8220;K\u0131z Gibi Kelimesinin Negatif Alg\u0131s\u0131n\u0131 K\u0131rmay\u0131 Hedefliyoruz&#8221;<br \/>\n<\/strong><\/p>\n<p>P&amp;G projelerinin genelde birka\u00e7 y\u0131ll\u0131k de\u011fil s\u00fcrd\u00fcr\u00fclebilir ve uzun soluklu oldu\u011funu bu kapsamda ergenlik \u00e7a\u011f\u0131nda olan bir\u00e7ok engelli \u00e7ocu\u011fa destekte bulunuldu\u011funu, ayr\u0131ca &#8220;likeagirl&#8221; kapsam\u0131nda T\u00fcrkiye&#8217;de hayata ge\u00e7irilen kampanya ile ergenlik \u00e7a\u011f\u0131ndaki k\u0131zlar\u0131n \u00f6zg\u00fcvenli birer birey olmalar\u0131n\u0131 hedeflediklerini belirten Turgay, &#8220;K\u0131z gibi kelimesinin negatif alg\u0131s\u0131n\u0131 k\u0131rmay\u0131 hedefliyoruz. K\u0131zlar\u0131m\u0131z\u0131n her anlamda \u00f6zg\u00fcvenli ve \u00fclkemize katk\u0131 verecek bireyler olmas\u0131 i\u00e7in \u00e7al\u0131\u015f\u0131yoruz. P&amp;G olarak T\u00fcrkiye&#8217;de 30 y\u0131ll\u0131k bir ge\u00e7mi\u015fimiz var. Bir\u00e7ok dev markayla \u00e7al\u0131\u015f\u0131yoruz. T\u00fcrkiye&#8217;de \u00fcretilen P&amp;G \u00fcr\u00fcnlerinin y\u00fczde 60&#8217;\u0131 T\u00fcrkiye&#8217;de \u00fcretiliyor. Sosyal sorumluluk ve spor alanlar\u0131na yakla\u015f\u0131k y\u00fczde 10 pay ay\u0131r\u0131yoruz&#8221; diyerek s\u00f6zlerini tamamlad\u0131.<\/p>\n<p>Etkinli\u011fin sonunda Do\u00e7. Dr. Feride Ak\u0131m taraf\u0131ndan Ay\u00e7a Demirci Turgay&#8217;a te\u015fekk\u00fcr belgesi takdim edildi.<\/p>\n<div id='gallery_1' class='gallery galleryid-7300 gallery-columns-3 gallery-size-thumbnail'><figure class='gallery-item'>\n                <div class='gallery-icon landscape'>\n                    <a href='https:\/\/iletim.istanbul.edu.tr\/wp-content\/uploads\/BHM_1388.jpg'><img loading=\"lazy\" decoding=\"async\" width=\"150\" height=\"150\" src=\"\" class=\"attachment-thumbnail size-thumbnail lazyload\" alt=\"\" data-src=\"https:\/\/iletim.istanbul.edu.tr\/wp-content\/uploads\/BHM_1388-150x150.jpg\" data-sizes=\"auto\" data-srcset=\"\" data-expand=\"700\" \/><\/a>\n                <\/div><\/figure><figure class='gallery-item'>\n                <div class='gallery-icon landscape'>\n                    <a href='https:\/\/iletim.istanbul.edu.tr\/wp-content\/uploads\/BHM_1396.jpg'><img loading=\"lazy\" decoding=\"async\" width=\"150\" height=\"150\" src=\"\" class=\"attachment-thumbnail size-thumbnail lazyload\" alt=\"\" data-src=\"https:\/\/iletim.istanbul.edu.tr\/wp-content\/uploads\/BHM_1396-150x150.jpg\" data-sizes=\"auto\" data-srcset=\"\" data-expand=\"700\" \/><\/a>\n                <\/div><\/figure><figure class='gallery-item'>\n                <div class='gallery-icon landscape'>\n                    <a href='https:\/\/iletim.istanbul.edu.tr\/wp-content\/uploads\/BHM_1397.jpg'><img loading=\"lazy\" decoding=\"async\" width=\"150\" height=\"150\" src=\"\" class=\"attachment-thumbnail size-thumbnail lazyload\" alt=\"\" data-src=\"https:\/\/iletim.istanbul.edu.tr\/wp-content\/uploads\/BHM_1397-150x150.jpg\" data-sizes=\"auto\" data-srcset=\"\" data-expand=\"700\" \/><\/a>\n                <\/div><\/figure><br style=\"clear: both\" \/><figure class='gallery-item'>\n                <div class='gallery-icon landscape'>\n                    <a href='https:\/\/iletim.istanbul.edu.tr\/wp-content\/uploads\/BHM_1403.jpg'><img loading=\"lazy\" decoding=\"async\" width=\"150\" height=\"150\" src=\"\" class=\"attachment-thumbnail size-thumbnail lazyload\" alt=\"\" data-src=\"https:\/\/iletim.istanbul.edu.tr\/wp-content\/uploads\/BHM_1403-150x150.jpg\" data-sizes=\"auto\" data-srcset=\"\" data-expand=\"700\" \/><\/a>\n                <\/div><\/figure><figure class='gallery-item'>\n                <div class='gallery-icon landscape'>\n                    <a href='https:\/\/iletim.istanbul.edu.tr\/wp-content\/uploads\/BHM_1406.jpg'><img loading=\"lazy\" decoding=\"async\" width=\"150\" height=\"150\" src=\"\" class=\"attachment-thumbnail size-thumbnail lazyload\" alt=\"\" data-src=\"https:\/\/iletim.istanbul.edu.tr\/wp-content\/uploads\/BHM_1406-150x150.jpg\" data-sizes=\"auto\" data-srcset=\"\" data-expand=\"700\" \/><\/a>\n                <\/div><\/figure>\n                <br style='clear: both' \/>\n            <\/div>\n\n","protected":false},"excerpt":{"rendered":"<p>\u0130stanbul \u00dcniversitesi \u0130leti\u015fim Fak\u00fcltesi Konferans Salonu&#8217;nda 4 Aral\u0131k Sal\u0131 g\u00fcn\u00fc Do\u00e7. Dr. Feride Ak\u0131m&#8217;\u0131n Kitle \u0130leti\u015fiminde Sosyal Sorumluluk Kampanyalar\u0131 dersi kapsam\u0131nda ger\u00e7ekle\u015ftirilen &#8220;K\u00fcresel Trendler I\u015f\u0131\u011f\u0131nda Kurumsal Sosyal Sorumluluk Projeleri&#8221; etkinli\u011finin konu\u011fu P&amp;G T\u00fcrkiye ve Kafkasya Kurumsal \u0130leti\u015fim Ba\u015fkan\u0131 Ay\u00e7a Demirci Turgay oldu.<\/p>\n","protected":false},"author":14,"featured_media":7306,"comment_status":"open","ping_status":"open","sticky":false,"template":"","format":"standard","meta":{"jnews-multi-image_gallery":[],"jnews_single_post":[],"jnews_primary_category":[],"jnews_social_meta":[],"jnews_override_counter":[],"footnotes":""},"categories":[178],"tags":[608,606,64,607],"class_list":["post-7300","post","type-post","status-publish","format-standard","has-post-thumbnail","hentry","category-fakultemizden","tag-ayca-demirci-turgay","tag-kuresel-trndler","tag-murat-kasap","tag-pg"],"_links":{"self":[{"href":"https:\/\/iletim.istanbul.edu.tr\/index.php\/wp-json\/wp\/v2\/posts\/7300","targetHints":{"allow":["GET"]}}],"collection":[{"href":"https:\/\/iletim.istanbul.edu.tr\/index.php\/wp-json\/wp\/v2\/posts"}],"about":[{"href":"https:\/\/iletim.istanbul.edu.tr\/index.php\/wp-json\/wp\/v2\/types\/post"}],"author":[{"embeddable":true,"href":"https:\/\/iletim.istanbul.edu.tr\/index.php\/wp-json\/wp\/v2\/users\/14"}],"replies":[{"embeddable":true,"href":"https:\/\/iletim.istanbul.edu.tr\/index.php\/wp-json\/wp\/v2\/comments?post=7300"}],"version-history":[{"count":0,"href":"https:\/\/iletim.istanbul.edu.tr\/index.php\/wp-json\/wp\/v2\/posts\/7300\/revisions"}],"wp:featuredmedia":[{"embeddable":true,"href":"https:\/\/iletim.istanbul.edu.tr\/index.php\/wp-json\/wp\/v2\/media\/7306"}],"wp:attachment":[{"href":"https:\/\/iletim.istanbul.edu.tr\/index.php\/wp-json\/wp\/v2\/media?parent=7300"}],"wp:term":[{"taxonomy":"category","embeddable":true,"href":"https:\/\/iletim.istanbul.edu.tr\/index.php\/wp-json\/wp\/v2\/categories?post=7300"},{"taxonomy":"post_tag","embeddable":true,"href":"https:\/\/iletim.istanbul.edu.tr\/index.php\/wp-json\/wp\/v2\/tags?post=7300"}],"curies":[{"name":"wp","href":"https:\/\/api.w.org\/{rel}","templated":true}]}}