{"id":7462,"date":"2018-12-13T12:09:23","date_gmt":"2018-12-13T09:09:23","guid":{"rendered":"https:\/\/iletim.istanbul.edu.tr\/?p=7462"},"modified":"2019-01-14T11:23:45","modified_gmt":"2019-01-14T08:23:45","slug":"sanat-evrensel-bir-iletisim-dili","status":"publish","type":"post","link":"https:\/\/iletim.istanbul.edu.tr\/index.php\/2018\/12\/13\/sanat-evrensel-bir-iletisim-dili\/","title":{"rendered":"&#8220;Sanat, Evrensel Bir \u0130leti\u015fim Dili&#8221;"},"content":{"rendered":"<div dir=\"auto\"><strong>Aylin AY<\/strong><\/div>\n<div dir=\"auto\">\u0130stanbul \u00dcniversitesi Engelliler Uygulama ve Ara\u015ft\u0131rma Merkezi taraf\u0131ndan d\u00fczenlenen, Georgia State \u00dcniversitesinden \u00f6nemli eserlerin getirildi\u011fi &#8220;Devam Eden Konu\u015fma&#8221; adl\u0131 serginin a\u00e7\u0131l\u0131\u015f\u0131 11 Aral\u0131k&#8217;ta \u0130stanbul \u00dcniversitesi Edebiyat Fak\u00fcltesi \u015eeref Hol\u00fc&#8217;nde ger\u00e7ekle\u015ftirildi.<\/div>\n<div dir=\"auto\">A\u00e7\u0131l\u0131\u015f konu\u015fmas\u0131n\u0131 Engelli Uygulama ve Ara\u015ft\u0131rma Merkezi M\u00fcd\u00fcr\u00fc Prof. Dr. Resa Ayd\u0131n yapt\u0131. Prof. Dr. Ayd\u0131n, b\u00fct\u00fcn etkinlikleri sanatla birle\u015ftirmeye \u00e7al\u0131\u015ft\u0131klar\u0131n\u0131 ifade ederken sanat\u0131n evrensel bir ileti\u015fim dili oldu\u011funu s\u00f6yledi. Sosyok\u00fclt\u00fcrel a\u00e7\u0131dan kimlik geli\u015fiminde sanat\u0131n \u00f6nemli oldu\u011funu belirtip, gelenlere te\u015fekk\u00fcr eden Prof. Dr. Ayd\u0131n konu\u015fmas\u0131n\u0131, Peyzaj Mimarlar\u0131 Odas\u0131 \u0130stanbul \u015eube Ba\u015fkan\u0131 Murat Ermeydan&#8217;a devretti.<\/div>\n<div dir=\"auto\">Yenilik\u00e7i ve kat\u0131l\u0131mc\u0131 bir kimlik ta\u015f\u0131d\u0131klar\u0131n\u0131 belirten Ermeydan, do\u011fa, renk, peyzaj ve sanat\u0131n g\u00fczel bir birle\u015fim oldu\u011funu s\u00f6yleyerek, peyzaj\u0131n ya\u015fam\u0131n oldu\u011fu her yerde var olaca\u011f\u0131n\u0131 ekledi. \u0130stanbul \u00dcniversitesi Peyzaj Mimarl\u0131\u011f\u0131 mezunu olan Ermeydan, buradan mezun oldu\u011fu i\u00e7in gururland\u0131\u011f\u0131n\u0131 belirtip bu sergi i\u00e7in de iyi dileklerini sundu.<\/div>\n<div dir=\"auto\">Urmia Land Art temsilcisi Sara Dadras bazen ayn\u0131 dili konu\u015fan insanlar\u0131n bile ileti\u015fim kuramad\u0131\u011f\u0131n\u0131n ve teknolojinin insanlar\u0131 biribirinden uzakla\u015ft\u0131r\u0131ld\u0131\u011f\u0131n\u0131n alt\u0131n\u0131 \u00e7izdi. Sanat ile ortak bir dil olu\u015faca\u011f\u0131n\u0131 belirten Dadras, serginin amac\u0131n\u0131n da hayattaki engellerin ileti\u015fim kurarak nas\u0131l a\u015f\u0131labilece\u011fini g\u00f6stermek oldu\u011funu ifade etti. Konu\u015fmas\u0131n\u0131 eme\u011fi ge\u00e7enlere ve kat\u0131lanlara te\u015fekk\u00fcr ederek sonland\u0131rd\u0131.<\/div>\n<div dir=\"auto\">Sergide Jess Jones, Nicole Benner, Carla Powell, Soude Dadras, Amanda Whitaker ve Sara Dadras&#8217;\u0131n eserleri yer ald\u0131. <span style=\"float: none;background-color: transparent;color: #3b3b3b;font-family: 'Open Sans',Arial,sans-serif;font-size: 14px;font-style: normal;font-variant: normal;font-weight: 400;letter-spacing: normal;text-align: left;text-decoration: none;text-indent: 0px\">A\u00e7\u0131l\u0131\u015f sonras\u0131 serginin D\u00fczenleme Kurulu Ba\u015fkan\u0131 Soude Dadras ziyaret\u00e7ilere eserler hakk\u0131nda bilgi verdi.<\/span><\/div>\n<div dir=\"auto\">\n<div id='gallery_1' class='gallery galleryid-7462 gallery-columns-4 gallery-size-large'><figure class='gallery-item'>\n                <div class='gallery-icon landscape'>\n                    <a href='https:\/\/iletim.istanbul.edu.tr\/wp-content\/uploads\/8945ed50-2262-47e1-98c4-bc1f30a0ef4b.jpg'><img loading=\"lazy\" decoding=\"async\" width=\"1024\" height=\"680\" src=\"\" class=\"attachment-large size-large lazyload\" alt=\"\" data-src=\"https:\/\/iletim.istanbul.edu.tr\/wp-content\/uploads\/8945ed50-2262-47e1-98c4-bc1f30a0ef4b-1024x680.jpg\" data-sizes=\"auto\" data-srcset=\"https:\/\/iletim.istanbul.edu.tr\/wp-content\/uploads\/8945ed50-2262-47e1-98c4-bc1f30a0ef4b-1024x680.jpg 1024w, https:\/\/iletim.istanbul.edu.tr\/wp-content\/uploads\/8945ed50-2262-47e1-98c4-bc1f30a0ef4b-300x199.jpg 300w, https:\/\/iletim.istanbul.edu.tr\/wp-content\/uploads\/8945ed50-2262-47e1-98c4-bc1f30a0ef4b-768x510.jpg 768w, https:\/\/iletim.istanbul.edu.tr\/wp-content\/uploads\/8945ed50-2262-47e1-98c4-bc1f30a0ef4b.jpg 1600w\" data-expand=\"700\" \/><\/a>\n                <\/div><\/figure><figure class='gallery-item'>\n                <div class='gallery-icon landscape'>\n                    <a href='https:\/\/iletim.istanbul.edu.tr\/wp-content\/uploads\/a5720dbe-9e62-4413-9807-1134efe096d9.jpg'><img loading=\"lazy\" decoding=\"async\" width=\"1024\" height=\"680\" src=\"\" class=\"attachment-large size-large lazyload\" alt=\"\" data-src=\"https:\/\/iletim.istanbul.edu.tr\/wp-content\/uploads\/a5720dbe-9e62-4413-9807-1134efe096d9-1024x680.jpg\" data-sizes=\"auto\" data-srcset=\"https:\/\/iletim.istanbul.edu.tr\/wp-content\/uploads\/a5720dbe-9e62-4413-9807-1134efe096d9-1024x680.jpg 1024w, https:\/\/iletim.istanbul.edu.tr\/wp-content\/uploads\/a5720dbe-9e62-4413-9807-1134efe096d9-300x199.jpg 300w, https:\/\/iletim.istanbul.edu.tr\/wp-content\/uploads\/a5720dbe-9e62-4413-9807-1134efe096d9-768x510.jpg 768w, https:\/\/iletim.istanbul.edu.tr\/wp-content\/uploads\/a5720dbe-9e62-4413-9807-1134efe096d9.jpg 1600w\" data-expand=\"700\" \/><\/a>\n                <\/div><\/figure><figure class='gallery-item'>\n                <div class='gallery-icon landscape'>\n                    <a href='https:\/\/iletim.istanbul.edu.tr\/wp-content\/uploads\/8875cfbd-cd32-4c18-928b-e84471e3b0a9.jpg'><img loading=\"lazy\" decoding=\"async\" width=\"1024\" height=\"680\" src=\"\" class=\"attachment-large size-large lazyload\" alt=\"\" data-src=\"https:\/\/iletim.istanbul.edu.tr\/wp-content\/uploads\/8875cfbd-cd32-4c18-928b-e84471e3b0a9-1024x680.jpg\" data-sizes=\"auto\" data-srcset=\"https:\/\/iletim.istanbul.edu.tr\/wp-content\/uploads\/8875cfbd-cd32-4c18-928b-e84471e3b0a9-1024x680.jpg 1024w, https:\/\/iletim.istanbul.edu.tr\/wp-content\/uploads\/8875cfbd-cd32-4c18-928b-e84471e3b0a9-300x199.jpg 300w, https:\/\/iletim.istanbul.edu.tr\/wp-content\/uploads\/8875cfbd-cd32-4c18-928b-e84471e3b0a9-768x510.jpg 768w, https:\/\/iletim.istanbul.edu.tr\/wp-content\/uploads\/8875cfbd-cd32-4c18-928b-e84471e3b0a9.jpg 1600w\" data-expand=\"700\" \/><\/a>\n                <\/div><\/figure><figure class='gallery-item'>\n                <div class='gallery-icon landscape'>\n                    <a href='https:\/\/iletim.istanbul.edu.tr\/wp-content\/uploads\/e225082a-7172-4905-b576-2539e64e1afa.jpg'><img loading=\"lazy\" decoding=\"async\" width=\"1024\" height=\"680\" src=\"\" class=\"attachment-large size-large lazyload\" alt=\"\" data-src=\"https:\/\/iletim.istanbul.edu.tr\/wp-content\/uploads\/e225082a-7172-4905-b576-2539e64e1afa-1024x680.jpg\" data-sizes=\"auto\" data-srcset=\"https:\/\/iletim.istanbul.edu.tr\/wp-content\/uploads\/e225082a-7172-4905-b576-2539e64e1afa-1024x680.jpg 1024w, https:\/\/iletim.istanbul.edu.tr\/wp-content\/uploads\/e225082a-7172-4905-b576-2539e64e1afa-300x199.jpg 300w, https:\/\/iletim.istanbul.edu.tr\/wp-content\/uploads\/e225082a-7172-4905-b576-2539e64e1afa-768x510.jpg 768w, https:\/\/iletim.istanbul.edu.tr\/wp-content\/uploads\/e225082a-7172-4905-b576-2539e64e1afa.jpg 1600w\" data-expand=\"700\" \/><\/a>\n                <\/div><\/figure><br style=\"clear: both\" \/><figure class='gallery-item'>\n                <div class='gallery-icon landscape'>\n                    <a href='https:\/\/iletim.istanbul.edu.tr\/wp-content\/uploads\/2050c057-cb9d-4aed-a9ee-5536ca246d1d.jpg'><img loading=\"lazy\" decoding=\"async\" width=\"1024\" height=\"680\" src=\"\" class=\"attachment-large size-large lazyload\" alt=\"\" data-src=\"https:\/\/iletim.istanbul.edu.tr\/wp-content\/uploads\/2050c057-cb9d-4aed-a9ee-5536ca246d1d-1024x680.jpg\" data-sizes=\"auto\" data-srcset=\"https:\/\/iletim.istanbul.edu.tr\/wp-content\/uploads\/2050c057-cb9d-4aed-a9ee-5536ca246d1d-1024x680.jpg 1024w, https:\/\/iletim.istanbul.edu.tr\/wp-content\/uploads\/2050c057-cb9d-4aed-a9ee-5536ca246d1d-300x199.jpg 300w, https:\/\/iletim.istanbul.edu.tr\/wp-content\/uploads\/2050c057-cb9d-4aed-a9ee-5536ca246d1d-768x510.jpg 768w, https:\/\/iletim.istanbul.edu.tr\/wp-content\/uploads\/2050c057-cb9d-4aed-a9ee-5536ca246d1d.jpg 1600w\" data-expand=\"700\" \/><\/a>\n                <\/div><\/figure><figure class='gallery-item'>\n                <div class='gallery-icon landscape'>\n                    <a href='https:\/\/iletim.istanbul.edu.tr\/wp-content\/uploads\/6a8db06d-a9ea-467a-bc03-1b45de3cea6b.jpg'><img loading=\"lazy\" decoding=\"async\" width=\"1024\" height=\"680\" src=\"\" class=\"attachment-large size-large lazyload\" alt=\"\" data-src=\"https:\/\/iletim.istanbul.edu.tr\/wp-content\/uploads\/6a8db06d-a9ea-467a-bc03-1b45de3cea6b-1024x680.jpg\" data-sizes=\"auto\" data-srcset=\"https:\/\/iletim.istanbul.edu.tr\/wp-content\/uploads\/6a8db06d-a9ea-467a-bc03-1b45de3cea6b-1024x680.jpg 1024w, https:\/\/iletim.istanbul.edu.tr\/wp-content\/uploads\/6a8db06d-a9ea-467a-bc03-1b45de3cea6b-300x199.jpg 300w, https:\/\/iletim.istanbul.edu.tr\/wp-content\/uploads\/6a8db06d-a9ea-467a-bc03-1b45de3cea6b-768x510.jpg 768w, https:\/\/iletim.istanbul.edu.tr\/wp-content\/uploads\/6a8db06d-a9ea-467a-bc03-1b45de3cea6b.jpg 1600w\" data-expand=\"700\" \/><\/a>\n                <\/div><\/figure><figure class='gallery-item'>\n                <div class='gallery-icon landscape'>\n                    <a href='https:\/\/iletim.istanbul.edu.tr\/wp-content\/uploads\/43854077-61e9-4008-8b4f-defb1956a62f.jpg'><img loading=\"lazy\" decoding=\"async\" width=\"1024\" height=\"680\" src=\"\" class=\"attachment-large size-large lazyload\" alt=\"\" data-src=\"https:\/\/iletim.istanbul.edu.tr\/wp-content\/uploads\/43854077-61e9-4008-8b4f-defb1956a62f-1024x680.jpg\" data-sizes=\"auto\" data-srcset=\"https:\/\/iletim.istanbul.edu.tr\/wp-content\/uploads\/43854077-61e9-4008-8b4f-defb1956a62f-1024x680.jpg 1024w, https:\/\/iletim.istanbul.edu.tr\/wp-content\/uploads\/43854077-61e9-4008-8b4f-defb1956a62f-300x199.jpg 300w, https:\/\/iletim.istanbul.edu.tr\/wp-content\/uploads\/43854077-61e9-4008-8b4f-defb1956a62f-768x510.jpg 768w, https:\/\/iletim.istanbul.edu.tr\/wp-content\/uploads\/43854077-61e9-4008-8b4f-defb1956a62f.jpg 1600w\" data-expand=\"700\" \/><\/a>\n                <\/div><\/figure><figure class='gallery-item'>\n                <div class='gallery-icon landscape'>\n                    <a href='https:\/\/iletim.istanbul.edu.tr\/wp-content\/uploads\/4860b998-fefd-47ff-88b8-b3fb1a04fe50.jpg'><img loading=\"lazy\" decoding=\"async\" width=\"1024\" height=\"680\" src=\"\" class=\"attachment-large size-large lazyload\" alt=\"\" data-src=\"https:\/\/iletim.istanbul.edu.tr\/wp-content\/uploads\/4860b998-fefd-47ff-88b8-b3fb1a04fe50-1024x680.jpg\" data-sizes=\"auto\" data-srcset=\"https:\/\/iletim.istanbul.edu.tr\/wp-content\/uploads\/4860b998-fefd-47ff-88b8-b3fb1a04fe50-1024x680.jpg 1024w, https:\/\/iletim.istanbul.edu.tr\/wp-content\/uploads\/4860b998-fefd-47ff-88b8-b3fb1a04fe50-300x199.jpg 300w, https:\/\/iletim.istanbul.edu.tr\/wp-content\/uploads\/4860b998-fefd-47ff-88b8-b3fb1a04fe50-768x510.jpg 768w, https:\/\/iletim.istanbul.edu.tr\/wp-content\/uploads\/4860b998-fefd-47ff-88b8-b3fb1a04fe50.jpg 1600w\" data-expand=\"700\" \/><\/a>\n                <\/div><\/figure><br style=\"clear: both\" \/>\n            <\/div>\n\n<\/div>\n","protected":false},"excerpt":{"rendered":"<p>Aylin AY \u0130stanbul \u00dcniversitesi Engelliler Uygulama ve Ara\u015ft\u0131rma Merkezi taraf\u0131ndan d\u00fczenlenen, Georgia State \u00dcniversitesinden \u00f6nemli eserlerin getirildi\u011fi &#8220;Devam Eden Konu\u015fma&#8221; adl\u0131 serginin a\u00e7\u0131l\u0131\u015f\u0131 11 Aral\u0131k&#8217;ta \u0130stanbul \u00dcniversitesi Edebiyat Fak\u00fcltesi \u015eeref Hol\u00fc&#8217;nde ger\u00e7ekle\u015ftirildi. A\u00e7\u0131l\u0131\u015f konu\u015fmas\u0131n\u0131 Engelli Uygulama ve Ara\u015ft\u0131rma Merkezi M\u00fcd\u00fcr\u00fc Prof. Dr. Resa Ayd\u0131n yapt\u0131. Prof. Dr. Ayd\u0131n, b\u00fct\u00fcn etkinlikleri sanatla birle\u015ftirmeye \u00e7al\u0131\u015ft\u0131klar\u0131n\u0131 ifade ederken [&hellip;]<\/p>\n","protected":false},"author":14,"featured_media":7467,"comment_status":"open","ping_status":"open","sticky":false,"template":"","format":"standard","meta":{"jnews-multi-image_gallery":[],"jnews_single_post":[],"jnews_primary_category":[],"jnews_social_meta":[],"jnews_override_counter":[],"footnotes":""},"categories":[1],"tags":[],"class_list":["post-7462","post","type-post","status-publish","format-standard","has-post-thumbnail","hentry","category-genel"],"_links":{"self":[{"href":"https:\/\/iletim.istanbul.edu.tr\/index.php\/wp-json\/wp\/v2\/posts\/7462","targetHints":{"allow":["GET"]}}],"collection":[{"href":"https:\/\/iletim.istanbul.edu.tr\/index.php\/wp-json\/wp\/v2\/posts"}],"about":[{"href":"https:\/\/iletim.istanbul.edu.tr\/index.php\/wp-json\/wp\/v2\/types\/post"}],"author":[{"embeddable":true,"href":"https:\/\/iletim.istanbul.edu.tr\/index.php\/wp-json\/wp\/v2\/users\/14"}],"replies":[{"embeddable":true,"href":"https:\/\/iletim.istanbul.edu.tr\/index.php\/wp-json\/wp\/v2\/comments?post=7462"}],"version-history":[{"count":0,"href":"https:\/\/iletim.istanbul.edu.tr\/index.php\/wp-json\/wp\/v2\/posts\/7462\/revisions"}],"wp:featuredmedia":[{"embeddable":true,"href":"https:\/\/iletim.istanbul.edu.tr\/index.php\/wp-json\/wp\/v2\/media\/7467"}],"wp:attachment":[{"href":"https:\/\/iletim.istanbul.edu.tr\/index.php\/wp-json\/wp\/v2\/media?parent=7462"}],"wp:term":[{"taxonomy":"category","embeddable":true,"href":"https:\/\/iletim.istanbul.edu.tr\/index.php\/wp-json\/wp\/v2\/categories?post=7462"},{"taxonomy":"post_tag","embeddable":true,"href":"https:\/\/iletim.istanbul.edu.tr\/index.php\/wp-json\/wp\/v2\/tags?post=7462"}],"curies":[{"name":"wp","href":"https:\/\/api.w.org\/{rel}","templated":true}]}}