{"id":7482,"date":"2018-12-13T15:51:18","date_gmt":"2018-12-13T12:51:18","guid":{"rendered":"https:\/\/iletim.istanbul.edu.tr\/?p=7482"},"modified":"2018-12-13T15:58:51","modified_gmt":"2018-12-13T12:58:51","slug":"fikir-yoksa-secim-kampanyasi-ise-yaramaz","status":"publish","type":"post","link":"https:\/\/iletim.istanbul.edu.tr\/index.php\/2018\/12\/13\/fikir-yoksa-secim-kampanyasi-ise-yaramaz\/","title":{"rendered":"\u201cFikir Yoksa Se\u00e7im Kampanyas\u0131 \u0130\u015fe Yaramaz\u201d"},"content":{"rendered":"<p>\u0130stanbul \u00dcniversitesi \u0130ktisat Fak\u00fcltesi Siyaset Bilimi ve Uluslararas\u0131 \u0130li\u015fkiler B\u00f6l\u00fcm\u00fc\u2019n\u00fcn d\u00fczenledi\u011fi konferanslar serisinin bu haftaki konu\u011fu \u0130leti\u015fim Fak\u00fcltesi \u00d6\u011fretim \u00dcyesi Prof. Dr. Abdullah \u00d6zkan oldu. \u0130stanbul \u00dcniversitesi \u0130ktisat Fak\u00fcltesi siyaset bilimi ve uluslararas\u0131 ili\u015fkiler b\u00f6l\u00fcm\u00fc \u00f6\u011frencilerine se\u00e7im kampanyalar\u0131 ile ilgili konferans veren ve \u00f6\u011frencilerin sorular\u0131n\u0131 yan\u0131tlayan Prof. Dr. \u00d6zkan, \u00f6\u011frencilere yerel se\u00e7imlere giderken siyasal kampanyalar\u0131n rol\u00fcn\u00fc anlatt\u0131.<\/p>\n<p>Konferans \u0130ktisat Fak\u00fcltesi Dekan\u0131 ve Siyaset Bilimi ve Uluslararas\u0131 \u0130li\u015fkiler B\u00f6l\u00fcm Ba\u015fkan\u0131 Prof. Dr. Haluk Alkan\u2019\u0131n konu\u015fmas\u0131yla ba\u015flad\u0131. Prof. Dr. Alkan konu\u015fmas\u0131nda ileti\u015fim stratejilerinin se\u00e7menin ikna edilmesindeki rol\u00fcne dikkat \u00e7ekti, siyaset bilimi \u00f6\u011frencilerin g\u00fcncel siyasi geli\u015fmelere daha duyarl\u0131 olmalar\u0131 gerekti\u011fini vurgulad\u0131.<\/p>\n<p>Ard\u0131ndan konu\u015fan Prof. Dr. \u00d6zkan, se\u00e7menleri ancak de\u011ferli ve \u00f6nemli bir fikrin ikna edebilece\u011fini s\u00f6yleyerek \u201cFikir yoksa, b\u00fcy\u00fck b\u00fct\u00e7eler harcayarak se\u00e7im kampanyas\u0131 da yapsan\u0131z, etkisi \u00e7ok s\u0131n\u0131rl\u0131 olacakt\u0131r\u201d dedi.<\/p>\n<p><strong>Prof. Dr. \u00d6zkan: \u201cFikriyat \u0130kna Eder\u201d<\/strong><\/p>\n<p>Prof. Dr. \u00d6zkan, konu\u015fmas\u0131na se\u00e7im kampanyalar\u0131n\u0131n en \u00e7ok parti ba\u011f\u0131 zay\u0131f ve karars\u0131z se\u00e7menleri etkiledi\u011fini s\u00f6yleyerek ba\u015flad\u0131. Se\u00e7im kampanyalar\u0131n\u0131n \u00f6zellikli bir uzmanl\u0131k alan\u0131 oldu\u011funu, mutlaka ileti\u015fim ve siyaset bilimi uzmanlar\u0131n\u0131n yan\u0131 s\u0131ra; ekonomi, hukuk, psikoloji ve sosyoloji gibi bilim dallar\u0131ndan uzmanlar\u0131n da kampanya y\u00f6netiminde etkin rol almas\u0131 gerekti\u011fini s\u00f6yledi. T\u00fcrkiye\u2019de \u00e7o\u011funlukla reklamc\u0131lar\u0131n derinlikli bir bilgiye sahip olmadan kampanyalar\u0131 tasarlad\u0131\u011f\u0131n\u0131 vurgulayan Prof. Dr. \u00d6zkan, \u201cBu nedenle \u00e7o\u011fu kampanyan\u0131n do\u011fru d\u00fcr\u00fcst anla\u015f\u0131l\u0131r, ikna edici ve ak\u0131lda kal\u0131c\u0131 bir mesaj\u0131 yoktur. Se\u00e7menin talep ve beklentilerini kar\u015f\u0131lamayan, parti ve aday hakk\u0131nda doyurucu bilgilendirme i\u00e7ermeyen, esasl\u0131 bir konsepti olmayan kampanyalar, ba\u015far\u0131s\u0131zl\u0131\u011fa mahk\u00fbmdur\u201d \u015feklinde konu\u015ftu.<\/p>\n<p><strong>\u201cSosyal Medyaya Fazla Bel Ba\u011flamak Do\u011fru De\u011fil\u201d<\/strong><\/p>\n<p>Dijitalle\u015fmenin siyasal ileti\u015fim pratiklerini de etkiledi\u011fini ifade eden Prof. Dr. \u00d6zkan, \u201cBuna ra\u011fmen sahaya inmeden, se\u00e7menle temas etmeden, se\u00e7menin elini s\u0131k\u0131p g\u00f6z\u00fcn\u00fcn i\u00e7ine bakmadan y\u00fcr\u00fct\u00fclen bir se\u00e7im kampanyas\u0131 istenilen ba\u015far\u0131y\u0131 getirmeyecektir\u201d dedi. Sosyal medya ara\u00e7lar\u0131n\u0131n sahadaki se\u00e7im \u00e7al\u0131\u015fmalar\u0131n\u0131 destekleyen bir vizyon ile kullan\u0131lmas\u0131n\u0131n do\u011fru olaca\u011f\u0131n\u0131 belirten Prof. Dr. \u00d6zkan, \u201cSadece att\u0131\u011f\u0131 tweete g\u00fcvenen, takip\u00e7i say\u0131s\u0131n\u0131n ayn\u0131 zamanda se\u00e7meni oldu\u011funa inanan parti ve adaylar yan\u0131ld\u0131klar\u0131n\u0131 se\u00e7im sonu\u00e7lar\u0131n\u0131 g\u00f6rd\u00fcklerinde daha iyi anlayacaklard\u0131r\u201d dedi.<\/p>\n<p><strong>\u201cSe\u00e7im Kampanyas\u0131n\u0131n \u201cHik\u00e2yesi\u201d Olmal\u0131\u201d<\/strong><\/p>\n<p>Se\u00e7im kampanyalar\u0131n\u0131n ilgi ve dikkat \u00e7ekici, derdini kolay ve basit\u00e7e anlatan, ger\u00e7ek sorunlara odaklanan, i\u00e7tenlik ve samimiyeti elden b\u0131rakmayan bir perspektife sahip olmas\u0131 gerekti\u011fini s\u00f6yleyen Prof. \u00d6zkan, \u015f\u00f6yle konu\u015ftu: \u201cSe\u00e7im kampanyas\u0131n\u0131n mutlaka anlatt\u0131\u011f\u0131 bir hik\u00e2yesi olmal\u0131. Bu hik\u00e2ye gelecek vizyonuna sahip olmal\u0131 ve umuda, refaha, daha iyi ya\u015fama amac\u0131na odaklanmal\u0131. B\u00fct\u00fcn bunlarla birlikte g\u00fcven in\u015fa etmek se\u00e7im kampanyalar\u0131n\u0131n olmazsa olmaz\u0131d\u0131r. G\u00fcven yoksa, asl\u0131nda hi\u00e7bir \u015fey yoktur.\u201d<\/p>\n<div id='gallery_1' class='gallery galleryid-7482 gallery-columns-2 gallery-size-large'><figure class='gallery-item'>\n                <div class='gallery-icon landscape'>\n                    <a href='https:\/\/iletim.istanbul.edu.tr\/wp-content\/uploads\/2-3.png'><img loading=\"lazy\" decoding=\"async\" width=\"1024\" height=\"768\" src=\"\" class=\"attachment-large size-large lazyload\" alt=\"\" data-src=\"https:\/\/iletim.istanbul.edu.tr\/wp-content\/uploads\/2-3-1024x768.png\" data-sizes=\"auto\" data-srcset=\"https:\/\/iletim.istanbul.edu.tr\/wp-content\/uploads\/2-3-1024x768.png 1024w, https:\/\/iletim.istanbul.edu.tr\/wp-content\/uploads\/2-3-300x225.png 300w, https:\/\/iletim.istanbul.edu.tr\/wp-content\/uploads\/2-3-768x576.png 768w, https:\/\/iletim.istanbul.edu.tr\/wp-content\/uploads\/2-3.png 2048w\" data-expand=\"700\" \/><\/a>\n                <\/div><\/figure><figure class='gallery-item'>\n                <div class='gallery-icon landscape'>\n                    <a href='https:\/\/iletim.istanbul.edu.tr\/wp-content\/uploads\/1.jpeg'><img loading=\"lazy\" decoding=\"async\" width=\"1024\" height=\"768\" src=\"\" class=\"attachment-large size-large lazyload\" alt=\"\" data-src=\"https:\/\/iletim.istanbul.edu.tr\/wp-content\/uploads\/1-1024x768.jpeg\" data-sizes=\"auto\" data-srcset=\"https:\/\/iletim.istanbul.edu.tr\/wp-content\/uploads\/1-1024x768.jpeg 1024w, https:\/\/iletim.istanbul.edu.tr\/wp-content\/uploads\/1-300x225.jpeg 300w, https:\/\/iletim.istanbul.edu.tr\/wp-content\/uploads\/1-768x576.jpeg 768w, https:\/\/iletim.istanbul.edu.tr\/wp-content\/uploads\/1.jpeg 2048w\" data-expand=\"700\" \/><\/a>\n                <\/div><\/figure><br style=\"clear: both\" \/>\n            <\/div>\n\n","protected":false},"excerpt":{"rendered":"<p>\u0130stanbul \u00dcniversitesi \u0130ktisat Fak\u00fcltesi Siyaset Bilimi ve Uluslararas\u0131 \u0130li\u015fkiler B\u00f6l\u00fcm\u00fc\u2019n\u00fcn d\u00fczenledi\u011fi konferanslar serisinin bu haftaki konu\u011fu \u0130leti\u015fim Fak\u00fcltesi \u00d6\u011fretim \u00dcyesi Prof. Dr. Abdullah \u00d6zkan oldu.<\/p>\n","protected":false},"author":14,"featured_media":7491,"comment_status":"open","ping_status":"open","sticky":false,"template":"","format":"standard","meta":{"jnews-multi-image_gallery":[],"jnews_single_post":[],"jnews_primary_category":[],"jnews_social_meta":[],"jnews_override_counter":[],"footnotes":""},"categories":[178],"tags":[],"class_list":["post-7482","post","type-post","status-publish","format-standard","has-post-thumbnail","hentry","category-fakultemizden"],"_links":{"self":[{"href":"https:\/\/iletim.istanbul.edu.tr\/index.php\/wp-json\/wp\/v2\/posts\/7482","targetHints":{"allow":["GET"]}}],"collection":[{"href":"https:\/\/iletim.istanbul.edu.tr\/index.php\/wp-json\/wp\/v2\/posts"}],"about":[{"href":"https:\/\/iletim.istanbul.edu.tr\/index.php\/wp-json\/wp\/v2\/types\/post"}],"author":[{"embeddable":true,"href":"https:\/\/iletim.istanbul.edu.tr\/index.php\/wp-json\/wp\/v2\/users\/14"}],"replies":[{"embeddable":true,"href":"https:\/\/iletim.istanbul.edu.tr\/index.php\/wp-json\/wp\/v2\/comments?post=7482"}],"version-history":[{"count":0,"href":"https:\/\/iletim.istanbul.edu.tr\/index.php\/wp-json\/wp\/v2\/posts\/7482\/revisions"}],"wp:featuredmedia":[{"embeddable":true,"href":"https:\/\/iletim.istanbul.edu.tr\/index.php\/wp-json\/wp\/v2\/media\/7491"}],"wp:attachment":[{"href":"https:\/\/iletim.istanbul.edu.tr\/index.php\/wp-json\/wp\/v2\/media?parent=7482"}],"wp:term":[{"taxonomy":"category","embeddable":true,"href":"https:\/\/iletim.istanbul.edu.tr\/index.php\/wp-json\/wp\/v2\/categories?post=7482"},{"taxonomy":"post_tag","embeddable":true,"href":"https:\/\/iletim.istanbul.edu.tr\/index.php\/wp-json\/wp\/v2\/tags?post=7482"}],"curies":[{"name":"wp","href":"https:\/\/api.w.org\/{rel}","templated":true}]}}