{"id":7483,"date":"2018-12-14T15:17:14","date_gmt":"2018-12-14T12:17:14","guid":{"rendered":"https:\/\/iletim.istanbul.edu.tr\/?p=7483"},"modified":"2018-12-14T15:17:38","modified_gmt":"2018-12-14T12:17:38","slug":"gazeteci-arastirarak-degisik-taraflari-gormeli","status":"publish","type":"post","link":"https:\/\/iletim.istanbul.edu.tr\/index.php\/2018\/12\/14\/gazeteci-arastirarak-degisik-taraflari-gormeli\/","title":{"rendered":"&#8220;Gazeteci Ara\u015ft\u0131rarak De\u011fi\u015fik Taraflar\u0131 G\u00f6rmeli&#8221;"},"content":{"rendered":"<p><strong>Ya\u011fmur Ceren KURAL<\/strong><\/p>\n<p>Bas\u0131nda D\u0131\u015f Temsilci\u011fi konu\u015fmak \u00fczere, \u0130leti\u015fim Fak\u00fcltesi Gazetecilik B\u00f6l\u00fcm\u00fc \u00d6\u011fretim \u00dcyesi Prof. Dr. Asl\u0131 Yapar G\u00f6nen\u00e7\u2019in &#8220;Yaz\u0131m Teknikleri&#8221; dersine, Gazeteci Reha Erus konuk oldu.<\/p>\n<p>D\u00fcnya bas\u0131n\u0131nda d\u0131\u015f temsilcilik konusunu ele alan Erus, bas\u0131nda d\u0131\u015f temsilcili\u011fi yapan 4 \u00fclke oldu\u011funa dikkat \u00e7ekti ve bunlar\u0131 Washington, Moskova, Atina ve Br\u00fcksel olarak s\u0131ralad\u0131.<\/p>\n<p>D\u0131\u015f temsilcili\u011fin yava\u015f yava\u015f sona erdi\u011fini belirten Erus, T\u00fcrkiye\u2019de gazetecili\u011fin azald\u0131\u011f\u0131n\u0131n alt\u0131n\u0131 \u00e7izdi. D\u0131\u015f temsilcinin 7 g\u00fcn 24 saat \u00e7al\u0131\u015fmas\u0131 gerekti\u011fini vurgulayan Erus, \u201c7 g\u00fcn 24 saat hizmet etti\u011finiz kuruma ba\u011fl\u0131s\u0131n\u0131z. Bir durum oldu\u011funda \u2018Benim izin g\u00fcn\u00fcm\u2019 deme \u015fans\u0131n\u0131z yok.\u00a0 \u0130stihbarat i\u00e7in insanlar\u0131 tan\u0131man\u0131z ve giri\u015fken olman\u0131z gerekiyor\u201d dedi.<\/p>\n<p><strong>\u201cDemokrasi, Bas\u0131n \u0130\u00e7in \u00c7ok \u00d6nemli\u201d<\/strong><\/p>\n<p>Erus, gazetecili\u011fin en keyifli \u00f6zelli\u011finin haber atlatmak oldu\u011funu belirterek, en k\u00f6t\u00fc \u00f6zelli\u011finin ise haber atlamak oldu\u011funu kaydetti. Avrupa\u2019daki gazetecili\u011fe de\u011finen Erus, \u201cAvrupa\u2019da torpille gazetecilik yok. Gazeteci olmak istiyorsan\u0131z, okuluna gideceksiniz. Demokrasi, bas\u0131n i\u00e7in \u00e7ok \u00f6nemli\u201d \u015feklinde konu\u015ftu. \u0130talya gazetecili\u011finden bahseden Erus, \u0130talya\u2019da bas\u0131n\u0131n haklar\u0131n\u0131n \u00fcst seviyede oldu\u011funu bildirdi. Erus, haber konusu ve haber ba\u015fl\u0131klar\u0131na de\u011finerek s\u00f6zlerine \u015fu \u015fekilde devam etti: \u201cHaber yazd\u0131\u011f\u0131n zaman en \u00f6nemli konuyu ve a\u00e7\u0131klamay\u0131 se\u00e7ip onu ba\u015fl\u0131\u011fa ta\u015f\u0131yacaks\u0131n. Gazetecilikte genelleme olmamal\u0131. Ba\u015fl\u0131k ve spot haber yazarken \u00e7ok \u00f6nem g\u00f6sterilmesi gereken k\u0131s\u0131mlar. Gazetelere bakt\u0131\u011f\u0131m\u0131zda ayn\u0131 ba\u015fl\u0131klar\u0131, ayn\u0131 punto ve c\u00fcmleleri g\u00f6r\u00fcyoruz. Gazeteci, ara\u015ft\u0131rarak de\u011fi\u015fik taraf\u0131 g\u00f6rmeli.\u201d<\/p>\n<p><strong>\u201cR\u00f6portaj Gazetecinin \u00d6zelidir\u201d<\/strong><\/p>\n<p>Gazetecilik mesle\u011finin itibar\u0131n\u0131n olmas\u0131 gerekti\u011fini ifade eden Erus, gazetecili\u011fin 4. g\u00fc\u00e7 oldu\u011funu vurgulad\u0131. R\u00f6portaj yapma konusunu ele alan Erus, r\u00f6portaj\u0131 gazetecinin \u00f6zeli olarak yorumlad\u0131. Erus, r\u00f6portaj t\u00fcrlerini s\u0131n\u0131flayarak 3 t\u00fcr oldu\u011funu dile getirdi ve 52 senelik gazetecilik hayat\u0131nda Monica Belluci, Richard Gere, Papa 2. Jean Paul, Tom Cruise, Giorgio Armani, Julia Roberts, Brad Pitt, Leonardo Di Caprio, George Clooney, Woody Allen, Meryl Streep gibi bir\u00e7ok \u00fcnl\u00fc isim dahil 3 bin 750 r\u00f6portaj yapt\u0131\u011f\u0131n\u0131 belirterek bu isimlerle ya\u015fad\u0131\u011f\u0131 an\u0131lar\u0131 \u00f6\u011frencilerle payla\u015ft\u0131.<\/p>\n<p>Erus\u2019un konu\u015fmas\u0131n\u0131n ard\u0131ndan Prof. Dr. Asl\u0131 Yapar G\u00f6nen\u00e7, Erus\u2019a te\u015fekk\u00fcr belgesi takdim etti.<\/p>\n<div id='gallery_1' class='gallery galleryid-7483 gallery-columns-4 gallery-size-thumbnail'><figure class='gallery-item'>\n                <div class='gallery-icon landscape'>\n                    <a href='https:\/\/iletim.istanbul.edu.tr\/wp-content\/uploads\/DSC0014-1.jpg'><img loading=\"lazy\" decoding=\"async\" width=\"150\" height=\"150\" src=\"\" class=\"attachment-thumbnail size-thumbnail lazyload\" alt=\"\" data-src=\"https:\/\/iletim.istanbul.edu.tr\/wp-content\/uploads\/DSC0014-1-150x150.jpg\" data-sizes=\"auto\" data-srcset=\"\" data-expand=\"700\" \/><\/a>\n                <\/div><\/figure><figure class='gallery-item'>\n                <div class='gallery-icon landscape'>\n                    <a href='https:\/\/iletim.istanbul.edu.tr\/wp-content\/uploads\/DSC0026-5.jpg'><img loading=\"lazy\" decoding=\"async\" width=\"150\" height=\"150\" src=\"\" class=\"attachment-thumbnail size-thumbnail lazyload\" alt=\"\" data-src=\"https:\/\/iletim.istanbul.edu.tr\/wp-content\/uploads\/DSC0026-5-150x150.jpg\" data-sizes=\"auto\" data-srcset=\"\" data-expand=\"700\" \/><\/a>\n                <\/div><\/figure><figure class='gallery-item'>\n                <div class='gallery-icon landscape'>\n                    <a href='https:\/\/iletim.istanbul.edu.tr\/wp-content\/uploads\/DSC0031-3.jpg'><img loading=\"lazy\" decoding=\"async\" width=\"150\" height=\"150\" src=\"\" class=\"attachment-thumbnail size-thumbnail lazyload\" alt=\"\" data-src=\"https:\/\/iletim.istanbul.edu.tr\/wp-content\/uploads\/DSC0031-3-150x150.jpg\" data-sizes=\"auto\" data-srcset=\"\" data-expand=\"700\" \/><\/a>\n                <\/div><\/figure><figure class='gallery-item'>\n                <div class='gallery-icon landscape'>\n                    <a href='https:\/\/iletim.istanbul.edu.tr\/wp-content\/uploads\/DSC0011-4.jpg'><img loading=\"lazy\" decoding=\"async\" width=\"150\" height=\"150\" src=\"\" class=\"attachment-thumbnail size-thumbnail lazyload\" alt=\"\" data-src=\"https:\/\/iletim.istanbul.edu.tr\/wp-content\/uploads\/DSC0011-4-150x150.jpg\" data-sizes=\"auto\" data-srcset=\"\" data-expand=\"700\" \/><\/a>\n                <\/div><\/figure><br style=\"clear: both\" \/>\n            <\/div>\n\n","protected":false},"excerpt":{"rendered":"<p>Ya\u011fmur Ceren KURAL Bas\u0131nda D\u0131\u015f Temsilci\u011fi konu\u015fmak \u00fczere, \u0130leti\u015fim Fak\u00fcltesi Gazetecilik B\u00f6l\u00fcm\u00fc \u00d6\u011fretim \u00dcyesi Prof. Dr. Asl\u0131 Yapar G\u00f6nen\u00e7\u2019in &#8220;Yaz\u0131m Teknikleri&#8221; dersine, Gazeteci Reha Erus konuk oldu. D\u00fcnya bas\u0131n\u0131nda d\u0131\u015f temsilcilik konusunu ele alan Erus, bas\u0131nda d\u0131\u015f temsilcili\u011fi yapan 4 \u00fclke oldu\u011funa dikkat \u00e7ekti ve bunlar\u0131 Washington, Moskova, Atina ve Br\u00fcksel olarak s\u0131ralad\u0131. D\u0131\u015f temsilcili\u011fin [&hellip;]<\/p>\n","protected":false},"author":14,"featured_media":7488,"comment_status":"open","ping_status":"open","sticky":false,"template":"","format":"standard","meta":{"jnews-multi-image_gallery":[],"jnews_single_post":[],"jnews_primary_category":[],"jnews_social_meta":[],"jnews_override_counter":[],"footnotes":""},"categories":[1],"tags":[],"class_list":["post-7483","post","type-post","status-publish","format-standard","has-post-thumbnail","hentry","category-genel"],"_links":{"self":[{"href":"https:\/\/iletim.istanbul.edu.tr\/index.php\/wp-json\/wp\/v2\/posts\/7483","targetHints":{"allow":["GET"]}}],"collection":[{"href":"https:\/\/iletim.istanbul.edu.tr\/index.php\/wp-json\/wp\/v2\/posts"}],"about":[{"href":"https:\/\/iletim.istanbul.edu.tr\/index.php\/wp-json\/wp\/v2\/types\/post"}],"author":[{"embeddable":true,"href":"https:\/\/iletim.istanbul.edu.tr\/index.php\/wp-json\/wp\/v2\/users\/14"}],"replies":[{"embeddable":true,"href":"https:\/\/iletim.istanbul.edu.tr\/index.php\/wp-json\/wp\/v2\/comments?post=7483"}],"version-history":[{"count":0,"href":"https:\/\/iletim.istanbul.edu.tr\/index.php\/wp-json\/wp\/v2\/posts\/7483\/revisions"}],"wp:featuredmedia":[{"embeddable":true,"href":"https:\/\/iletim.istanbul.edu.tr\/index.php\/wp-json\/wp\/v2\/media\/7488"}],"wp:attachment":[{"href":"https:\/\/iletim.istanbul.edu.tr\/index.php\/wp-json\/wp\/v2\/media?parent=7483"}],"wp:term":[{"taxonomy":"category","embeddable":true,"href":"https:\/\/iletim.istanbul.edu.tr\/index.php\/wp-json\/wp\/v2\/categories?post=7483"},{"taxonomy":"post_tag","embeddable":true,"href":"https:\/\/iletim.istanbul.edu.tr\/index.php\/wp-json\/wp\/v2\/tags?post=7483"}],"curies":[{"name":"wp","href":"https:\/\/api.w.org\/{rel}","templated":true}]}}