{"id":7526,"date":"2018-12-13T17:16:09","date_gmt":"2018-12-13T14:16:09","guid":{"rendered":"https:\/\/iletim.istanbul.edu.tr\/?p=7526"},"modified":"2018-12-13T17:16:09","modified_gmt":"2018-12-13T14:16:09","slug":"huzursuz-bacaga-karsi-hareket-zamani","status":"publish","type":"post","link":"https:\/\/iletim.istanbul.edu.tr\/index.php\/2018\/12\/13\/huzursuz-bacaga-karsi-hareket-zamani\/","title":{"rendered":"Huzursuz Baca\u011fa Kar\u015f\u0131 Hareket Zaman\u0131"},"content":{"rendered":"<p><strong>Beste BUDAN<\/strong><\/p>\n<p>Ki\u015finin dinlenme za\u00admanlar\u0131nda bacaklar\u0131n\u0131 a\u015f\u0131r\u0131 derecede hareket ettirme iste\u011fi ile ortaya \u00e7\u0131kan ve \u00f6zel\u00adlikle ak\u015fam g\u00f6r\u00fclen \u201cHuzursuz Bacak Sendromu\u201d hastal\u0131\u011f\u0131 \u00fczerine \u0130stanbul \u00dcniversitesi Cerrahpa\u015fa T\u0131p Fak\u00fcltesi N\u00f6\u00adroloji Anabilim Dal\u0131 \u00dcyesi Prof. Dr. Feray Karaali Savrun ile bir s\u00f6yle\u015fi ger\u00e7ekle\u015ftirdik.<\/p>\n<p>Hastal\u0131\u011f\u0131n, ki\u015finin hareketsiz oldu\u011fu zaman, televizyon iz\u00adlerken veya uykuya dalarken ortaya \u00e7\u0131kt\u0131\u011f\u0131n\u0131 ve kramp, ka\u00adr\u0131ncalanma, ke\u00e7elenme, uyu\u015f\u00adma gibi baz\u0131 naho\u015f duyusal \u015fik\u00e2yetlerle birlikte g\u00f6r\u00fcld\u00fc\u011f\u00fc\u00adn\u00fc ifade eden Prof. Dr. Karaali Savrun, hastal\u0131k haftada en az 3 kez ve 3 aydan daha uzun bir s\u00fcre devam ediyorsa ve \u015fik\u00e2yetler ba\u015flad\u0131\u011f\u0131 zaman ki\u015fi hareket haline ge\u00e7ince \u015fik\u00e2yet ortadan kalk\u0131yorsa bunun hu\u00adzursuz bacak sendromu oldu\u00ad\u011funu s\u00f6yledi.<\/p>\n<p><strong>Sendrom \u0130ki T\u00fcrl\u00fc Ortaya \u00c7\u0131k\u0131yor<\/strong><\/p>\n<p>Huzursuz bacak sendromunun iki t\u00fcrl\u00fc ortaya \u00e7\u0131kt\u0131\u011f\u0131n\u0131 s\u00f6y\u00adleyen Prof. Dr. Karaali Savrun, bunlar\u0131n tamamen genetik ge\u00e7i\u015fle kal\u0131t\u0131msal olarak gelen Primer (birincil) huzursuz ba\u00adcak sendromu ve herhangi bir hastal\u0131\u011fa ba\u011fl\u0131 olarak geli\u015fen sekonder (ikincil) huzursuz ba\u00adcak sendromu oldu\u011funu belirt\u00adti.<\/p>\n<p><strong>&#8220;Sinir Ucu \u0130ltihab\u0131\u00a0<\/strong><strong>Sendroma E\u015flik\u00a0<\/strong><strong>Ediyor&#8221;<\/strong><\/p>\n<p>Hastalar\u0131n \u015fik\u00e2yetlerine g\u00f6re bir \u00f6n tan\u0131 olu\u015fturuldu\u011fu\u00adnu kaydeden Prof. Dr. Karaali Savrun, &#8220;Sekonder huzursuz bacaklar sendromunu te\u015fhis etmek i\u00e7in yap\u0131lan tetkiklerin ba\u015f\u0131nda sinir elektromiyografi yap\u0131larak sinir ucu iltihab\u0131 var m\u0131 diye bak\u0131l\u0131r \u00e7\u00fcnk\u00fc s\u0131kl\u0131kla si\u00adnir ucu iltihab\u0131, huzursuz bacak sendromuna e\u015flik ediyor. Son\u00adras\u0131nda sinir ucu iltihab\u0131 varsa bunu yapan; b\u00f6brek yetmezli\u011fi, \u015feker hastal\u0131\u011f\u0131, karaci\u011fer has\u00adtal\u0131klar\u0131 gibi tetikleyici hastal\u0131k\u00adlar saptan\u0131r. Daha sonra di\u011fer yapaca\u011f\u0131m\u0131z tetkik ise; poli\u00adsognografi dedi\u011fimiz laboratu\u00advarda hastay\u0131 uyutarak yap\u0131lan bir incelemedir. Bu incelemeyle hastal\u0131\u011fa e\u015flik eden uyku bo\u00adzukluklar\u0131n\u0131 tespit edebiliriz. Uykuda periyodik olarak bacak kas\u0131lmalar\u0131 oluyorsa ki\u015fide se\u00adkonder huzursuz bacak send\u00adromu olabilir. Bu iki y\u00f6ntem huzursuz bacak sendromunu te\u015fhis etmek i\u00e7in kulland\u0131\u011f\u0131m\u0131z metotlard\u0131r&#8221; dedi.<\/p>\n<figure id=\"attachment_7528\" aria-describedby=\"caption-attachment-7528\" style=\"width: 702px\" class=\"wp-caption alignnone\"><img decoding=\"async\" class=\"wp-image-7528 size-large\" src=\"https:\/\/iletim.istanbul.edu.tr\/wp-content\/uploads\/Ads\u0131z1-5-1024x563.png\" alt=\"\" width=\"702\" height=\"386\" srcset=\"https:\/\/iletim.istanbul.edu.tr\/wp-content\/uploads\/Ads\u0131z1-5-1024x563.png 1024w, https:\/\/iletim.istanbul.edu.tr\/wp-content\/uploads\/Ads\u0131z1-5-300x165.png 300w, https:\/\/iletim.istanbul.edu.tr\/wp-content\/uploads\/Ads\u0131z1-5-768x422.png 768w, https:\/\/iletim.istanbul.edu.tr\/wp-content\/uploads\/Ads\u0131z1-5.png 1224w\" sizes=\"(max-width: 702px) 100vw, 702px\" \/><figcaption id=\"caption-attachment-7528\" class=\"wp-caption-text\">Prof. Dr. Feray KARAAL\u0130 SAVRUN<\/figcaption><\/figure>\n<p><strong>&#8220;Her 100 Ki\u015fiden 5\u2019inde G\u00f6r\u00fcl\u00fcyor&#8221; <\/strong><\/p>\n<p>Huzursuz bacak sendromunun her ya\u015f grubunda g\u00f6r\u00fclebile\u00adce\u011fine vurgu yapan Prof. Dr. Karaali Savrun, \u00f6zellikle 45-50&#8217;li ya\u015flardan sonra hastal\u0131\u011f\u0131n ortaya \u00e7\u0131k\u0131\u015f\u0131n\u0131n fazlala\u015ft\u0131\u011f\u0131n\u0131 ve ya\u015fla beraber hastal\u0131\u011f\u0131n \u015fid\u00addetinde de art\u0131\u015f g\u00f6r\u00fcl\u00fcp daha rahats\u0131z edici hale geldi\u011fini s\u00f6yledi. Ayr\u0131ca y\u00fczde 2 ile y\u00fcz\u00adde 15\u2019lik hastal\u0131\u011fa yakalanma oran\u0131 oldu\u011funu s\u00f6yleyen Prof. Dr. Karaali Savrun, hastal\u0131\u011f\u0131n ortalama olarak her 100 ki\u00ad\u015fiden 5&#8217;inde g\u00f6r\u00fclebilece\u011fine de\u011findi.<\/p>\n<p>Prof. Dr. Karaali Savrun, &#8220;Stres, nikotin, alkol, kafein g\u00fcn\u00fcm\u00fcz\u00adde olduk\u00e7a s\u0131k kullan\u0131lan yeni tip dedi\u011fimiz anti-depresanlar, tansiyon d\u00fc\u015f\u00fcr\u00fcc\u00fc ila\u00e7lar ve \u00f6zellikle psikotik hastal\u0131klar\u00adda kullan\u0131lan n\u00f6roleptik ila\u00e7lar hastal\u0131\u011f\u0131n \u015fiddetini artt\u0131rabilir&#8221; diye konu\u015ftu.<\/p>\n<p><strong>Tedavisi \u0130la\u00e7 Kullan\u0131m\u0131na Ba\u011fl\u0131<\/strong><\/p>\n<p>Bir hastal\u0131\u011fa ba\u011fl\u0131 olarak orta\u00adya \u00e7\u0131kan (sekonder) huzursuz bacak sendromunun temeldeki hastal\u0131\u011f\u0131n ortadan kald\u0131r\u0131lma\u00ads\u0131yla tedavi edildi\u011fini s\u00f6yleyen Prof. Dr. Karaali Savrun, &#8220;Ka\u00adl\u0131t\u0131msal olarak (primer) ge\u00e7en huzursuz bacak sendromunun kesin bir tedavisi yok ancak hastan\u0131n semptomatik denilen s\u00fcrekli ila\u00e7 kullan\u0131m\u0131na ba\u011fl\u0131 olarak \u015fik\u00e2yetlerini ge\u00e7iren te\u00addavileri var. Ancak bu hastal\u0131\u011f\u0131n ameliyatla bir tedavisi yok&#8221; ifa\u00addesini kulland\u0131.<\/p>\n","protected":false},"excerpt":{"rendered":"<p>Ki\u015finin dinlenme za\u00admanlar\u0131nda bacaklar\u0131n\u0131 a\u015f\u0131r\u0131 derecede hareket ettirme iste\u011fi ile ortaya \u00e7\u0131kan ve \u00f6zel\u00adlikle ak\u015fam g\u00f6r\u00fclen \u201cHuzursuz Bacak Sendromu\u201d hastal\u0131\u011f\u0131 \u00fczerine \u0130stanbul \u00dcniversitesi Cerrahpa\u015fa T\u0131p Fak\u00fcltesi N\u00f6\u00adroloji Anabilim Dal\u0131 \u00dcyesi Prof. Dr. Feray Karaali Savrun ile bir s\u00f6yle\u015fi ger\u00e7ekle\u015ftirdik.<\/p>\n","protected":false},"author":14,"featured_media":7527,"comment_status":"open","ping_status":"open","sticky":false,"template":"","format":"standard","meta":{"jnews-multi-image_gallery":[],"jnews_single_post":[],"jnews_primary_category":[],"jnews_social_meta":[],"jnews_override_counter":[],"footnotes":""},"categories":[32],"tags":[],"class_list":["post-7526","post","type-post","status-publish","format-standard","has-post-thumbnail","hentry","category-saglik"],"_links":{"self":[{"href":"https:\/\/iletim.istanbul.edu.tr\/index.php\/wp-json\/wp\/v2\/posts\/7526","targetHints":{"allow":["GET"]}}],"collection":[{"href":"https:\/\/iletim.istanbul.edu.tr\/index.php\/wp-json\/wp\/v2\/posts"}],"about":[{"href":"https:\/\/iletim.istanbul.edu.tr\/index.php\/wp-json\/wp\/v2\/types\/post"}],"author":[{"embeddable":true,"href":"https:\/\/iletim.istanbul.edu.tr\/index.php\/wp-json\/wp\/v2\/users\/14"}],"replies":[{"embeddable":true,"href":"https:\/\/iletim.istanbul.edu.tr\/index.php\/wp-json\/wp\/v2\/comments?post=7526"}],"version-history":[{"count":0,"href":"https:\/\/iletim.istanbul.edu.tr\/index.php\/wp-json\/wp\/v2\/posts\/7526\/revisions"}],"wp:featuredmedia":[{"embeddable":true,"href":"https:\/\/iletim.istanbul.edu.tr\/index.php\/wp-json\/wp\/v2\/media\/7527"}],"wp:attachment":[{"href":"https:\/\/iletim.istanbul.edu.tr\/index.php\/wp-json\/wp\/v2\/media?parent=7526"}],"wp:term":[{"taxonomy":"category","embeddable":true,"href":"https:\/\/iletim.istanbul.edu.tr\/index.php\/wp-json\/wp\/v2\/categories?post=7526"},{"taxonomy":"post_tag","embeddable":true,"href":"https:\/\/iletim.istanbul.edu.tr\/index.php\/wp-json\/wp\/v2\/tags?post=7526"}],"curies":[{"name":"wp","href":"https:\/\/api.w.org\/{rel}","templated":true}]}}