{"id":7535,"date":"2018-12-20T17:43:26","date_gmt":"2018-12-20T14:43:26","guid":{"rendered":"https:\/\/iletim.istanbul.edu.tr\/?p=7535"},"modified":"2019-08-27T04:59:05","modified_gmt":"2019-08-27T01:59:05","slug":"sinema-ile-guzellikleri-gostermeliyiz","status":"publish","type":"post","link":"https:\/\/iletim.istanbul.edu.tr\/index.php\/2018\/12\/20\/sinema-ile-guzellikleri-gostermeliyiz\/","title":{"rendered":"&#8220;Sinema ile G\u00fczellikleri G\u00f6stermeliyiz&#8221;"},"content":{"rendered":"<p><strong>Elif Damla PULLUK\u00c7U<\/strong><\/p>\n<p>T\u00fcrkiye\u2019deki sinema sek\u00adt\u00f6r\u00fc ve T\u00fcrk Sinemas\u0131\u2019n\u0131 etkileyen unsurlar ile ilgili \u0130s\u00adtanbul \u00dcniversitesi \u0130leti\u015fim Fak\u00fcltesi Radyo Televizyon ve Sinema B\u00f6l\u00fcm\u00fc Dr. \u00d6\u011fr. \u00dcyesi Mesut Aytekin g\u00f6r\u00fc\u015flerini ak\u00adtard\u0131.<\/p>\n<p>Son d\u00f6nem T\u00fcrk Sinemas\u0131\u2019n\u0131 etkileyen durumlar hakk\u0131nda konu\u015fan Dr. \u00d6\u011fr. \u00dcyesi Mesut Aytekin, \u00e7ok yo\u011fun bir tempo\u00adda ilerleyen T\u00fcrk dizi sekt\u00f6r\u00fcn\u00adden bahsetti.\u00a0Dr. \u00d6\u011fr. \u00dcyesi Aytekin, yeni yap\u0131m ve devam edenlerle birlikte y\u0131ll\u0131k ortalama yetmi\u00ad\u015fe yak\u0131n dizinin vizyonda yer ald\u0131\u011f\u0131n\u0131, ba\u015far\u0131l\u0131 yap\u0131mlar\u0131n si\u00adnema i\u00e7eriklerini etkiledi\u011fini s\u00f6yledi.<\/p>\n<figure id=\"attachment_7538\" aria-describedby=\"caption-attachment-7538\" style=\"width: 702px\" class=\"wp-caption alignnone\"><img decoding=\"async\" class=\"wp-image-7538 size-large\" src=\"https:\/\/iletim.istanbul.edu.tr\/wp-content\/uploads\/Ads\u0131z1-7-1024x718.png\" alt=\"\" width=\"702\" height=\"492\" srcset=\"https:\/\/iletim.istanbul.edu.tr\/wp-content\/uploads\/Ads\u0131z1-7-1024x718.png 1024w, https:\/\/iletim.istanbul.edu.tr\/wp-content\/uploads\/Ads\u0131z1-7-300x210.png 300w, https:\/\/iletim.istanbul.edu.tr\/wp-content\/uploads\/Ads\u0131z1-7-768x539.png 768w, https:\/\/iletim.istanbul.edu.tr\/wp-content\/uploads\/Ads\u0131z1-7.png 1220w\" sizes=\"(max-width: 702px) 100vw, 702px\" \/><figcaption id=\"caption-attachment-7538\" class=\"wp-caption-text\">Dr. \u00d6\u011fr. \u00dcyesi Mesut AYTEK\u0130N<\/figcaption><\/figure>\n<p><strong>\u201cSeyirci, Komedi, Dram Ve Korku Filmlerini Tercih\u00a0<\/strong><strong>Ediyor\u201d<\/strong><\/p>\n<p>T\u00fcrkiye\u2019de sinema seyircisi\u00adnin tercihleri ve sinema t\u00fcrleri ile ilgili bir \u00e7al\u0131\u015fma yapt\u0131klar\u0131n\u0131 belirten Dr. \u00d6\u011fr. \u00dcyesi Aytekin, \u201c\u0130zleyicinin y\u00fczde 50\u2019den faz\u00adlas\u0131n\u0131n komediyi tercih etti\u011fini, dram ve korku t\u00fcr\u00fcn\u00fcn kome\u00addinin ard\u0131ndan ikinci ve \u00fc\u00e7\u00fcnc\u00fc s\u0131ray\u0131 ald\u0131\u011f\u0131n\u0131\u201d ifade etti.<\/p>\n<p>T\u00fcrk Sinema end\u00fcstrisi ile ilgili olarak film \u00f6ncesi s\u00fcre\u00e7te ve senaryo a\u015famas\u0131nda \u00e7ok \u00e7a\u00adl\u0131\u015f\u0131lmad\u0131\u011f\u0131na, yap\u0131m \u00f6ncesine gerekli zaman\u0131n ayr\u0131lmad\u0131\u011f\u0131na, h\u0131zl\u0131 bir \u015fekilde ilerlendi\u011fi i\u00e7in kalitenin d\u00fc\u015f\u00fck oldu\u011funa de\u00ad\u011findi.<\/p>\n<p>Dr. \u00d6\u011fr. \u00dcyesi Aytekin, Holl\u00adywood ve T\u00fcrk sinemas\u0131ndan da \u00f6rnekler vererek pop\u00fcler dizi oyuncular\u0131n\u0131n sinemada tercih edilmesiyle ilgili \u015fu ifa\u00addeleri kulland\u0131: \u201cSinema tica\u00adri bir i\u015f, riski en aza indirmek gerekiyor. Yap\u0131mc\u0131lar, ellerini g\u00fc\u00e7lendirecek kartlarla piya\u00adsaya \u00e7\u0131kmak istiyor. Oyuncu da bu kartlardan biri. Hem kaliteli hem pop\u00fcler oyuncular oldu\u011fu zaman filmin gi\u015fesinin artaca\u011f\u0131 \u00f6ng\u00f6r\u00fcs\u00fc var. Her zaman i\u015fle\u00admiyor ama ticari olarak bakt\u0131\u00ad\u011f\u0131m\u0131zda \u00e7ok mant\u0131kl\u0131 ve tercih edilebilir bir durum.\u201d<\/p>\n<p><strong>\u201cAyla: Ortak Ya\u015famay\u0131 \u00d6\u011frenmenin Hik\u00e2yesi\u201d<\/strong><\/p>\n<p>T\u00fcrkiye\u2019nin 2017 Oscar aday aday\u0131 filmi Ayla ile ilgili de g\u00f6\u00adr\u00fc\u015flerini belirten Dr. \u00d6\u011fr. \u00dcyesi Aytekin, \u201cHikayesi \u00e7ok evren\u00adsel, ben Hollywood\u2019da bir ya\u00adp\u0131mc\u0131 olsam rahatl\u0131kla bu filmin haklar\u0131n\u0131 sat\u0131n al\u0131p, yeniden \u00e7e\u00adkerim\u201d dedi.\u00a0Dr. \u00d6\u011fr. \u00dcyesi Aytekin, anlat\u0131la\u00adcak \u00e7ok hik\u00e2yemizin oldu\u011funu, bunlar\u0131n tarih sayfalar\u0131ndan \u00e7\u0131kart\u0131l\u0131p sinemayla bulu\u015fturul\u00admas\u0131 gerekti\u011fini belirtti.<\/p>\n<p>Dr. \u00d6\u011fr. \u00dcyesi Aytekin ayn\u0131 za\u00admanda, Can Ulkay\u2019\u0131n y\u00f6net\u00admenli\u011fini \u00fcstlendi\u011fi Ayla\u2019n\u0131n ortak ya\u015famay\u0131 \u00f6\u011frenmek \u00fczerine verdi\u011fi mesaja dikkat \u00e7ekerek \u201cD\u00fcnyada \u00e7ok ciddi s\u0131k\u0131nt\u0131lar var, hem ekonomik hem siyasi a\u00e7\u0131dan. Bunlar\u0131 en\u00adgellemek i\u00e7in bu t\u00fcr \u00f6rnek, umut veren hikayelere insanla\u00adr\u0131n ihtiyac\u0131 var. Ortak ya\u015famay\u0131 \u00f6\u011frenmeliyiz, d\u00fcnyaya bunu anlatmak gerekiyor\u201d dedi.<\/p>\n<figure id=\"attachment_7537\" aria-describedby=\"caption-attachment-7537\" style=\"width: 960px\" class=\"wp-caption alignnone\"><img decoding=\"async\" class=\"wp-image-7537 size-full\" src=\"https:\/\/iletim.istanbul.edu.tr\/wp-content\/uploads\/Ads\u0131z-43.png\" alt=\"\" width=\"960\" height=\"563\" srcset=\"https:\/\/iletim.istanbul.edu.tr\/wp-content\/uploads\/Ads\u0131z-43.png 960w, https:\/\/iletim.istanbul.edu.tr\/wp-content\/uploads\/Ads\u0131z-43-300x176.png 300w, https:\/\/iletim.istanbul.edu.tr\/wp-content\/uploads\/Ads\u0131z-43-768x450.png 768w\" sizes=\"(max-width: 960px) 100vw, 960px\" \/><figcaption id=\"caption-attachment-7537\" class=\"wp-caption-text\">AYLA, 2017, Y\u00f6netmen; Can ULKAY<\/figcaption><\/figure>\n","protected":false},"excerpt":{"rendered":"<p>T\u00fcrkiye\u2019deki sinema sek\u00adt\u00f6r\u00fc ve T\u00fcrk Sinemas\u0131\u2019n\u0131 etkileyen unsurlar ile ilgili \u0130s\u00adtanbul \u00dcniversitesi \u0130leti\u015fim Fak\u00fcltesi Radyo Televizyon ve Sinema B\u00f6l\u00fcm\u00fc Dr. \u00d6\u011fr. \u00dcyesi Mesut Aytekin g\u00f6r\u00fc\u015flerini ak\u00adtard\u0131. Son d\u00f6nem T\u00fcrk Sinemas\u0131\u2019n\u0131 etkileyen durumlar hakk\u0131nda konu\u015fan Dr. \u00d6\u011fr. \u00dcyesi Mesut Aytekin, \u00e7ok yo\u011fun bir tempo\u00adda ilerleyen T\u00fcrk dizi sekt\u00f6r\u00fcn\u00adden bahsetti.\u00a0Dr. \u00d6\u011fr. \u00dcyesi Aytekin, yeni yap\u0131m ve devam edenlerle birlikte y\u0131ll\u0131k ortalama yetmi\u00ad\u015fe yak\u0131n dizinin vizyonda yer ald\u0131\u011f\u0131n\u0131, ba\u015far\u0131l\u0131 yap\u0131mlar\u0131n si\u00adnema i\u00e7eriklerini etkiledi\u011fini s\u00f6yledi.<\/p>\n","protected":false},"author":14,"featured_media":7536,"comment_status":"open","ping_status":"open","sticky":false,"template":"","format":"standard","meta":{"jnews-multi-image_gallery":[],"jnews_single_post":[],"jnews_primary_category":[],"jnews_social_meta":[],"jnews_override_counter":[],"footnotes":""},"categories":[30],"tags":[],"class_list":["post-7535","post","type-post","status-publish","format-standard","has-post-thumbnail","hentry","category-kultur-sanat"],"_links":{"self":[{"href":"https:\/\/iletim.istanbul.edu.tr\/index.php\/wp-json\/wp\/v2\/posts\/7535","targetHints":{"allow":["GET"]}}],"collection":[{"href":"https:\/\/iletim.istanbul.edu.tr\/index.php\/wp-json\/wp\/v2\/posts"}],"about":[{"href":"https:\/\/iletim.istanbul.edu.tr\/index.php\/wp-json\/wp\/v2\/types\/post"}],"author":[{"embeddable":true,"href":"https:\/\/iletim.istanbul.edu.tr\/index.php\/wp-json\/wp\/v2\/users\/14"}],"replies":[{"embeddable":true,"href":"https:\/\/iletim.istanbul.edu.tr\/index.php\/wp-json\/wp\/v2\/comments?post=7535"}],"version-history":[{"count":0,"href":"https:\/\/iletim.istanbul.edu.tr\/index.php\/wp-json\/wp\/v2\/posts\/7535\/revisions"}],"wp:featuredmedia":[{"embeddable":true,"href":"https:\/\/iletim.istanbul.edu.tr\/index.php\/wp-json\/wp\/v2\/media\/7536"}],"wp:attachment":[{"href":"https:\/\/iletim.istanbul.edu.tr\/index.php\/wp-json\/wp\/v2\/media?parent=7535"}],"wp:term":[{"taxonomy":"category","embeddable":true,"href":"https:\/\/iletim.istanbul.edu.tr\/index.php\/wp-json\/wp\/v2\/categories?post=7535"},{"taxonomy":"post_tag","embeddable":true,"href":"https:\/\/iletim.istanbul.edu.tr\/index.php\/wp-json\/wp\/v2\/tags?post=7535"}],"curies":[{"name":"wp","href":"https:\/\/api.w.org\/{rel}","templated":true}]}}