{"id":7539,"date":"2018-12-14T15:10:41","date_gmt":"2018-12-14T12:10:41","guid":{"rendered":"https:\/\/iletim.istanbul.edu.tr\/?p=7539"},"modified":"2018-12-14T15:10:41","modified_gmt":"2018-12-14T12:10:41","slug":"hilmi-yavuz-sairin-siir-notlarinda","status":"publish","type":"post","link":"https:\/\/iletim.istanbul.edu.tr\/index.php\/2018\/12\/14\/hilmi-yavuz-sairin-siir-notlarinda\/","title":{"rendered":"Hilmi Yavuz, \u015eairin \u015eiir Notlar\u0131\u2019nda"},"content":{"rendered":"<p><strong>Aleyna KAYACAN, Tu\u011f\u00e7e KATMER<\/strong><\/p>\n<p>\u0130stanbul \u00dcniversitesi Edebiyat Fak\u00fcltesi T\u00fcrk Dili ve Edebiyat\u0131 Kul\u00fcb\u00fc\u2019n\u00fcn 12 Aral\u0131k\u2019ta \u201c\u015eairin \u015eiir Notlar\u0131\u201d ad\u0131yla d\u00fczenledi\u011fi etkinli\u011fe \u00fcnl\u00fc \u015fair ve ele\u015ftirmen Hilmi Yavuz konu\u015fmac\u0131 olarak kat\u0131ld\u0131.<\/p>\n<p>Edebiyat Fak\u00fcltesi\u2019nde s\u00f6yle\u015fi \u015feklinde ger\u00e7ekle\u015ftirilen etkinlikte a\u00e7\u0131l\u0131\u015f konu\u015fmas\u0131n\u0131 Kul\u00fcp Ba\u015fkan\u0131 Kerim Karayel yapt\u0131. Konu\u015fmas\u0131nda kul\u00fcp faaliyetlerine yer veren Karayel\u2019in ard\u0131ndan Edebiyat Fak\u00fcltesi T\u00fcrk Dili ve Edebiyat\u0131 B\u00f6l\u00fcm Ba\u015fkan\u0131 Prof. Dr. Ali \u015e\u00fckr\u00fc \u00c7oruh, \u201cT\u00fcrk \u015fiirinin \u00f6nemli isimlerinden birisi aram\u0131zda\u201d diyerek Hilmi Yavuz\u2019un \u0130stanbul\u2019da k\u00fclt\u00fcr-sanat hareketlerinin ivme kazanmas\u0131nda \u00e7ok \u00f6nemli bir role sahip oldu\u011funu belirtti.<\/p>\n<p><strong>\u201c\u015eiir ile M\u00fczik Aras\u0131nda G\u00fc\u00e7l\u00fc Bir \u0130li\u015fki Vard\u0131r\u201d<\/strong><\/p>\n<p>Prof. Dr. \u00c7oruh\u2019un ard\u0131ndan konu\u015fan Hilmi Yavuz, \u015fiirin \u00f6\u011frenilen ancak \u00f6\u011fretilemeyecek bir \u015fey oldu\u011funu dile getirerek konu\u015fmas\u0131na ba\u015flad\u0131. \u00d6\u011frenme s\u00fcrecinde ald\u0131\u011f\u0131 notlardan bahseden Yavuz, \u00f6nce \u015fairlerden neler \u00f6\u011frendi\u011fini sonra edebiyat tarihinden neler \u00f6\u011frendi\u011fini ve daha sonra da Bat\u0131\u2019daki kuramc\u0131lardan neler \u00f6\u011frendi\u011fini \u00f6\u011frencilerle payla\u015ft\u0131.<\/p>\n<p>\u201c\u015eiir ile m\u00fczik aras\u0131nda g\u00fc\u00e7l\u00fc bir ili\u015fki vard\u0131r\u201d diyen Yavuz, \u015fairin \u00fclkesini temsil edebilme boyutunda hem Do\u011fu\u2019dan hem Bat\u0131\u2019dan faydalanmas\u0131 gerekti\u011fini vurgulad\u0131. Yavuz, ayn\u0131 zamanda T\u00fcrk edebiyat\u0131n\u0131n \u00f6nc\u00fcs\u00fc olan iki b\u00fcy\u00fck \u015fair Yahya Kemal Beyatl\u0131 ve Ahmet Ha\u015fim\u2019den \u00e7ok \u015fey \u00f6\u011frendi\u011fini s\u00f6yledi. Konu\u015fmas\u0131n\u0131n ard\u0131ndan \u00f6\u011frencilerin sorular\u0131n\u0131 yan\u0131tlayan Yavuz, s\u00f6yle\u015fiden sonra kat\u0131l\u0131mc\u0131lara te\u015fekk\u00fcr etti.<\/p>\n<p>Program sonunda Edebiyat Fak\u00fcltesi Dekan Yard\u0131mc\u0131s\u0131 Dr. Mehmet Samsak\u00e7\u0131 ve T\u00fcrk Dili ve Edebiyat\u0131 B\u00f6l\u00fcm Ba\u015fkan\u0131 Prof. Dr. Ali \u015e\u00fckr\u00fc \u00c7oruh, Hilmi Yavuz\u2019a plaket takdim ederek te\u015fekk\u00fcrlerini dile getirdiler.<\/p>\n<div id='gallery_1' class='gallery galleryid-7539 gallery-columns-4 gallery-size-large'><figure class='gallery-item'>\n                <div class='gallery-icon landscape'>\n                    <a href='https:\/\/iletim.istanbul.edu.tr\/wp-content\/uploads\/DSC0043-2.jpg'><img loading=\"lazy\" decoding=\"async\" width=\"1024\" height=\"680\" src=\"\" class=\"attachment-large size-large lazyload\" alt=\"\" data-src=\"https:\/\/iletim.istanbul.edu.tr\/wp-content\/uploads\/DSC0043-2-1024x680.jpg\" data-sizes=\"auto\" data-srcset=\"https:\/\/iletim.istanbul.edu.tr\/wp-content\/uploads\/DSC0043-2-1024x680.jpg 1024w, https:\/\/iletim.istanbul.edu.tr\/wp-content\/uploads\/DSC0043-2-300x199.jpg 300w, https:\/\/iletim.istanbul.edu.tr\/wp-content\/uploads\/DSC0043-2-768x510.jpg 768w\" data-expand=\"700\" \/><\/a>\n                <\/div><\/figure><figure class='gallery-item'>\n                <div class='gallery-icon landscape'>\n                    <a href='https:\/\/iletim.istanbul.edu.tr\/wp-content\/uploads\/DSC0033-2.jpg'><img loading=\"lazy\" decoding=\"async\" width=\"1024\" height=\"680\" src=\"\" class=\"attachment-large size-large lazyload\" alt=\"\" data-src=\"https:\/\/iletim.istanbul.edu.tr\/wp-content\/uploads\/DSC0033-2-1024x680.jpg\" data-sizes=\"auto\" data-srcset=\"https:\/\/iletim.istanbul.edu.tr\/wp-content\/uploads\/DSC0033-2-1024x680.jpg 1024w, https:\/\/iletim.istanbul.edu.tr\/wp-content\/uploads\/DSC0033-2-300x199.jpg 300w, https:\/\/iletim.istanbul.edu.tr\/wp-content\/uploads\/DSC0033-2-768x510.jpg 768w\" data-expand=\"700\" \/><\/a>\n                <\/div><\/figure><figure class='gallery-item'>\n                <div class='gallery-icon landscape'>\n                    <a href='https:\/\/iletim.istanbul.edu.tr\/wp-content\/uploads\/DSC0058-2.jpg'><img loading=\"lazy\" decoding=\"async\" width=\"1024\" height=\"680\" src=\"\" class=\"attachment-large size-large lazyload\" alt=\"\" data-src=\"https:\/\/iletim.istanbul.edu.tr\/wp-content\/uploads\/DSC0058-2-1024x680.jpg\" data-sizes=\"auto\" data-srcset=\"https:\/\/iletim.istanbul.edu.tr\/wp-content\/uploads\/DSC0058-2-1024x680.jpg 1024w, https:\/\/iletim.istanbul.edu.tr\/wp-content\/uploads\/DSC0058-2-300x199.jpg 300w, https:\/\/iletim.istanbul.edu.tr\/wp-content\/uploads\/DSC0058-2-768x510.jpg 768w\" data-expand=\"700\" \/><\/a>\n                <\/div><\/figure><figure class='gallery-item'>\n                <div class='gallery-icon landscape'>\n                    <a href='https:\/\/iletim.istanbul.edu.tr\/wp-content\/uploads\/DSC0045-2.jpg'><img loading=\"lazy\" decoding=\"async\" width=\"1024\" height=\"680\" src=\"\" class=\"attachment-large size-large lazyload\" alt=\"\" data-src=\"https:\/\/iletim.istanbul.edu.tr\/wp-content\/uploads\/DSC0045-2-1024x680.jpg\" data-sizes=\"auto\" data-srcset=\"https:\/\/iletim.istanbul.edu.tr\/wp-content\/uploads\/DSC0045-2-1024x680.jpg 1024w, https:\/\/iletim.istanbul.edu.tr\/wp-content\/uploads\/DSC0045-2-300x199.jpg 300w, https:\/\/iletim.istanbul.edu.tr\/wp-content\/uploads\/DSC0045-2-768x510.jpg 768w\" data-expand=\"700\" \/><\/a>\n                <\/div><\/figure><br style=\"clear: both\" \/><figure class='gallery-item'>\n                <div class='gallery-icon landscape'>\n                    <a href='https:\/\/iletim.istanbul.edu.tr\/wp-content\/uploads\/DSC0097-2.jpg'><img loading=\"lazy\" decoding=\"async\" width=\"1024\" height=\"680\" src=\"\" class=\"attachment-large size-large lazyload\" alt=\"\" data-src=\"https:\/\/iletim.istanbul.edu.tr\/wp-content\/uploads\/DSC0097-2-1024x680.jpg\" data-sizes=\"auto\" data-srcset=\"https:\/\/iletim.istanbul.edu.tr\/wp-content\/uploads\/DSC0097-2-1024x680.jpg 1024w, https:\/\/iletim.istanbul.edu.tr\/wp-content\/uploads\/DSC0097-2-300x199.jpg 300w, https:\/\/iletim.istanbul.edu.tr\/wp-content\/uploads\/DSC0097-2-768x510.jpg 768w\" data-expand=\"700\" \/><\/a>\n                <\/div><\/figure><figure class='gallery-item'>\n                <div class='gallery-icon landscape'>\n                    <a href='https:\/\/iletim.istanbul.edu.tr\/wp-content\/uploads\/DSC0134-3.jpg'><img loading=\"lazy\" decoding=\"async\" width=\"1024\" height=\"680\" src=\"\" class=\"attachment-large size-large lazyload\" alt=\"\" data-src=\"https:\/\/iletim.istanbul.edu.tr\/wp-content\/uploads\/DSC0134-3-1024x680.jpg\" data-sizes=\"auto\" data-srcset=\"https:\/\/iletim.istanbul.edu.tr\/wp-content\/uploads\/DSC0134-3-1024x680.jpg 1024w, https:\/\/iletim.istanbul.edu.tr\/wp-content\/uploads\/DSC0134-3-300x199.jpg 300w, https:\/\/iletim.istanbul.edu.tr\/wp-content\/uploads\/DSC0134-3-768x510.jpg 768w\" data-expand=\"700\" \/><\/a>\n                <\/div><\/figure><figure class='gallery-item'>\n                <div class='gallery-icon landscape'>\n                    <a href='https:\/\/iletim.istanbul.edu.tr\/wp-content\/uploads\/DSC0146-3.jpg'><img loading=\"lazy\" decoding=\"async\" width=\"1024\" height=\"680\" src=\"\" class=\"attachment-large size-large lazyload\" alt=\"\" data-src=\"https:\/\/iletim.istanbul.edu.tr\/wp-content\/uploads\/DSC0146-3-1024x680.jpg\" data-sizes=\"auto\" data-srcset=\"https:\/\/iletim.istanbul.edu.tr\/wp-content\/uploads\/DSC0146-3-1024x680.jpg 1024w, https:\/\/iletim.istanbul.edu.tr\/wp-content\/uploads\/DSC0146-3-300x199.jpg 300w, https:\/\/iletim.istanbul.edu.tr\/wp-content\/uploads\/DSC0146-3-768x510.jpg 768w\" data-expand=\"700\" \/><\/a>\n                <\/div><\/figure><figure class='gallery-item'>\n                <div class='gallery-icon landscape'>\n                    <a href='https:\/\/iletim.istanbul.edu.tr\/wp-content\/uploads\/kapakfoto.jpg'><img loading=\"lazy\" decoding=\"async\" width=\"1024\" height=\"680\" src=\"\" class=\"attachment-large size-large lazyload\" alt=\"\" data-src=\"https:\/\/iletim.istanbul.edu.tr\/wp-content\/uploads\/kapakfoto-1024x680.jpg\" data-sizes=\"auto\" data-srcset=\"https:\/\/iletim.istanbul.edu.tr\/wp-content\/uploads\/kapakfoto-1024x680.jpg 1024w, https:\/\/iletim.istanbul.edu.tr\/wp-content\/uploads\/kapakfoto-300x199.jpg 300w, https:\/\/iletim.istanbul.edu.tr\/wp-content\/uploads\/kapakfoto-768x510.jpg 768w\" data-expand=\"700\" \/><\/a>\n                <\/div><\/figure><br style=\"clear: both\" \/>\n            <\/div>\n\n","protected":false},"excerpt":{"rendered":"<p>\u0130stanbul \u00dcniversitesi Edebiyat Fak\u00fcltesi T\u00fcrk Dili ve Edebiyat\u0131 Kul\u00fcb\u00fc\u2019 n\u00fcn 12 Aral\u0131k\u2019ta \u201c\u015eairin \u015eiir Notlar\u0131\u201d ad\u0131yla d\u00fczenledi\u011fi etkinli\u011fe \u00fcnl\u00fc \u015fair ve ele\u015ftirmen Hilmi Yavuz konu\u015fmac\u0131 olarak kat\u0131ld\u0131. \u00a0<\/p>\n","protected":false},"author":14,"featured_media":7540,"comment_status":"open","ping_status":"open","sticky":false,"template":"","format":"standard","meta":{"jnews-multi-image_gallery":[],"jnews_single_post":[],"jnews_primary_category":[],"jnews_social_meta":[],"jnews_override_counter":[],"footnotes":""},"categories":[30],"tags":[],"class_list":["post-7539","post","type-post","status-publish","format-standard","has-post-thumbnail","hentry","category-kultur-sanat"],"_links":{"self":[{"href":"https:\/\/iletim.istanbul.edu.tr\/index.php\/wp-json\/wp\/v2\/posts\/7539","targetHints":{"allow":["GET"]}}],"collection":[{"href":"https:\/\/iletim.istanbul.edu.tr\/index.php\/wp-json\/wp\/v2\/posts"}],"about":[{"href":"https:\/\/iletim.istanbul.edu.tr\/index.php\/wp-json\/wp\/v2\/types\/post"}],"author":[{"embeddable":true,"href":"https:\/\/iletim.istanbul.edu.tr\/index.php\/wp-json\/wp\/v2\/users\/14"}],"replies":[{"embeddable":true,"href":"https:\/\/iletim.istanbul.edu.tr\/index.php\/wp-json\/wp\/v2\/comments?post=7539"}],"version-history":[{"count":0,"href":"https:\/\/iletim.istanbul.edu.tr\/index.php\/wp-json\/wp\/v2\/posts\/7539\/revisions"}],"wp:featuredmedia":[{"embeddable":true,"href":"https:\/\/iletim.istanbul.edu.tr\/index.php\/wp-json\/wp\/v2\/media\/7540"}],"wp:attachment":[{"href":"https:\/\/iletim.istanbul.edu.tr\/index.php\/wp-json\/wp\/v2\/media?parent=7539"}],"wp:term":[{"taxonomy":"category","embeddable":true,"href":"https:\/\/iletim.istanbul.edu.tr\/index.php\/wp-json\/wp\/v2\/categories?post=7539"},{"taxonomy":"post_tag","embeddable":true,"href":"https:\/\/iletim.istanbul.edu.tr\/index.php\/wp-json\/wp\/v2\/tags?post=7539"}],"curies":[{"name":"wp","href":"https:\/\/api.w.org\/{rel}","templated":true}]}}