{"id":7553,"date":"2018-12-14T14:51:20","date_gmt":"2018-12-14T11:51:20","guid":{"rendered":"https:\/\/iletim.istanbul.edu.tr\/?p=7553"},"modified":"2018-12-14T14:51:20","modified_gmt":"2018-12-14T11:51:20","slug":"yepyeni-programlar-radyo-iletisimde","status":"publish","type":"post","link":"https:\/\/iletim.istanbul.edu.tr\/index.php\/2018\/12\/14\/yepyeni-programlar-radyo-iletisimde\/","title":{"rendered":"Yepyeni Programlar Radyo \u0130leti\u015fim\u2019de"},"content":{"rendered":"<p>Radyo \u0130leti\u015fim\u2019in yenilenen programlar\u0131n\u0131 hafta i\u00e7i her g\u00fcn <a href=\"http:\/\/radyoiletisim.istanbul.edu.tr\">radyoiletisim.istanbul.edu.tr<\/a> adresinden takip edebilirsiniz.<\/p>\n<p><strong>Terminal<\/strong><\/p>\n<p>Sizleri birbirinden de\u011ferli konuklarla bulu\u015fturuyor. Terminal\u2019de g\u00fcncel olaylar ne\u015feli sohbetlerle konu\u015fuluyor. \u201cKonu\u015fan, konuklu program\u201d &#8220;Terminal&#8221;, Murat Kada\u015f\u2019\u0131n sunumuyla her \u00c7ar\u015famba 15.00\u2019da Radyo \u0130leti\u015fim\u2019de.<\/p>\n<p><img decoding=\"async\" class=\"alignnone size-large wp-image-7558\" src=\"https:\/\/iletim.istanbul.edu.tr\/wp-content\/uploads\/terminal-yeni-1-819x1024.png\" alt=\"\" width=\"702\" height=\"878\" srcset=\"https:\/\/iletim.istanbul.edu.tr\/wp-content\/uploads\/terminal-yeni-1-819x1024.png 819w, https:\/\/iletim.istanbul.edu.tr\/wp-content\/uploads\/terminal-yeni-1-240x300.png 240w, https:\/\/iletim.istanbul.edu.tr\/wp-content\/uploads\/terminal-yeni-1-768x960.png 768w, https:\/\/iletim.istanbul.edu.tr\/wp-content\/uploads\/terminal-yeni-1.png 1200w\" sizes=\"(max-width: 702px) 100vw, 702px\" \/><\/p>\n<p><strong>Annemin Masallar\u0131\u00a0\u00a0\u00a0\u00a0\u00a0\u00a0<\/strong><\/p>\n<p>&#8220;Az gittik uz gittik, dere tepe d\u00fcz gittik&#8221;. Programda hem masal var, hem de kendi masal\u0131n\u0131n kahramanlar\u0131. &#8221;Gelece\u011fe bir masal anlat&#8221; diyen Aysel K\u0131r\u0131lmaz\u2019\u0131n sundu\u011fu &#8220;Annemin Masallar\u0131&#8221; her \u00e7arsamba saat 16:00\u2019da Radyo \u0130leti\u015fim&#8217;de.<\/p>\n<p><img decoding=\"async\" class=\"alignnone size-large wp-image-7555\" src=\"https:\/\/iletim.istanbul.edu.tr\/wp-content\/uploads\/hsgdfsh-1-819x1024.png\" alt=\"\" width=\"702\" height=\"878\" srcset=\"https:\/\/iletim.istanbul.edu.tr\/wp-content\/uploads\/hsgdfsh-1-819x1024.png 819w, https:\/\/iletim.istanbul.edu.tr\/wp-content\/uploads\/hsgdfsh-1-240x300.png 240w, https:\/\/iletim.istanbul.edu.tr\/wp-content\/uploads\/hsgdfsh-1-768x960.png 768w, https:\/\/iletim.istanbul.edu.tr\/wp-content\/uploads\/hsgdfsh-1.png 1200w\" sizes=\"(max-width: 702px) 100vw, 702px\" \/><\/p>\n<p><strong>\u00c7i\u00e7ek Senfonisi\u00a0\u00a0\u00a0\u00a0\u00a0<\/strong><\/p>\n<p>\u201cDuyuyor musunuz? Hala devam eden bir senfoninin b\u00fcy\u00fcl\u00fc t\u0131n\u0131lar\u0131 bunlar\u201d. Nazl\u0131can Korkmaz ve Nilay \u0131\u015f\u0131k\u2019\u0131n sunumuyla &#8220;\u00c7i\u00e7ek Senfonisi&#8221; her per\u015fembe saatler 12.05\u2019i g\u00f6sterdi\u011finde Radyo \u0130leti\u015fim\u2019de.<\/p>\n<p><img decoding=\"async\" class=\"alignnone size-large wp-image-7561\" src=\"https:\/\/iletim.istanbul.edu.tr\/wp-content\/uploads\/\u00c7\u0130\u00c7EK-1-819x1024.png\" alt=\"\" width=\"702\" height=\"878\" srcset=\"https:\/\/iletim.istanbul.edu.tr\/wp-content\/uploads\/\u00c7\u0130\u00c7EK-1-819x1024.png 819w, https:\/\/iletim.istanbul.edu.tr\/wp-content\/uploads\/\u00c7\u0130\u00c7EK-1-240x300.png 240w, https:\/\/iletim.istanbul.edu.tr\/wp-content\/uploads\/\u00c7\u0130\u00c7EK-1-768x960.png 768w, https:\/\/iletim.istanbul.edu.tr\/wp-content\/uploads\/\u00c7\u0130\u00c7EK-1.png 1200w\" sizes=\"(max-width: 702px) 100vw, 702px\" \/><\/p>\n<p><strong>Ka\u00e7ak<\/strong><\/p>\n<p>Ka\u00e7mak istedikleri herhangi bir \u015feyden ka\u00e7amayan ya da \u015fansl\u0131 olup ka\u00e7may\u0131 ba\u015farabilen insanlar\u0131n hikayelerini anlatan, konu\u015fmaya cesaret edilemeyen konular\u0131 cesurca yorumlayan \u2018Ka\u00e7ak\u2019, her per\u015fembe saat 13.00-14.00 aras\u0131 Orhun Ko\u00e7yi\u011fit ve Ali Selim Yamanl\u0131\u2019n\u0131n sunumuyla Radyo \u0130leti\u015fim\u2019de.<\/p>\n<p><img decoding=\"async\" class=\"alignnone size-large wp-image-7556\" src=\"https:\/\/iletim.istanbul.edu.tr\/wp-content\/uploads\/kacak-1-819x1024.png\" alt=\"\" width=\"702\" height=\"878\" srcset=\"https:\/\/iletim.istanbul.edu.tr\/wp-content\/uploads\/kacak-1-819x1024.png 819w, https:\/\/iletim.istanbul.edu.tr\/wp-content\/uploads\/kacak-1-240x300.png 240w, https:\/\/iletim.istanbul.edu.tr\/wp-content\/uploads\/kacak-1-768x960.png 768w, https:\/\/iletim.istanbul.edu.tr\/wp-content\/uploads\/kacak-1.png 1200w\" sizes=\"(max-width: 702px) 100vw, 702px\" \/><\/p>\n<p><strong>Hasbelkader\u00a0 \u00a0 \u00a0<\/strong><\/p>\n<p>T\u00fcm d\u00fcnya radyolar\u0131 i\u00e7erisinde b\u00fcnyesinde en fazla kahraman bulunduran, biraz k\u00fclt\u00fcr, biraz sanat, biraz da mizah i\u00e7eren radyo program\u0131 \u2018Hasbelkader\u2019 her pazartesi 14.00-16.00 aras\u0131 \u0130rem \u015eahin ve Hasan Kunsar\u2019\u0131n sunumuyla Radyo \u0130leti\u015fim\u2019de.<\/p>\n<p><img decoding=\"async\" class=\"alignnone size-full wp-image-7562\" src=\"https:\/\/iletim.istanbul.edu.tr\/wp-content\/uploads\/FileHandler-1-25.jpg\" alt=\"\" width=\"560\" height=\"315\" srcset=\"https:\/\/iletim.istanbul.edu.tr\/wp-content\/uploads\/FileHandler-1-25.jpg 560w, https:\/\/iletim.istanbul.edu.tr\/wp-content\/uploads\/FileHandler-1-25-300x169.jpg 300w\" sizes=\"(max-width: 560px) 100vw, 560px\" \/><\/p>\n<p><strong>Pota Alt\u0131\u00a0\u00a0\u00a0\u00a0 \u00a0\u00a0\u00a0\u00a0\u00a0<\/strong><\/p>\n<p>Basketbolun enine boyuna konu\u015fuldu\u011fu Pota Alt\u0131&#8217;nda g\u00fcncel kar\u015f\u0131la\u015fmalar ve T\u00fcrkiye, NBA, Avrupa Ligleri takip edilecek, s\u00fcrpriz konuklar Radyo \u0130leti\u015fim st\u00fcdyosunda a\u011f\u0131rlanacak. Radyo \u0130leti\u015fim&#8217;in yepyeni program\u0131 &#8220;Pota Alt\u0131&#8221;, Murat Kada\u015f ve Fatih \u00c7elebi\u2019nin sunumuyla her \u00e7ar\u015famba 12.05&#8217;de Radyo \u0130leti\u015fim\u2019de.<\/p>\n<p><img decoding=\"async\" class=\"alignnone size-large wp-image-7557\" src=\"https:\/\/iletim.istanbul.edu.tr\/wp-content\/uploads\/POTA-1-819x1024.png\" alt=\"\" width=\"702\" height=\"878\" srcset=\"https:\/\/iletim.istanbul.edu.tr\/wp-content\/uploads\/POTA-1-819x1024.png 819w, https:\/\/iletim.istanbul.edu.tr\/wp-content\/uploads\/POTA-1-240x300.png 240w, https:\/\/iletim.istanbul.edu.tr\/wp-content\/uploads\/POTA-1-768x960.png 768w, https:\/\/iletim.istanbul.edu.tr\/wp-content\/uploads\/POTA-1.png 1200w\" sizes=\"(max-width: 702px) 100vw, 702px\" \/><\/p>\n<p><strong>Zona Mista\u00a0\u00a0\u00a0\u00a0<\/strong><\/p>\n<p>&#8220;Zona Mista&#8221;da Bar\u0131\u015f Cevahir ve Ufuk Yazl\u0131k sevdal\u0131s\u0131 olduklar\u0131 sporlar\u0131 konu\u015fuyorlar. Sporun g\u00fcndemine, tarihine, k\u00fclt\u00fcr\u00fcne dair dolu bir sohbet sizleri bekliyor. &#8220;Zona Mista&#8221; her pazartesi 16.00-17.00 aras\u0131 Radyo \u0130leti\u015fim\u2019de.<\/p>\n<p><img decoding=\"async\" class=\"alignnone size-large wp-image-7554\" src=\"https:\/\/iletim.istanbul.edu.tr\/wp-content\/uploads\/FileHandler-2-22-1024x683.jpg\" alt=\"\" width=\"702\" height=\"468\" srcset=\"https:\/\/iletim.istanbul.edu.tr\/wp-content\/uploads\/FileHandler-2-22-1024x683.jpg 1024w, https:\/\/iletim.istanbul.edu.tr\/wp-content\/uploads\/FileHandler-2-22-300x200.jpg 300w, https:\/\/iletim.istanbul.edu.tr\/wp-content\/uploads\/FileHandler-2-22-768x512.jpg 768w, https:\/\/iletim.istanbul.edu.tr\/wp-content\/uploads\/FileHandler-2-22.jpg 1200w\" sizes=\"(max-width: 702px) 100vw, 702px\" \/><\/p>\n<p><strong>Deniz Ma\u011faras\u0131\u00a0 <\/strong><\/p>\n<p>\u201cGelin edebiyatla tan\u0131\u015f olal\u0131m, edebimizden \u00f6d\u00fcn vermeyelim.\u201d\u00a0Deniz Zeybek\u2019in sunumuyla &#8220;Deniz Ma\u011faras\u0131&#8221; her sal\u0131 14.00\u2019de Radyo \u0130leti\u015fim\u2019de.<\/p>\n<p><img decoding=\"async\" class=\"alignnone size-full wp-image-7560\" src=\"https:\/\/iletim.istanbul.edu.tr\/wp-content\/uploads\/WhatsApp-Image-2-1.jpeg\" alt=\"\" width=\"500\" height=\"750\" srcset=\"https:\/\/iletim.istanbul.edu.tr\/wp-content\/uploads\/WhatsApp-Image-2-1.jpeg 500w, https:\/\/iletim.istanbul.edu.tr\/wp-content\/uploads\/WhatsApp-Image-2-1-200x300.jpeg 200w\" sizes=\"(max-width: 500px) 100vw, 500px\" \/><\/p>\n<p><strong>\u0130\u00e7eride Bir Yerde Ya\u011fmur \u00c7ocuklar<\/strong><\/p>\n<p>\u2018\u0130\u00e7eride Bir Yerde Ya\u011fmur \u00c7ocuklar\u2019, her per\u015fembe 15.00-16.00 aras\u0131 Radyo \u0130leti\u015fim\u2019de.<\/p>\n<p><img decoding=\"async\" class=\"alignnone size-large wp-image-7559\" src=\"https:\/\/iletim.istanbul.edu.tr\/wp-content\/uploads\/WhatsApp-Image-1-1-1024x999.jpeg\" alt=\"\" width=\"702\" height=\"685\" srcset=\"https:\/\/iletim.istanbul.edu.tr\/wp-content\/uploads\/WhatsApp-Image-1-1-1024x999.jpeg 1024w, https:\/\/iletim.istanbul.edu.tr\/wp-content\/uploads\/WhatsApp-Image-1-1-300x293.jpeg 300w, https:\/\/iletim.istanbul.edu.tr\/wp-content\/uploads\/WhatsApp-Image-1-1-768x750.jpeg 768w, https:\/\/iletim.istanbul.edu.tr\/wp-content\/uploads\/WhatsApp-Image-1-1.jpeg 1080w\" sizes=\"(max-width: 702px) 100vw, 702px\" \/><\/p>\n","protected":false},"excerpt":{"rendered":"<p>Radyo \u0130leti\u015fim\u2019in yenilenen programlar\u0131n\u0131 hafta i\u00e7i her g\u00fcn radyoiletisim.istanbul.edu.tr adresinden takip edebilirsiniz.<\/p>\n","protected":false},"author":14,"featured_media":7563,"comment_status":"open","ping_status":"open","sticky":false,"template":"","format":"standard","meta":{"jnews-multi-image_gallery":[],"jnews_single_post":[],"jnews_primary_category":[],"jnews_social_meta":[],"jnews_override_counter":[],"footnotes":""},"categories":[178],"tags":[],"class_list":["post-7553","post","type-post","status-publish","format-standard","has-post-thumbnail","hentry","category-fakultemizden"],"_links":{"self":[{"href":"https:\/\/iletim.istanbul.edu.tr\/index.php\/wp-json\/wp\/v2\/posts\/7553","targetHints":{"allow":["GET"]}}],"collection":[{"href":"https:\/\/iletim.istanbul.edu.tr\/index.php\/wp-json\/wp\/v2\/posts"}],"about":[{"href":"https:\/\/iletim.istanbul.edu.tr\/index.php\/wp-json\/wp\/v2\/types\/post"}],"author":[{"embeddable":true,"href":"https:\/\/iletim.istanbul.edu.tr\/index.php\/wp-json\/wp\/v2\/users\/14"}],"replies":[{"embeddable":true,"href":"https:\/\/iletim.istanbul.edu.tr\/index.php\/wp-json\/wp\/v2\/comments?post=7553"}],"version-history":[{"count":0,"href":"https:\/\/iletim.istanbul.edu.tr\/index.php\/wp-json\/wp\/v2\/posts\/7553\/revisions"}],"wp:featuredmedia":[{"embeddable":true,"href":"https:\/\/iletim.istanbul.edu.tr\/index.php\/wp-json\/wp\/v2\/media\/7563"}],"wp:attachment":[{"href":"https:\/\/iletim.istanbul.edu.tr\/index.php\/wp-json\/wp\/v2\/media?parent=7553"}],"wp:term":[{"taxonomy":"category","embeddable":true,"href":"https:\/\/iletim.istanbul.edu.tr\/index.php\/wp-json\/wp\/v2\/categories?post=7553"},{"taxonomy":"post_tag","embeddable":true,"href":"https:\/\/iletim.istanbul.edu.tr\/index.php\/wp-json\/wp\/v2\/tags?post=7553"}],"curies":[{"name":"wp","href":"https:\/\/api.w.org\/{rel}","templated":true}]}}