{"id":7659,"date":"2018-12-19T13:17:37","date_gmt":"2018-12-19T10:17:37","guid":{"rendered":"https:\/\/iletim.istanbul.edu.tr\/?p=7659"},"modified":"2018-12-19T16:23:02","modified_gmt":"2018-12-19T13:23:02","slug":"ayasofyanin-gizemli-derinliklerine-dogru","status":"publish","type":"post","link":"https:\/\/iletim.istanbul.edu.tr\/index.php\/2018\/12\/19\/ayasofyanin-gizemli-derinliklerine-dogru\/","title":{"rendered":"Ayasofya\u2019n\u0131n Gizemli Derinliklerine Do\u011fru"},"content":{"rendered":"<p><strong>Nisa \u00c7ET\u0130N<\/strong><\/p>\n<p>Dan Brown\u2019un Cehennem kitab\u0131nda ad\u0131ndan bahsetti\u011fi ilk T\u00fcrk y\u00f6netmen G\u00f6ksel G\u00fclensoy, kendi olu\u015fturdu\u011fu \u00f6zel ekibi ile birlikte 1998 y\u0131l\u0131ndan bu yana yapt\u0131\u011f\u0131 detayl\u0131 ara\u015ft\u0131rmalar ile Ayasofya\u2019n\u0131n yer alt\u0131 t\u00fcnellerine \u0131\u015f\u0131k tutuyor.<\/p>\n<p>Bizans ve Osmanl\u0131 gibi b\u00fcy\u00fck imparatorluklara ev sahipli\u011fi yapm\u0131\u015f ve \u015fu an h\u00e2l\u00e2 ayakta duran Ayasofya ile ilgili merak edilen pek \u00e7ok konu var.<\/p>\n<p>Yunancada \u201cKutsal Bilgelik\u201d anlam\u0131na gelen Ayasofya\u2019n\u0131n alt\u0131nda \u015fehri saran t\u00fcneller ol\u00addu\u011funa dair pek \u00e7ok s\u00f6ylenti bulunuyor. Dan Brown\u2019un Ce\u00adhennem kitab\u0131nda ismine yer vermesi sonucu Ayasofya\u2019n\u0131n yer alt\u0131 ara\u015ft\u0131rmalar\u0131 ile g\u00fcn\u00addeme gelen \u0130stanbul \u00dcniver\u00adsitesi Tiyatro B\u00f6l\u00fcm\u00fc mezunu y\u00f6netmen G\u00f6ksel G\u00fclensoy, yakla\u015f\u0131k 20 y\u0131ld\u0131r devam eden Ayasofya maceras\u0131na ili\u015fkin bi\u00adlinmeyen detaylar\u0131 anlatt\u0131.<\/p>\n<p>1998 y\u0131l\u0131n\u0131n ba\u015f\u0131nda ara\u015ft\u0131r\u00admalar i\u00e7in K\u00fclt\u00fcr ve Turizm Bakanl\u0131\u011f\u0131\u2019ndan izin ald\u0131klar\u0131n\u0131 ve ayn\u0131 y\u0131l Aral\u0131k ay\u0131nda t\u00fcnelle\u00adre girdiklerini s\u00f6yleyen G\u00fclen\u00adsoy, \u201c1994\u2019te Ayasofya\u2019n\u0131n yer alt\u0131 t\u00fcnelleri ile ilgili bir belgesel filmi yapm\u0131\u015ft\u0131m. Bu filmdeki dan\u0131\u015fman\u0131m \u0130stanbul \u00dcniversi\u00adtesi Arkeoloji B\u00f6l\u00fcm\u00fc \u00d6\u011fretim \u00dcyesi Do\u00e7. Dr. Mehmet \u0130hsan Tunay, Ayasofya\u2019n\u0131n alt\u0131ndaki t\u00fcnellerle ilgili bir proje sundu. Ben de zaten ilgili oldu\u011fum i\u00e7in kabul ettim\u201d diyerek gerekli izinlerin al\u0131nd\u0131\u011f\u0131n\u0131 ve b\u00f6ylece Ayasofya maceras\u0131n\u0131n 1998\u2019de ba\u015flad\u0131\u011f\u0131n\u0131 ifade etti.<\/p>\n<p>Ayasofya\u2019n\u0131n \u00fc\u00e7 b\u00fcy\u00fck dine ev sahipli\u011fi yapt\u0131\u011f\u0131 i\u00e7in \u00f6nemli bir dini merkez oldu\u011funa de\u011finen G\u00fclensoy, \u201c\u0130lk ba\u015fta sadece merakt\u0131. Ama gizemli hik\u00e2yeler beni hep cezbetmi\u015ftir. G\u00fcn ge\u00e7\u00adtik\u00e7e daha \u00e7ok merak sald\u0131m ve gide gele en sonunda Ayasofya a\u015f\u0131\u011f\u0131 bir adam oldum\u201d \u015feklinde konu\u015ftu.<\/p>\n<p>Ayasofya ekibini se\u00e7erken \u00e7ok titiz davrand\u0131\u011f\u0131n\u0131 s\u00f6yleyen G\u00fc\u00adlensoy, 20 y\u0131ld\u0131r ayn\u0131 ekiple \u00e7a\u00adl\u0131\u015ft\u0131klar\u0131n\u0131 s\u00f6yledi.\u00a0Bu s\u00fcre\u00e7te \u00e7ok emek sarf et\u00adtiklerini dile getiren G\u00fclensoy, \u201c1998\u2019de elimizde ne tarafa ilerleyece\u011fimize dair bir bel\u00adge yoktu. Sadece Alparslan Koyunlu\u2019nun yapt\u0131\u011f\u0131 ara\u015ft\u0131rma\u00adlar bize \u0131\u015f\u0131k tuttu. \u015eu ana kadar \u00e7\u0131kar\u0131lan t\u00fcm veriler bize ait\u201d dedi.<\/p>\n<p><strong>\u201c\u0130nsan Kemikleri Ve \u0130ngiliz Askerlerine Ait Mataralar Bulduk\u201d <\/strong><\/p>\n<p>Ara\u015ft\u0131rmalar sonucunda ise \u00f6nemli ke\u015fifler yapt\u0131klar\u0131na de\u00ad\u011finen G\u00fclensoy, i\u00e7inde insan kemiklerinin bulundu\u011fu iki tane katakomb mezar\u0131 bulduklar\u0131n\u0131 anlatt\u0131.<\/p>\n<p>Ayr\u0131ca t\u00fcnellerde 1918\u2019de \u0130stanbul\u2019un i\u015fgalinden kalan \u0130ngiliz askerlerine ait mataralar oldu\u011funu s\u00f6yleyen y\u00f6netmen, zaman\u0131nda kutsal emanetleri bulmak i\u00e7in oraya giden defi\u00adneciler olabilece\u011fini vurgulad\u0131. Ayasofya \u00e7al\u0131\u015fmalar\u0131na efsa\u00adnelerin do\u011frulu\u011funu ara\u015ft\u0131r\u00admak i\u00e7in ba\u015flad\u0131klar\u0131n\u0131 anlatan G\u00fclensoy, ilk olarak Prens Ada\u00adlar\u0131 ile Ayasofya aras\u0131nda t\u00fcnel oldu\u011fu efsanesini ara\u015ft\u0131rd\u0131kla\u00adr\u0131n\u0131 s\u00f6yledi.<\/p>\n<p>Her efsanenin as\u0131ls\u0131z olmad\u0131\u00ad\u011f\u0131na dikkat \u00e7eken G\u00fclensoy, \u201cJustinianos\u2019un halk aras\u0131n\u00adda dola\u015fmad\u0131\u011f\u0131 fakat bir anda Ayasofya, Hipodrom ve B\u00fcy\u00fck Saray\u2019da belirdi\u011fine dair bir efsane var. Biz ger\u00e7ekten de B\u00fcy\u00fck Saray ile Ayasofya ara\u00ads\u0131nda 15 metre, B\u00fcy\u00fck Saray ile Hipodrom aras\u0131nda ise 25 metre uzunlu\u011funda iki t\u00fcnel bulduk\u201d dedi.<\/p>\n<p><strong>\u201cSultanahmet\u2019in Alt\u0131nda Bamba\u015fka Bir \u015eehir Var\u201d <\/strong><\/p>\n<p>Ara\u015ft\u0131rmalar\u0131yla ilgili son geli\u015f\u00admeleri anlatan G\u00fclensoy, \u201c\u015eu ana kadar t\u00fcnellerde bin 200 metre \u00f6l\u00e7\u00fcmledik ve bu hala devam ediyor.\u00a0Sultanahmet\u2019in alt\u0131nda bam\u00adba\u015fka bir \u015fehir var. \u015eehrin ka\u00adl\u0131nt\u0131lar\u0131n\u0131 h\u00e2l\u00e2 g\u00f6rebiliyoruz. Bizim temel amac\u0131m\u0131z, bu ka\u00adl\u0131nt\u0131lar\u0131 tamam\u0131yla ortaya \u00e7\u0131\u00adkarmak ve gelecek ku\u015faklara bir miras b\u0131rakmak. Bunun i\u00e7in elimizden ne geliyorsa yapma\u00adya \u00e7al\u0131\u015f\u0131yoruz\u201d dedi.<\/p>\n<div id='gallery_1' class='gallery galleryid-7659 gallery-columns-3 gallery-size-large'><figure class='gallery-item'>\n                <div class='gallery-icon landscape'>\n                    <a href='https:\/\/iletim.istanbul.edu.tr\/wp-content\/uploads\/DSC_9562.jpg'><img loading=\"lazy\" decoding=\"async\" width=\"1024\" height=\"576\" src=\"\" class=\"attachment-large size-large lazyload\" alt=\"\" data-src=\"https:\/\/iletim.istanbul.edu.tr\/wp-content\/uploads\/DSC_9562-1024x576.jpg\" data-sizes=\"auto\" data-srcset=\"https:\/\/iletim.istanbul.edu.tr\/wp-content\/uploads\/DSC_9562-1024x576.jpg 1024w, https:\/\/iletim.istanbul.edu.tr\/wp-content\/uploads\/DSC_9562-300x169.jpg 300w, https:\/\/iletim.istanbul.edu.tr\/wp-content\/uploads\/DSC_9562-768x432.jpg 768w\" data-expand=\"700\" \/><\/a>\n                <\/div><\/figure><figure class='gallery-item'>\n                <div class='gallery-icon portrait'>\n                    <a href='https:\/\/iletim.istanbul.edu.tr\/wp-content\/uploads\/DSC_9516.jpg'><img loading=\"lazy\" decoding=\"async\" width=\"576\" height=\"1024\" src=\"\" class=\"attachment-large size-large lazyload\" alt=\"\" data-src=\"https:\/\/iletim.istanbul.edu.tr\/wp-content\/uploads\/DSC_9516-576x1024.jpg\" data-sizes=\"auto\" data-srcset=\"https:\/\/iletim.istanbul.edu.tr\/wp-content\/uploads\/DSC_9516-576x1024.jpg 576w, https:\/\/iletim.istanbul.edu.tr\/wp-content\/uploads\/DSC_9516-169x300.jpg 169w, https:\/\/iletim.istanbul.edu.tr\/wp-content\/uploads\/DSC_9516-768x1365.jpg 768w\" data-expand=\"700\" \/><\/a>\n                <\/div><\/figure><figure class='gallery-item'>\n                <div class='gallery-icon portrait'>\n                    <a href='https:\/\/iletim.istanbul.edu.tr\/wp-content\/uploads\/Ads\u0131z-44.png'><img loading=\"lazy\" decoding=\"async\" width=\"500\" height=\"715\" src=\"\" class=\"attachment-large size-large lazyload\" alt=\"\" data-src=\"https:\/\/iletim.istanbul.edu.tr\/wp-content\/uploads\/Ads\u0131z-44.png\" data-sizes=\"auto\" data-srcset=\"https:\/\/iletim.istanbul.edu.tr\/wp-content\/uploads\/Ads\u0131z-44.png 500w, https:\/\/iletim.istanbul.edu.tr\/wp-content\/uploads\/Ads\u0131z-44-210x300.png 210w\" data-expand=\"700\" \/><\/a>\n                <\/div><\/figure><br style=\"clear: both\" \/>\n            <\/div>\n\n","protected":false},"excerpt":{"rendered":"<p>Dan Brown\u2019un Cehennem kitab\u0131nda ad\u0131ndan bahsetti\u011fi ilk T\u00fcrk y\u00f6netmen G\u00f6ksel G\u00fclensoy, kendi olu\u015fturdu\u011fu \u00f6zel ekibi ile birlikte 1998 y\u0131l\u0131ndan bu yana yapt\u0131\u011f\u0131 detayl\u0131 ara\u015ft\u0131rmalar ile Ayasofya\u2019n\u0131n yer alt\u0131 t\u00fcnellerine \u0131\u015f\u0131k tutuyor.<\/p>\n","protected":false},"author":14,"featured_media":7670,"comment_status":"open","ping_status":"open","sticky":false,"template":"","format":"standard","meta":{"jnews-multi-image_gallery":[],"jnews_single_post":[],"jnews_primary_category":[],"jnews_social_meta":[],"jnews_override_counter":[],"footnotes":""},"categories":[28],"tags":[],"class_list":["post-7659","post","type-post","status-publish","format-standard","has-post-thumbnail","hentry","category-istanbul"],"_links":{"self":[{"href":"https:\/\/iletim.istanbul.edu.tr\/index.php\/wp-json\/wp\/v2\/posts\/7659","targetHints":{"allow":["GET"]}}],"collection":[{"href":"https:\/\/iletim.istanbul.edu.tr\/index.php\/wp-json\/wp\/v2\/posts"}],"about":[{"href":"https:\/\/iletim.istanbul.edu.tr\/index.php\/wp-json\/wp\/v2\/types\/post"}],"author":[{"embeddable":true,"href":"https:\/\/iletim.istanbul.edu.tr\/index.php\/wp-json\/wp\/v2\/users\/14"}],"replies":[{"embeddable":true,"href":"https:\/\/iletim.istanbul.edu.tr\/index.php\/wp-json\/wp\/v2\/comments?post=7659"}],"version-history":[{"count":0,"href":"https:\/\/iletim.istanbul.edu.tr\/index.php\/wp-json\/wp\/v2\/posts\/7659\/revisions"}],"wp:featuredmedia":[{"embeddable":true,"href":"https:\/\/iletim.istanbul.edu.tr\/index.php\/wp-json\/wp\/v2\/media\/7670"}],"wp:attachment":[{"href":"https:\/\/iletim.istanbul.edu.tr\/index.php\/wp-json\/wp\/v2\/media?parent=7659"}],"wp:term":[{"taxonomy":"category","embeddable":true,"href":"https:\/\/iletim.istanbul.edu.tr\/index.php\/wp-json\/wp\/v2\/categories?post=7659"},{"taxonomy":"post_tag","embeddable":true,"href":"https:\/\/iletim.istanbul.edu.tr\/index.php\/wp-json\/wp\/v2\/tags?post=7659"}],"curies":[{"name":"wp","href":"https:\/\/api.w.org\/{rel}","templated":true}]}}