{"id":7678,"date":"2018-12-19T13:58:58","date_gmt":"2018-12-19T10:58:58","guid":{"rendered":"https:\/\/iletim.istanbul.edu.tr\/?p=7678"},"modified":"2018-12-21T09:34:45","modified_gmt":"2018-12-21T06:34:45","slug":"iskenceye-ugrayan-papagan-veteriner-fakultesinde-iyilesiyor","status":"publish","type":"post","link":"https:\/\/iletim.istanbul.edu.tr\/index.php\/2018\/12\/19\/iskenceye-ugrayan-papagan-veteriner-fakultesinde-iyilesiyor\/","title":{"rendered":"\u0130\u015fkenceye U\u011frayan Papa\u011fan Veteriner Fak\u00fcltesi&#8217;nde \u0130yile\u015fiyor"},"content":{"rendered":"<p><strong>Tu\u011f\u00e7e AY\u00c7\u0130N<\/strong><\/p>\n<p>\u0130\u015fkence edilmesiyle g\u00fcndeme gelen ve medyada b\u00fcy\u00fck yank\u0131 uyand\u0131ran papa\u011fan, \u0130stanbul \u00dcniversitesi Cerrahpa\u015fa Veteriner Fak\u00fcltesi&#8217;nde tedavi ediliyor. Papa\u011fan\u0131n durumu hakk\u0131nda Veterinerlik Cerrahi Anabilim Dal\u0131 \u00d6\u011fretim \u00dcyesi Prof. Dr. Serhat \u00d6zsoy \u0130letim gazetesine bilgi verdi.<\/p>\n<p>Eski bir televizyon program\u0131 yar\u0131\u015fmac\u0131s\u0131n\u0131n, papa\u011fan\u0131na i\u015fkence ederek sosyal medyada yay\u0131nlad\u0131\u011f\u0131 video, b\u00fcy\u00fck tepki toplam\u0131\u015ft\u0131. Papa\u011fana eziyet eden \u015fah\u0131s hakk\u0131nda yap\u0131lan \u015fik\u00e2yetler ve su\u00e7 duyurusunun ard\u0131ndan adli i\u015flemler ba\u015flat\u0131ld\u0131 ve papa\u011fan \u015fah\u0131stan al\u0131nd\u0131. Papa\u011fan, Do\u011fa Koruma Milli Parklar Genel M\u00fcd\u00fcrl\u00fc\u011f\u00fc taraf\u0131ndan \u0130stanbul \u00dcniversitesi Cerrahpa\u015fa Veteriner Fak\u00fcltesi Acil Klini\u011fi&#8217;ne g\u00f6t\u00fcr\u00fcld\u00fc, tedavi alt\u0131na al\u0131nd\u0131.<\/p>\n<p><img decoding=\"async\" class=\"alignnone wp-image-7688 size-large\" src=\"https:\/\/iletim.istanbul.edu.tr\/wp-content\/uploads\/4-8-1024x576.jpg\" alt=\"\" width=\"702\" height=\"395\" srcset=\"https:\/\/iletim.istanbul.edu.tr\/wp-content\/uploads\/4-8-1024x576.jpg 1024w, https:\/\/iletim.istanbul.edu.tr\/wp-content\/uploads\/4-8-300x169.jpg 300w, https:\/\/iletim.istanbul.edu.tr\/wp-content\/uploads\/4-8-768x432.jpg 768w, https:\/\/iletim.istanbul.edu.tr\/wp-content\/uploads\/4-8.jpg 1600w\" sizes=\"(max-width: 702px) 100vw, 702px\" \/><\/p>\n<p><strong>\u201cPapa\u011fan Eziyete U\u011fram\u0131\u015f\u201d<\/strong><\/p>\n<p>Papa\u011fan\u0131n sa\u011fl\u0131k durumu hakk\u0131nda a\u00e7\u0131klamalarda bulunan Prof. Dr. \u00d6zsoy, &#8220;Afrika Gri Papa\u011fan\u0131 t\u00fcr\u00fcndeki bu papa\u011fan, medyada da yer ald\u0131\u011f\u0131 gibi bir ki\u015fi taraf\u0131ndan ciddi bi\u00e7imde darp edilmi\u015f, eziyete u\u011fram\u0131\u015f. Muayenesini yapt\u0131\u011f\u0131m\u0131zda g\u00f6z, kafa ve yanak b\u00f6lgeleri civar\u0131nda kan oturmalar\u0131 ve darp izleri g\u00f6rd\u00fck&#8221; \u015feklinde konu\u015ftu. Ayn\u0131 zamanda papa\u011fan\u0131n bir aya\u011f\u0131nda, diz ekleminde de \u00e7\u0131k\u0131k oldu\u011funu kaydeden Prof. Dr. \u00d6zsoy, ilk g\u00fcn gerekli tedavilerin yap\u0131ld\u0131\u011f\u0131n\u0131, papa\u011fan\u0131n beslenmesinin ve strese kar\u015f\u0131 korunmas\u0131n\u0131n ger\u00e7ekle\u015ftirildi\u011fini belirtti.<\/p>\n<p><img decoding=\"async\" class=\"alignnone wp-image-7689 size-large\" src=\"https:\/\/iletim.istanbul.edu.tr\/wp-content\/uploads\/1-9-1024x576.jpg\" alt=\"\" width=\"702\" height=\"395\" srcset=\"https:\/\/iletim.istanbul.edu.tr\/wp-content\/uploads\/1-9-1024x576.jpg 1024w, https:\/\/iletim.istanbul.edu.tr\/wp-content\/uploads\/1-9-300x169.jpg 300w, https:\/\/iletim.istanbul.edu.tr\/wp-content\/uploads\/1-9-768x432.jpg 768w, https:\/\/iletim.istanbul.edu.tr\/wp-content\/uploads\/1-9.jpg 1600w\" sizes=\"(max-width: 702px) 100vw, 702px\" \/><\/p>\n<p><strong>\u201c\u0130yile\u015febilece\u011fini Umut Ediyoruz\u201d<\/strong><\/p>\n<p>Papa\u011fan\u0131n bug\u00fcn operasyona al\u0131nd\u0131\u011f\u0131n\u0131 ve genel durumunun iyi oldu\u011funu aktaran Prof. Dr. \u00d6zsoy, \u201cPapa\u011fan\u0131n diz eklemini tespit ettik. \u0130yile\u015fene kadar hospitalizasyonu ve rehabilitasyonu bizim taraf\u0131m\u0131zdan yap\u0131lacak\u201d diye konu\u015ftu. Diz eklemi \u00e7\u0131k\u0131\u011f\u0131n\u0131n olduk\u00e7a k\u00f6t\u00fc bir bozukluk oldu\u011funu s\u00f6yleyen Prof. Dr. \u00d6zsoy ifadelerini \u015fu \u015fekilde sonland\u0131rd\u0131: \u201cDiz eklemindeki bu duruma ra\u011fmen papa\u011fan\u0131n iyile\u015febilece\u011fini umut ediyoruz. Ba\u015f\u0131ndaki \u015fi\u015fliklerin de yava\u015f yava\u015f ge\u00e7meye ba\u015flad\u0131\u011f\u0131n\u0131 g\u00f6r\u00fcyoruz. Hayvan \u00e7ok stresli; yakla\u015ft\u0131\u011f\u0131n\u0131z zaman ba\u011f\u0131r\u0131yor, \u00e7\u0131\u011fl\u0131k at\u0131yor. Zaman zaman bunun i\u00e7in karanl\u0131k yerde, sakin bir \u015fekilde tutmaya \u00e7al\u0131\u015f\u0131yoruz. Bu durumun da yava\u015f yava\u015f ge\u00e7ece\u011fini tahmin ediyoruz.\u201d<\/p>\n<div id='gallery_1' class='gallery galleryid-7678 gallery-columns-4 gallery-size-medium'><figure class='gallery-item'>\n                <div class='gallery-icon landscape'>\n                    <a href='https:\/\/iletim.istanbul.edu.tr\/wp-content\/uploads\/2-13.jpg'><img loading=\"lazy\" decoding=\"async\" width=\"300\" height=\"169\" src=\"\" class=\"attachment-medium size-medium lazyload\" alt=\"\" data-src=\"https:\/\/iletim.istanbul.edu.tr\/wp-content\/uploads\/2-13-300x169.jpg\" data-sizes=\"auto\" data-srcset=\"https:\/\/iletim.istanbul.edu.tr\/wp-content\/uploads\/2-13-300x169.jpg 300w, https:\/\/iletim.istanbul.edu.tr\/wp-content\/uploads\/2-13-768x432.jpg 768w, https:\/\/iletim.istanbul.edu.tr\/wp-content\/uploads\/2-13-1024x576.jpg 1024w, https:\/\/iletim.istanbul.edu.tr\/wp-content\/uploads\/2-13.jpg 1600w\" data-expand=\"700\" \/><\/a>\n                <\/div><\/figure><figure class='gallery-item'>\n                <div class='gallery-icon landscape'>\n                    <a href='https:\/\/iletim.istanbul.edu.tr\/wp-content\/uploads\/3-9.jpg'><img loading=\"lazy\" decoding=\"async\" width=\"300\" height=\"169\" src=\"\" class=\"attachment-medium size-medium lazyload\" alt=\"\" data-src=\"https:\/\/iletim.istanbul.edu.tr\/wp-content\/uploads\/3-9-300x169.jpg\" data-sizes=\"auto\" data-srcset=\"https:\/\/iletim.istanbul.edu.tr\/wp-content\/uploads\/3-9-300x169.jpg 300w, https:\/\/iletim.istanbul.edu.tr\/wp-content\/uploads\/3-9-768x432.jpg 768w, https:\/\/iletim.istanbul.edu.tr\/wp-content\/uploads\/3-9-1024x576.jpg 1024w, https:\/\/iletim.istanbul.edu.tr\/wp-content\/uploads\/3-9.jpg 1600w\" data-expand=\"700\" \/><\/a>\n                <\/div><\/figure><figure class='gallery-item'>\n                <div class='gallery-icon landscape'>\n                    <a href='https:\/\/iletim.istanbul.edu.tr\/wp-content\/uploads\/6-8.jpg'><img loading=\"lazy\" decoding=\"async\" width=\"300\" height=\"169\" src=\"\" class=\"attachment-medium size-medium lazyload\" alt=\"\" data-src=\"https:\/\/iletim.istanbul.edu.tr\/wp-content\/uploads\/6-8-300x169.jpg\" data-sizes=\"auto\" data-srcset=\"https:\/\/iletim.istanbul.edu.tr\/wp-content\/uploads\/6-8-300x169.jpg 300w, https:\/\/iletim.istanbul.edu.tr\/wp-content\/uploads\/6-8-768x432.jpg 768w, https:\/\/iletim.istanbul.edu.tr\/wp-content\/uploads\/6-8-1024x576.jpg 1024w, https:\/\/iletim.istanbul.edu.tr\/wp-content\/uploads\/6-8.jpg 1600w\" data-expand=\"700\" \/><\/a>\n                <\/div><\/figure><figure class='gallery-item'>\n                <div class='gallery-icon landscape'>\n                    <a href='https:\/\/iletim.istanbul.edu.tr\/wp-content\/uploads\/7-3.jpg'><img loading=\"lazy\" decoding=\"async\" width=\"300\" height=\"169\" src=\"\" class=\"attachment-medium size-medium lazyload\" alt=\"\" data-src=\"https:\/\/iletim.istanbul.edu.tr\/wp-content\/uploads\/7-3-300x169.jpg\" data-sizes=\"auto\" data-srcset=\"https:\/\/iletim.istanbul.edu.tr\/wp-content\/uploads\/7-3-300x169.jpg 300w, https:\/\/iletim.istanbul.edu.tr\/wp-content\/uploads\/7-3-768x432.jpg 768w, https:\/\/iletim.istanbul.edu.tr\/wp-content\/uploads\/7-3-1024x576.jpg 1024w, https:\/\/iletim.istanbul.edu.tr\/wp-content\/uploads\/7-3.jpg 1600w\" data-expand=\"700\" \/><\/a>\n                <\/div><\/figure><br style=\"clear: both\" \/><figure class='gallery-item'>\n                <div class='gallery-icon landscape'>\n                    <a href='https:\/\/iletim.istanbul.edu.tr\/wp-content\/uploads\/8-5.jpg'><img loading=\"lazy\" decoding=\"async\" width=\"300\" height=\"169\" src=\"\" class=\"attachment-medium size-medium lazyload\" alt=\"\" data-src=\"https:\/\/iletim.istanbul.edu.tr\/wp-content\/uploads\/8-5-300x169.jpg\" data-sizes=\"auto\" data-srcset=\"https:\/\/iletim.istanbul.edu.tr\/wp-content\/uploads\/8-5-300x169.jpg 300w, https:\/\/iletim.istanbul.edu.tr\/wp-content\/uploads\/8-5-768x432.jpg 768w, https:\/\/iletim.istanbul.edu.tr\/wp-content\/uploads\/8-5-1024x576.jpg 1024w, https:\/\/iletim.istanbul.edu.tr\/wp-content\/uploads\/8-5.jpg 1600w\" data-expand=\"700\" \/><\/a>\n                <\/div><\/figure><figure class='gallery-item'>\n                <div class='gallery-icon landscape'>\n                    <a href='https:\/\/iletim.istanbul.edu.tr\/wp-content\/uploads\/9-4.jpg'><img loading=\"lazy\" decoding=\"async\" width=\"300\" height=\"169\" src=\"\" class=\"attachment-medium size-medium lazyload\" alt=\"\" data-src=\"https:\/\/iletim.istanbul.edu.tr\/wp-content\/uploads\/9-4-300x169.jpg\" data-sizes=\"auto\" data-srcset=\"https:\/\/iletim.istanbul.edu.tr\/wp-content\/uploads\/9-4-300x169.jpg 300w, https:\/\/iletim.istanbul.edu.tr\/wp-content\/uploads\/9-4-768x432.jpg 768w, https:\/\/iletim.istanbul.edu.tr\/wp-content\/uploads\/9-4-1024x576.jpg 1024w, https:\/\/iletim.istanbul.edu.tr\/wp-content\/uploads\/9-4.jpg 1600w\" data-expand=\"700\" \/><\/a>\n                <\/div><\/figure><figure class='gallery-item'>\n                <div class='gallery-icon landscape'>\n                    <a href='https:\/\/iletim.istanbul.edu.tr\/wp-content\/uploads\/10-2.jpg'><img loading=\"lazy\" decoding=\"async\" width=\"300\" height=\"169\" src=\"\" class=\"attachment-medium size-medium lazyload\" alt=\"\" data-src=\"https:\/\/iletim.istanbul.edu.tr\/wp-content\/uploads\/10-2-300x169.jpg\" data-sizes=\"auto\" data-srcset=\"https:\/\/iletim.istanbul.edu.tr\/wp-content\/uploads\/10-2-300x169.jpg 300w, https:\/\/iletim.istanbul.edu.tr\/wp-content\/uploads\/10-2-768x432.jpg 768w, https:\/\/iletim.istanbul.edu.tr\/wp-content\/uploads\/10-2-1024x576.jpg 1024w, https:\/\/iletim.istanbul.edu.tr\/wp-content\/uploads\/10-2.jpg 1600w\" data-expand=\"700\" \/><\/a>\n                <\/div><\/figure>\n                <br style='clear: both' \/>\n            <\/div>\n\n","protected":false},"excerpt":{"rendered":"<p>Tu\u011f\u00e7e AY\u00c7\u0130N \u0130\u015fkence edilmesiyle g\u00fcndeme gelen ve medyada b\u00fcy\u00fck yank\u0131 uyand\u0131ran papa\u011fan, \u0130stanbul \u00dcniversitesi Cerrahpa\u015fa Veteriner Fak\u00fcltesi&#8217;nde tedavi ediliyor. Papa\u011fan\u0131n durumu hakk\u0131nda Veterinerlik Cerrahi Anabilim Dal\u0131 \u00d6\u011fretim \u00dcyesi Prof. Dr. Serhat \u00d6zsoy \u0130letim gazetesine bilgi verdi. Eski bir televizyon program\u0131 yar\u0131\u015fmac\u0131s\u0131n\u0131n, papa\u011fan\u0131na i\u015fkence ederek sosyal medyada yay\u0131nlad\u0131\u011f\u0131 video, b\u00fcy\u00fck tepki toplam\u0131\u015ft\u0131. Papa\u011fana eziyet eden \u015fah\u0131s [&hellip;]<\/p>\n","protected":false},"author":14,"featured_media":7685,"comment_status":"open","ping_status":"open","sticky":false,"template":"","format":"standard","meta":{"jnews-multi-image_gallery":[],"jnews_single_post":[],"jnews_primary_category":[],"jnews_social_meta":[],"jnews_override_counter":[],"footnotes":""},"categories":[32],"tags":[529,132,618,619],"class_list":["post-7678","post","type-post","status-publish","format-standard","has-post-thumbnail","hentry","category-saglik","tag-istanbul-universitesi-cerrahpasa","tag-papagan","tag-papagan-tedavisi","tag-prof-dr-serhat-ozsoy"],"_links":{"self":[{"href":"https:\/\/iletim.istanbul.edu.tr\/index.php\/wp-json\/wp\/v2\/posts\/7678","targetHints":{"allow":["GET"]}}],"collection":[{"href":"https:\/\/iletim.istanbul.edu.tr\/index.php\/wp-json\/wp\/v2\/posts"}],"about":[{"href":"https:\/\/iletim.istanbul.edu.tr\/index.php\/wp-json\/wp\/v2\/types\/post"}],"author":[{"embeddable":true,"href":"https:\/\/iletim.istanbul.edu.tr\/index.php\/wp-json\/wp\/v2\/users\/14"}],"replies":[{"embeddable":true,"href":"https:\/\/iletim.istanbul.edu.tr\/index.php\/wp-json\/wp\/v2\/comments?post=7678"}],"version-history":[{"count":0,"href":"https:\/\/iletim.istanbul.edu.tr\/index.php\/wp-json\/wp\/v2\/posts\/7678\/revisions"}],"wp:featuredmedia":[{"embeddable":true,"href":"https:\/\/iletim.istanbul.edu.tr\/index.php\/wp-json\/wp\/v2\/media\/7685"}],"wp:attachment":[{"href":"https:\/\/iletim.istanbul.edu.tr\/index.php\/wp-json\/wp\/v2\/media?parent=7678"}],"wp:term":[{"taxonomy":"category","embeddable":true,"href":"https:\/\/iletim.istanbul.edu.tr\/index.php\/wp-json\/wp\/v2\/categories?post=7678"},{"taxonomy":"post_tag","embeddable":true,"href":"https:\/\/iletim.istanbul.edu.tr\/index.php\/wp-json\/wp\/v2\/tags?post=7678"}],"curies":[{"name":"wp","href":"https:\/\/api.w.org\/{rel}","templated":true}]}}