{"id":7714,"date":"2018-12-21T09:41:19","date_gmt":"2018-12-21T06:41:19","guid":{"rendered":"https:\/\/iletim.istanbul.edu.tr\/?p=7714"},"modified":"2018-12-21T09:42:05","modified_gmt":"2018-12-21T06:42:05","slug":"misirdan-turkiyeye-egitim-seruveni","status":"publish","type":"post","link":"https:\/\/iletim.istanbul.edu.tr\/index.php\/2018\/12\/21\/misirdan-turkiyeye-egitim-seruveni\/","title":{"rendered":"M\u0131s\u0131r\u2019dan T\u00fcrkiye\u2019ye E\u011fitim Ser\u00fcveni"},"content":{"rendered":"<p><strong>Murat KASAP<\/strong><\/p>\n<p>Kuruldu\u011fu tarihten bu yana yerli ve yabanc\u0131 say\u0131s\u0131z ba\u015far\u0131l\u0131 \u00f6\u011frenciyi a\u011f\u0131rlamaya devam eden \u0130stanbul \u00dcniversitesi \u0130leti\u015fim Fak\u00fcltesi\u2019nin yabanc\u0131 \u00f6\u011frencilerinden Ahmed Yo, mezun olmas\u0131n\u0131n ard\u0131ndan T\u00fcrkiye&#8217;de geride b\u0131rakt\u0131\u011f\u0131 y\u0131llar\u0131 de\u011ferlendirdi.<\/p>\n<p>T\u00fcrkiye&#8217;de bulundu\u011fu ilk senelerin zor ge\u00e7ti\u011fini s\u00f6yleyen \u0130leti\u015fim Fak\u00fcltesi Gazetecilik B\u00f6l\u00fcm\u00fc 2018 y\u0131l\u0131 mezunu Ahmed Yo, T\u00fcrkiye&#8217;de bulundu\u011fu 4 y\u0131lda bir\u00e7ok tecr\u00fcbe kazand\u0131\u011f\u0131 belirterek &#8220;T\u00fcrkiye&#8217;de bulundu\u011fum ilk 2 sene biraz zor ge\u00e7ti. Zamanla T\u00fcrk diline ve k\u00fclt\u00fcr\u00fcne al\u0131\u015fmaya ba\u015flad\u0131m. \u0130lk 2 sene T\u00fcrk\u00e7em iyi olmad\u0131\u011f\u0131 i\u00e7in birka\u00e7 dersten kald\u0131m. Bu seneler benim i\u00e7in \u00e7ok zor ge\u00e7ti, hi\u00e7 bilmedi\u011fim bir \u00fclke ve k\u00fclt\u00fcrd\u00fc. Buraya gelmeden \u00f6nce T\u00fcrk k\u00fclt\u00fcr\u00fcn\u00fcn daha kapal\u0131 oldu\u011funu d\u00fc\u015f\u00fcnd\u00fcm ama \u00f6yle de\u011filmi\u015f. T\u00fcrk dilini \u00f6\u011frendik\u00e7e insanlarla ileti\u015fime daha kolay ge\u00e7meye ba\u015flad\u0131m ve b\u00f6ylece T\u00fcrk k\u00fclt\u00fcr\u00fcn\u00fc daha yak\u0131ndan tan\u0131ma f\u0131rsat\u0131 yakalad\u0131m&#8221; diyerek T\u00fcrk\u00e7e\u2019yi \u00f6\u011frenirken olduk\u00e7a zorland\u0131\u011f\u0131n\u0131n alt\u0131n\u0131 \u00e7izdi.<\/p>\n<p><strong>M\u0131s\u0131r K\u00fclt\u00fcr\u00fc ve T\u00fcrk K\u00fclt\u00fcr\u00fc Benzer<\/strong><\/p>\n<p>T\u00fcrk dilinin telaffuzunun olduk\u00e7a zor oldu\u011funu ayr\u0131ca M\u0131s\u0131r k\u00fclt\u00fcr\u00fcyle T\u00fcrk k\u00fclt\u00fcr\u00fcn\u00fcn olduk\u00e7a benzer yanlar\u0131 oldu\u011funu ifade eden Yo, &#8220;T\u00fcrk dilinde en zorland\u0131\u011f\u0131m konu telaffuz konusu oldu. Ama zamanla kendimi bu konuda geli\u015ftirdim. Ayr\u0131ca M\u0131s\u0131r k\u00fclt\u00fcr\u00fcn\u00fcn T\u00fcrk k\u00fclt\u00fcr\u00fcne benzeyen bir\u00e7ok y\u00f6n\u00fc oldu\u011funu ke\u015ffettim. M\u0131s\u0131r&#8217;da ya\u015fad\u0131\u011f\u0131m hayat\u0131n ayn\u0131s\u0131n\u0131 burada da ya\u015fayabiliyordum. Ayr\u0131ca T\u00fcrk insanlar\u0131 \u00e7ok s\u0131cakkanl\u0131 ve sevecen, beni kendi evimde gibi hissettiriyorlar. G\u00fczel bir maceran\u0131n ard\u0131ndan bu y\u0131l mezun oldum. E\u011fer i\u015f olana\u011f\u0131 bulabilirsem T\u00fcrkiye&#8217;de kalmak isterim&#8221; dedi.<\/p>\n<p>4 y\u0131ll\u0131k bir maceran\u0131n ard\u0131ndan mezun oldu\u011fu \u0130stanbul \u00dcniversitesi&#8217;ne de de\u011finen Yo, &#8220;Buradaki 4 y\u0131l\u0131mda hocalarla ve arkada\u015flar\u0131mla \u00e7ok g\u00fczel g\u00fcnler ge\u00e7irdim. Beraber bir\u00e7ok \u015fey yapt\u0131k. Hocalar\u0131m\u0131z bize \u00f6\u011frenciden ziyade bir dost gibi yakla\u015f\u0131yorlar. \u00d6zellikle bunu \u00e7ok be\u011fendim. Ayr\u0131ca okulumu \u00e7ok be\u011fendim, uluslararas\u0131 itibar\u0131 var ve bu y\u00fczden buray\u0131 tercih ettim. Okulumdan kazand\u0131\u011f\u0131m tecr\u00fcbelerle ileride bir spor muhabiri ya da akademisyen olmak istiyorum ayr\u0131ca k\u00fc\u00e7\u00fckl\u00fc\u011f\u00fcmden beri i\u00e7imde bir futbol sevgisi var\u201d \u015feklinde konu\u015ftu. Yo, \u201cSon olarak herkesin merak etti\u011fi bir ikizim var, o da \u0130\u015fletme Fak\u00fcltesi\u2019ni bitirdi\u201d dedi.<\/p>\n","protected":false},"excerpt":{"rendered":"<p>Kuruldu\u011fu tarihten bu yana yerli ve yabanc\u0131 say\u0131s\u0131z ba\u015far\u0131l\u0131 \u00f6\u011frenciyi a\u011f\u0131rlamaya devam eden \u0130stanbul \u00dcniversitesi \u0130leti\u015fim Fak\u00fcltesi\u2019nin yabanc\u0131 \u00f6\u011frencilerinden Ahmed Yo, mezun olmas\u0131n\u0131n ard\u0131ndan T\u00fcrkiye&#8217;de geride b\u0131rakt\u0131\u011f\u0131 y\u0131llar\u0131 de\u011ferlendirdi.<\/p>\n","protected":false},"author":14,"featured_media":7715,"comment_status":"open","ping_status":"open","sticky":false,"template":"","format":"standard","meta":{"jnews-multi-image_gallery":[],"jnews_single_post":[],"jnews_primary_category":[],"jnews_social_meta":[],"jnews_override_counter":[],"footnotes":""},"categories":[178],"tags":[],"class_list":["post-7714","post","type-post","status-publish","format-standard","has-post-thumbnail","hentry","category-fakultemizden"],"_links":{"self":[{"href":"https:\/\/iletim.istanbul.edu.tr\/index.php\/wp-json\/wp\/v2\/posts\/7714","targetHints":{"allow":["GET"]}}],"collection":[{"href":"https:\/\/iletim.istanbul.edu.tr\/index.php\/wp-json\/wp\/v2\/posts"}],"about":[{"href":"https:\/\/iletim.istanbul.edu.tr\/index.php\/wp-json\/wp\/v2\/types\/post"}],"author":[{"embeddable":true,"href":"https:\/\/iletim.istanbul.edu.tr\/index.php\/wp-json\/wp\/v2\/users\/14"}],"replies":[{"embeddable":true,"href":"https:\/\/iletim.istanbul.edu.tr\/index.php\/wp-json\/wp\/v2\/comments?post=7714"}],"version-history":[{"count":0,"href":"https:\/\/iletim.istanbul.edu.tr\/index.php\/wp-json\/wp\/v2\/posts\/7714\/revisions"}],"wp:featuredmedia":[{"embeddable":true,"href":"https:\/\/iletim.istanbul.edu.tr\/index.php\/wp-json\/wp\/v2\/media\/7715"}],"wp:attachment":[{"href":"https:\/\/iletim.istanbul.edu.tr\/index.php\/wp-json\/wp\/v2\/media?parent=7714"}],"wp:term":[{"taxonomy":"category","embeddable":true,"href":"https:\/\/iletim.istanbul.edu.tr\/index.php\/wp-json\/wp\/v2\/categories?post=7714"},{"taxonomy":"post_tag","embeddable":true,"href":"https:\/\/iletim.istanbul.edu.tr\/index.php\/wp-json\/wp\/v2\/tags?post=7714"}],"curies":[{"name":"wp","href":"https:\/\/api.w.org\/{rel}","templated":true}]}}