{"id":7761,"date":"2018-12-26T10:23:44","date_gmt":"2018-12-26T07:23:44","guid":{"rendered":"https:\/\/iletim.istanbul.edu.tr\/?p=7761"},"modified":"2019-05-10T15:03:22","modified_gmt":"2019-05-10T12:03:22","slug":"yaslilarin-toplum-icindeki-yeri-degisiyor","status":"publish","type":"post","link":"https:\/\/iletim.istanbul.edu.tr\/index.php\/2018\/12\/26\/yaslilarin-toplum-icindeki-yeri-degisiyor\/","title":{"rendered":"Ya\u015fl\u0131lar\u0131n Toplum \u0130\u00e7indeki Yeri De\u011fi\u015fiyor"},"content":{"rendered":"<p><strong>F\u0131rat ORMANCI, Beste BUDAN<\/strong><br \/>\n<strong>Foto\u011fraf: O\u011fuz ARAT<\/strong><\/p>\n<aside class=\"modern-quote pull alignright\">Ya\u015fl\u0131l\u0131k, bireyin biyolojik sa\u011fl\u0131\u011f\u0131, zihinsel durumu ve toplumsal i\u015flevi gibi \u00f6zellikler a\u00e7\u0131s\u0131ndan de\u011fi\u015fik anlamlar\u0131 i\u00e7inde bar\u0131nd\u0131ran bir olgudur. \u0130nsanl\u0131k tarihi boyunca ya\u015fl\u0131lar, toplumun olduk\u00e7a \u00f6nemli ve i\u015flevsel bir kesimini olu\u015fturuyor.\u00a0\u0130stanbul \u00dcniversitesi Edebiyat Fak\u00fcltesi Antropoloji B\u00f6l\u00fcm\u00fc Fiziki Antropoloji Anabilim Dal\u0131 \u00d6\u011fretim \u00dcyesi Prof. Dr. \u0130zzet Duyar, ya\u015flanma s\u00fcrecini ve ya\u015flanman\u0131n d\u00f6nemler boyu \u00f6nemini anlatt\u0131.<\/aside>\n<p>Ya\u015fl\u0131l\u0131\u011f\u0131n antropolojik a\u00e7\u0131dan ve sosyal bilimler a\u00e7\u0131s\u0131ndan \u00f6nemle incelenen bir konu oldu\u011funu ifade eden Prof. Dr. Duyar, \u201cYa\u015fl\u0131l\u0131k, antropolojik olarak insanl\u0131\u011f\u0131 hem biyolojik hem de k\u00fclt\u00fcrel olarak yans\u0131tan bir d\u00f6nemdir. \u0130nsanlar\u0131n hayat\u0131 \u00e7ocukluk, ergenlik, ya\u015fl\u0131l\u0131k gibi pek \u00e7ok farkl\u0131 d\u00f6nemlere ayr\u0131l\u0131r. Her d\u00f6nemin kendine has \u00f6zelliklerini incelemek amac\u0131yla, antropolojik olarak ay\u0131rd\u0131\u011f\u0131m\u0131z bu d\u00f6nemlerde ya\u015fl\u0131l\u0131\u011f\u0131 da incelemekteyiz\u201d dedi.<\/p>\n<p><strong>Ya\u015fl\u0131l\u0131k \u0130nsanl\u0131k Tarihi \u0130\u00e7in Yeni Bir Olgu<\/strong><\/p>\n<p>Prof. Dr. Duyar, \u201cAntropoloji a\u00e7\u0131s\u0131ndan ayd\u0131nlat\u0131lmas\u0131 gereken konulardan biri g\u00fcn\u00fcm\u00fczdeki ya\u015fl\u0131 insanlar\u0131n g\u00f6r\u00fcn\u00fcm\u00fcn\u00fcn ve v\u00fccut yap\u0131s\u0131n\u0131n ge\u00e7mi\u015fteki insanlarda da var olup olmad\u0131\u011f\u0131d\u0131r\u201d diyerek fosiller ve insan kemikleri \u00fczerinde yap\u0131lan \u00e7al\u0131\u015fmalarda ya\u015fl\u0131l\u0131\u011f\u0131n insanl\u0131k tarihi i\u00e7in yeni bir olgu olarak kar\u015f\u0131m\u0131za \u00e7\u0131kt\u0131\u011f\u0131n\u0131 ifade etti.<\/p>\n<p>Ya\u015fl\u0131 n\u00fcfusun pop\u00fclasyon i\u00e7erisinde artmas\u0131n\u0131n sebebi olarak dayan\u0131\u015fmac\u0131 toplumlar\u0131n olu\u015fmas\u0131n\u0131 g\u00f6steren Prof. Dr. Duyar, \u201cKu\u015faklar aras\u0131 dayan\u0131\u015fman\u0131n artmas\u0131 uzun ya\u015fl\u0131l\u0131k evresinde olduk\u00e7a etkilidir. Bir insan \u00e7ocuklar\u0131n\u0131n ya\u015fam\u0131na yard\u0131mc\u0131 olup, tecr\u00fcbelerini aktard\u0131ktan sonra ayn\u0131 \u015fekilde torunlar\u0131n\u0131n ya\u015fam\u0131na da yard\u0131m ediyor ve onlara da tecr\u00fcbelerini aktar\u0131yor. Genellikle di\u011fer canl\u0131larda bu t\u00fcr bir yard\u0131mla\u015fma t\u00fcr\u00fc g\u00f6r\u00fclmez. Sadece kendi yavrusuna destek olur ve onu b\u00fcy\u00fct\u00fcr. \u0130nsano\u011flu bu nokta da di\u011fer canl\u0131lardan ayr\u0131lmaktad\u0131r. \u0130nsano\u011flundaki yard\u0131mla\u015fma, farkl\u0131 bir boyuta \u00e7\u0131km\u0131\u015ft\u0131r\u201d \u015feklinde konu\u015ftu.<\/p>\n<figure id=\"attachment_7773\" aria-describedby=\"caption-attachment-7773\" style=\"width: 215px\" class=\"wp-caption alignnone\"><img decoding=\"async\" class=\"wp-image-7773 size-medium\" src=\"https:\/\/iletim.istanbul.edu.tr\/wp-content\/uploads\/WhatsApp-Image-2016-12-23-at-13.33.58-215x300.jpeg\" alt=\"\" width=\"215\" height=\"300\" srcset=\"https:\/\/iletim.istanbul.edu.tr\/wp-content\/uploads\/WhatsApp-Image-2016-12-23-at-13.33.58-215x300.jpeg 215w, https:\/\/iletim.istanbul.edu.tr\/wp-content\/uploads\/WhatsApp-Image-2016-12-23-at-13.33.58.jpeg 697w\" sizes=\"(max-width: 215px) 100vw, 215px\" \/><figcaption id=\"caption-attachment-7773\" class=\"wp-caption-text\">Prof. Dr. \u0130zzet DUYAR<\/figcaption><\/figure>\n<p><strong>Gelenekler Korunarak Ya\u015fl\u0131lara \u00d6nem Veriliyor<\/strong><\/p>\n<p>Sanayi Devrimi ile birlikte ya\u015fl\u0131 n\u00fcfusun art\u0131\u015f\u0131nda ikinci b\u00fcy\u00fck s\u0131\u00e7rama ya\u015fand\u0131\u011f\u0131n\u0131 vurgulayan Prof. Dr. Duyar, \u201cT\u00fcrkiye gibi \u00fclkelerde de son 50 &#8211; 60 y\u0131ld\u0131r ya\u015fl\u0131 n\u00fcfusun artt\u0131\u011f\u0131n\u0131 g\u00f6rmekteyiz. Dolay\u0131s\u0131yla antropolojik incelemeler bunlar\u0131 ara\u015ft\u0131rarak art\u0131\u015f nedenlerinin olu\u015fum s\u00fcreci hakk\u0131nda bir bilgi olu\u015fmas\u0131n\u0131 sa\u011flar. De\u011fi\u015fen ya\u015fam bi\u00e7imi ile birlikte ya\u015fl\u0131n\u0131n toplum i\u00e7indeki konumu da de\u011fi\u015fmi\u015ftir\u201d dedi.<\/p>\n<p>\u201cUzakdo\u011fu toplumlar\u0131nda hala gelenekler korunarak ya\u015fl\u0131lara \u00f6nem verilmekte ve teknolojik geli\u015fmeler artsa bile ya\u015fl\u0131 insanlar\u0131n toplumdaki \u00f6neminin azalmamas\u0131na \u00f6nem verilmektedir\u201d diyen Prof. Dr. Duyar, Bat\u0131 toplumlar\u0131nda ya\u015fayan ya\u015fl\u0131lardaki stat\u00fc kayb\u0131n\u0131n Do\u011fu toplumlar\u0131ndaki ya\u015fl\u0131larda ya\u015fanmad\u0131\u011f\u0131n\u0131 belirtti.<\/p>\n<p><strong>Ya\u015fl\u0131 ve \u0130htiyar Farkl\u0131 Anlamlar \u0130\u00e7erir<\/strong><\/p>\n<p>Ya\u015fl\u0131 kavram\u0131n\u0131n dikkat edilerek kullan\u0131lmas\u0131n\u0131n gerekti\u011fini belirten Prof. Dr. Duyar, \u201cYa\u015fl\u0131 kavram\u0131 ve ihtiyar kavram\u0131 farkl\u0131 anlamlara gelmektedir. 5 ya\u015f\u0131ndaki \u00e7ocuk 2 ya\u015f\u0131ndaki \u00e7ocu\u011fa g\u00f6re ya\u015fl\u0131d\u0131r ama 5 ya\u015f\u0131nda oldu\u011fu i\u00e7in ya\u015fl\u0131 de\u011fildir. Ancak 70 ya\u015f\u0131ndaki insan ihtiyard\u0131r, ya\u015f\u0131 b\u00fcy\u00fckt\u00fcr. 50 ya\u015f\u0131n \u00fcst\u00fcndeki insanlara ya\u015fl\u0131 demek yerine ihtiyar demek daha do\u011fru olur\u201d diye konu\u015ftu.<\/p>\n<p>Ne olursa olsun ya\u015fl\u0131lar\u0131n toplumdan kopar\u0131lmamas\u0131 gerekti\u011fini s\u00f6yleyen Prof. Dr. Duyar, ya\u015fl\u0131lar\u0131n hayata daha fazla kat\u0131l\u0131m\u0131n\u0131 sa\u011flayabilmek i\u00e7in \u00e7al\u0131\u015fmalar yap\u0131lmas\u0131 gerekti\u011fini belirtti. Prof. Dr. Duyar, s\u00f6zlerini \u015fu \u015fekilde sonland\u0131rd\u0131: \u201cBir \u015fekilde ya\u015fl\u0131ya, ya\u015fad\u0131\u011f\u0131 mek\u00e2nda hizmet g\u00f6t\u00fcrmeli ve buna uygun ad\u0131mlar atmal\u0131y\u0131z. Ya\u015fl\u0131lar\u0131 huzurevleri gibi ortamlara g\u00f6ndermek yerine, ya\u015fad\u0131\u011f\u0131 ortamda daha \u00e7ok destek vererek hayata ba\u011flanmas\u0131n\u0131 sa\u011flayacak davran\u0131\u015flar sergilemeliyiz.\u201d<\/p>\n","protected":false},"excerpt":{"rendered":"<p>Ya\u015fl\u0131l\u0131k, bireyin biyolojik sa\u011fl\u0131\u011f\u0131, zihinsel durumu ve toplumsal i\u015flevi gibi \u00f6zellikler a\u00e7\u0131s\u0131ndan de\u011fi\u015fik anlamlar\u0131 i\u00e7inde bar\u0131nd\u0131ran bir olgudur. \u0130nsanl\u0131k tarihi boyunca ya\u015fl\u0131lar, toplumun olduk\u00e7a \u00f6nemli ve i\u015flevsel bir kesimini olu\u015fturuyor.\u00a0\u0130stanbul \u00dcniversitesi Edebiyat Fak\u00fcltesi Antropoloji B\u00f6l\u00fcm\u00fc Fiziki Antropoloji Anabilim Dal\u0131 \u00d6\u011fretim \u00dcyesi Prof. Dr. \u0130zzet Duyar, ya\u015flanma s\u00fcrecini ve ya\u015flanman\u0131n d\u00f6nemler boyu \u00f6nemini anlatt\u0131.<\/p>\n","protected":false},"author":14,"featured_media":7767,"comment_status":"open","ping_status":"open","sticky":false,"template":"","format":"standard","meta":{"jnews-multi-image_gallery":[],"jnews_single_post":[],"jnews_primary_category":[],"jnews_social_meta":[],"jnews_override_counter":[],"footnotes":""},"categories":[35],"tags":[],"class_list":["post-7761","post","type-post","status-publish","format-standard","has-post-thumbnail","hentry","category-yasam"],"_links":{"self":[{"href":"https:\/\/iletim.istanbul.edu.tr\/index.php\/wp-json\/wp\/v2\/posts\/7761","targetHints":{"allow":["GET"]}}],"collection":[{"href":"https:\/\/iletim.istanbul.edu.tr\/index.php\/wp-json\/wp\/v2\/posts"}],"about":[{"href":"https:\/\/iletim.istanbul.edu.tr\/index.php\/wp-json\/wp\/v2\/types\/post"}],"author":[{"embeddable":true,"href":"https:\/\/iletim.istanbul.edu.tr\/index.php\/wp-json\/wp\/v2\/users\/14"}],"replies":[{"embeddable":true,"href":"https:\/\/iletim.istanbul.edu.tr\/index.php\/wp-json\/wp\/v2\/comments?post=7761"}],"version-history":[{"count":0,"href":"https:\/\/iletim.istanbul.edu.tr\/index.php\/wp-json\/wp\/v2\/posts\/7761\/revisions"}],"wp:featuredmedia":[{"embeddable":true,"href":"https:\/\/iletim.istanbul.edu.tr\/index.php\/wp-json\/wp\/v2\/media\/7767"}],"wp:attachment":[{"href":"https:\/\/iletim.istanbul.edu.tr\/index.php\/wp-json\/wp\/v2\/media?parent=7761"}],"wp:term":[{"taxonomy":"category","embeddable":true,"href":"https:\/\/iletim.istanbul.edu.tr\/index.php\/wp-json\/wp\/v2\/categories?post=7761"},{"taxonomy":"post_tag","embeddable":true,"href":"https:\/\/iletim.istanbul.edu.tr\/index.php\/wp-json\/wp\/v2\/tags?post=7761"}],"curies":[{"name":"wp","href":"https:\/\/api.w.org\/{rel}","templated":true}]}}