{"id":7812,"date":"2018-12-20T12:21:26","date_gmt":"2018-12-20T09:21:26","guid":{"rendered":"https:\/\/iletim.istanbul.edu.tr\/?p=7812"},"modified":"2018-12-20T12:21:26","modified_gmt":"2018-12-20T09:21:26","slug":"insanligin-ilk-donemlerine-dair-izler-bulundu","status":"publish","type":"post","link":"https:\/\/iletim.istanbul.edu.tr\/index.php\/2018\/12\/20\/insanligin-ilk-donemlerine-dair-izler-bulundu\/","title":{"rendered":"\u0130nsanl\u0131\u011f\u0131n \u0130lk D\u00f6nemlerine Dair \u0130zler Bulundu"},"content":{"rendered":"<p><strong>S\u00fcmeyye YA\u011eCI<\/strong><\/p>\n<p>\u0130nsanl\u0131\u011f\u0131n ilk a\u015famalar\u0131\u00adn\u0131 i\u00e7eren Neolitik d\u00f6nem hakk\u0131nda arkeolojik verile\u00adre ula\u015fmak amac\u0131yla Manyas g\u00f6l\u00fcn\u00fcn do\u011fusunda, \u0130stanbul \u00dcniversitesi Edebiyat Fak\u00fcltesi Tarih \u00d6ncesi Arkeolojisi B\u00f6l\u00fc\u00adm\u00fc taraf\u0131ndan ger\u00e7ekle\u015ftirilen y\u00fczey ara\u015ft\u0131rmalar\u0131nda daha eski bir d\u00f6nem olan Orta Pa\u00adleolitik \u00c7a\u011fa tarihlendirilebilen buluntu alan\u0131 ke\u015ffedildi.<\/p>\n<p>Arkeolojik \u00e7al\u0131\u015fmalar\u0131n y\u00fcr\u00fc\u00adt\u00fclmesine tarihsel birikim a\u00e7\u0131\u00ads\u0131ndan elveri\u015fli olan \u00fclkemizde, ilk faaliyetlerine 1950\u2019lerden itibaren ba\u015flayan \u0130stanbul \u00dcni\u00adversitesi Tarih \u00d6ncesi Arkeoloji si B\u00f6l\u00fcm\u00fc \u00d6\u011fretim \u00dcyesi Do\u00e7. Dr. Eylem \u00d6zdo\u011fan yap\u0131lan \u00e7a\u00adl\u0131\u015fmalar\u0131 anlatt\u0131.<\/p>\n<p>Do\u00e7. Dr. \u00d6zdo\u011fan, \u201cD\u00f6rt farkl\u0131 alanda ancak e\u015f zamanl\u0131 ger\u00ad\u00e7ekle\u015ftirdi\u011fimiz y\u00fczey \u00e7al\u0131\u015f\u00admalar\u0131ndan biri olan Manyas g\u00f6l\u00fc \u00e7evresi buluntu alan\u0131nda d\u00f6nemin toplulu\u011fu hakk\u0131nda g\u00fcncel verilere ula\u015f\u0131ld\u0131.\u00a0Neolitik d\u00f6neme ait buluntu alan\u0131 bulmay\u0131 ama\u00e7lad\u0131k bunun yan\u0131 s\u0131ra Orta Paleolitik \u00c7a\u011fa ula\u015fan verilere de ula\u015f\u0131ld\u0131\u2019\u2019 ifa\u00addelerini kulland\u0131.<\/p>\n<p><strong>\u201c\u0130lk \u00c7al\u0131\u015fmalar 1987\u2019de\u201d <\/strong><\/p>\n<p>\u0130lk arkeolojik \u00e7al\u0131\u015fmalar\u0131n ekip taraf\u0131ndan 2017\u2019de 3 y\u0131ll\u0131k bir proje olarak ba\u015flamas\u0131n\u0131n baz\u0131 nedenleri oldu\u011funu belirten Do\u00e7. Dr. \u00d6zdo\u011fan, \u201cArkeolojik bilgi ar\u015fivi a\u00e7\u0131s\u0131ndan k\u0131s\u0131tl\u0131 veri\u00adlerin oldu\u011funu bildi\u011fimiz Man\u00adyas g\u00f6l\u00fcn\u00fc tercih etmemizin bir sebebi, ekibimizin \u00e7al\u0131\u015fma yo\u011funlu\u011funun Bat\u0131 Anadolu \u00fczerinde olmas\u0131d\u0131r. Dolay\u0131s\u0131yla ayn\u0131 b\u00f6lge i\u00e7inde farkl\u0131 alanlar\u00adda \u00e7al\u0131\u015fmak bizim i\u00e7in avantajl\u0131 noktalar i\u00e7ermekteydi. Bir di\u00ad\u011fer sebebi ise Manyas g\u00f6l\u00fcn\u00adde Neolitik d\u00f6neme ait bulun\u00adtulara ilk olarak 1987 y\u0131l\u0131nda \u00fcniversitemizin anabilim dal\u0131 taraf\u0131ndan ula\u015f\u0131lm\u0131\u015f olmas\u0131d\u0131r\u201d ifadelerini kulland\u0131.<\/p>\n<p><strong>\u201cPaleolitik \u00c7a\u011fda Manyas G\u00f6l\u00fc Yoktu\u201d <\/strong><\/p>\n<p>Topo\u011frafya a\u00e7\u0131s\u0131ndan Paleolitik \u00c7a\u011f ile g\u00fcn\u00fcm\u00fcz\u00fcn farkl\u0131l\u0131klar g\u00f6stermesi ve buluntu verile\u00adrinden bahseden Do\u00e7. Dr. \u00d6z\u00addo\u011fan, \u201cTarihi d\u00f6nemler i\u00e7inde topo\u011frafyalarda de\u011fi\u015fiklikler g\u00f6zlendi. Do\u011fu Anadolu B\u00f6l\u00adgesi y\u00fckselmi\u015fti ve Paleolitik \u00c7a\u011fda Manyas G\u00f6l\u00fcn\u00fcn olu\u015fu\u00admu hen\u00fcz yoktu. \u00c7al\u0131\u015fmam\u0131zda yo\u011fun olarak yontma ta\u015f bu\u00adluntular elde ettik. Bu da Orta Paleolitik \u00c7a\u011fa ait bir buluntu alan\u0131na ula\u015ft\u0131\u011f\u0131m\u0131z sonucunu verdi\u201d diyerek y\u00fczey ara\u015ft\u0131r\u00admas\u0131n\u0131n buluntular \u0131\u015f\u0131\u011f\u0131nda \u00f6ne \u00e7\u0131kan baz\u0131 y\u00f6nleri bulundu\u00ad\u011funu belirtti.<\/p>\n<p>1987 y\u0131l\u0131nda yap\u0131lan \u00e7al\u0131\u015fma ile ekibin verilerinin uyumlu so\u00adnu\u00e7lar verdi\u011fini belirten Do\u00e7. Dr. \u00d6zdo\u011fan, \u201cBiz daha yo\u011fun ve geni\u015f alanda, tarla tarla b\u00fc\u00adt\u00fcn b\u00f6lgeyi \u00e7al\u0131\u015farak toplama yap\u0131ld\u0131\u011f\u0131ndan dolay\u0131 fazla \u00f6r\u00adnek ile ayr\u0131nt\u0131l\u0131 bilgi sa\u011flad\u0131k. Bunun yan\u0131 s\u0131ra verilerimiz tekil de\u011fil yo\u011fun buluntular, yani bu alan\u0131n bir kamp alan\u0131 olabilece\u00ad\u011fi durumu s\u00f6z konusu\u2019\u2019 diyerek bir sonraki ad\u0131m\u0131n bu alanda kaz\u0131 \u00e7al\u0131\u015fmas\u0131n\u0131n yap\u0131lmas\u0131 olabilece\u011fini ifade etti.<\/p>\n<p><strong>\u201cBilgi \u00dcretimine Katk\u0131da Bulunuyoruz\u201d <\/strong><\/p>\n<p>Tarih \u00d6ncesi Arkeolojisi b\u00f6l\u00fc\u00adm\u00fcn\u00fcn 1950\u2019lerden itibaren \u00e7ok aktif ara\u015ft\u0131rmalar y\u00fcr\u00fctt\u00fc\u00ad\u011f\u00fcn\u00fc belirten Do\u00e7. Dr. \u00d6zdo\u00ad\u011fan, \u201cB\u00f6l\u00fcm\u00fcm\u00fcz \u00fclkemizde fazlaca proje ve arazi ara\u015ft\u0131r\u00admas\u0131na sahip. \u00c7al\u0131\u015fmalar\u0131n bir\u00adka\u00e7 faydas\u0131 bulunmakta. Bilgi \u00fcretimine do\u011frudan katk\u0131da bulunuyoruz. Bu tip \u00e7al\u0131\u015fma\u00adlarda \u00f6\u011frenci uzman yeti\u015ftire\u00adbiliyorsunuz. Kaz\u0131ya geliyorlar, tez malzemesi al\u0131yorlar, ara\u015f\u00adt\u0131rmalar yap\u0131yorlar bu sayede kendi alanlar\u0131nda geli\u015fme f\u0131r\u00adsat\u0131 buluyorlar. E\u011fer biz bilgi \u00fcretmezsek, o bilgiden yarar\u00adlan\u0131lamaz ya da bir uzmanl\u0131k alan\u0131 geli\u015ftirilemez belki. Man\u00adyas G\u00f6l\u00fc \u00e7evresi y\u00fczey \u00e7al\u0131\u015f\u00admam\u0131z ve e\u015f zamanl\u0131 ger\u00e7ek\u00adle\u015ftirdi\u011fimiz ara\u015ft\u0131rmalar\u0131m\u0131z bulunmakta. Trakya, Bursa, Ni\u011fde, Aksaray gibi T\u00fcrkiye\u2019nin \u00e7ok farkl\u0131 yerlerinde \u00e7al\u0131\u015fma\u00adlar ger\u00e7ekle\u015ftiriyoruz\u2019\u2019 diyerek s\u00f6zlerini sonland\u0131rd\u0131.<\/p>\n<div id='gallery_1' class='gallery galleryid-7812 gallery-columns-2 gallery-size-large'><figure class='gallery-item'>\n                <div class='gallery-icon portrait'>\n                    <a href='https:\/\/iletim.istanbul.edu.tr\/wp-content\/uploads\/image1-2-1.jpeg'><img loading=\"lazy\" decoding=\"async\" width=\"697\" height=\"1024\" src=\"\" class=\"attachment-large size-large lazyload\" alt=\"\" data-src=\"https:\/\/iletim.istanbul.edu.tr\/wp-content\/uploads\/image1-2-1-697x1024.jpeg\" data-sizes=\"auto\" data-srcset=\"https:\/\/iletim.istanbul.edu.tr\/wp-content\/uploads\/image1-2-1-697x1024.jpeg 697w, https:\/\/iletim.istanbul.edu.tr\/wp-content\/uploads\/image1-2-1-204x300.jpeg 204w, https:\/\/iletim.istanbul.edu.tr\/wp-content\/uploads\/image1-2-1-768x1128.jpeg 768w, https:\/\/iletim.istanbul.edu.tr\/wp-content\/uploads\/image1-2-1.jpeg 2042w\" data-expand=\"700\" \/><\/a>\n                <\/div><\/figure><figure class='gallery-item'>\n                <div class='gallery-icon portrait'>\n                    <a href='https:\/\/iletim.istanbul.edu.tr\/wp-content\/uploads\/image1.jpeg'><img loading=\"lazy\" decoding=\"async\" width=\"768\" height=\"1024\" src=\"\" class=\"attachment-large size-large lazyload\" alt=\"\" data-src=\"https:\/\/iletim.istanbul.edu.tr\/wp-content\/uploads\/image1-768x1024.jpeg\" data-sizes=\"auto\" data-srcset=\"https:\/\/iletim.istanbul.edu.tr\/wp-content\/uploads\/image1-768x1024.jpeg 768w, https:\/\/iletim.istanbul.edu.tr\/wp-content\/uploads\/image1-225x300.jpeg 225w\" data-expand=\"700\" \/><\/a>\n                <\/div><\/figure><br style=\"clear: both\" \/>\n            <\/div>\n\n","protected":false},"excerpt":{"rendered":"<p>\u0130nsanl\u0131\u011f\u0131n ilk a\u015famalar\u0131\u00adn\u0131 i\u00e7eren Neolitik d\u00f6nem hakk\u0131nda arkeolojik verile\u00adre ula\u015fmak amac\u0131yla Manyas g\u00f6l\u00fcn\u00fcn do\u011fusunda, \u0130stanbul \u00dcniversitesi Edebiyat Fak\u00fcltesi Tarih \u00d6ncesi Arkeolojisi B\u00f6l\u00fc\u00adm\u00fc taraf\u0131ndan ger\u00e7ekle\u015ftirilen y\u00fczey ara\u015ft\u0131rmalar\u0131nda daha eski bir d\u00f6nem olan Orta Pa\u00adleolitik \u00c7a\u011fa tarihlendirilebilen buluntu alan\u0131 ke\u015ffedildi.<\/p>\n","protected":false},"author":14,"featured_media":7813,"comment_status":"open","ping_status":"open","sticky":false,"template":"","format":"standard","meta":{"jnews-multi-image_gallery":[],"jnews_single_post":[],"jnews_primary_category":[],"jnews_social_meta":[],"jnews_override_counter":[],"footnotes":""},"categories":[35],"tags":[],"class_list":["post-7812","post","type-post","status-publish","format-standard","has-post-thumbnail","hentry","category-yasam"],"_links":{"self":[{"href":"https:\/\/iletim.istanbul.edu.tr\/index.php\/wp-json\/wp\/v2\/posts\/7812","targetHints":{"allow":["GET"]}}],"collection":[{"href":"https:\/\/iletim.istanbul.edu.tr\/index.php\/wp-json\/wp\/v2\/posts"}],"about":[{"href":"https:\/\/iletim.istanbul.edu.tr\/index.php\/wp-json\/wp\/v2\/types\/post"}],"author":[{"embeddable":true,"href":"https:\/\/iletim.istanbul.edu.tr\/index.php\/wp-json\/wp\/v2\/users\/14"}],"replies":[{"embeddable":true,"href":"https:\/\/iletim.istanbul.edu.tr\/index.php\/wp-json\/wp\/v2\/comments?post=7812"}],"version-history":[{"count":0,"href":"https:\/\/iletim.istanbul.edu.tr\/index.php\/wp-json\/wp\/v2\/posts\/7812\/revisions"}],"wp:featuredmedia":[{"embeddable":true,"href":"https:\/\/iletim.istanbul.edu.tr\/index.php\/wp-json\/wp\/v2\/media\/7813"}],"wp:attachment":[{"href":"https:\/\/iletim.istanbul.edu.tr\/index.php\/wp-json\/wp\/v2\/media?parent=7812"}],"wp:term":[{"taxonomy":"category","embeddable":true,"href":"https:\/\/iletim.istanbul.edu.tr\/index.php\/wp-json\/wp\/v2\/categories?post=7812"},{"taxonomy":"post_tag","embeddable":true,"href":"https:\/\/iletim.istanbul.edu.tr\/index.php\/wp-json\/wp\/v2\/tags?post=7812"}],"curies":[{"name":"wp","href":"https:\/\/api.w.org\/{rel}","templated":true}]}}