{"id":7934,"date":"2019-01-02T17:01:23","date_gmt":"2019-01-02T14:01:23","guid":{"rendered":"https:\/\/iletim.istanbul.edu.tr\/?p=7934"},"modified":"2019-01-02T17:01:23","modified_gmt":"2019-01-02T14:01:23","slug":"prof-dr-gezginden-iletisim-camiasina-iki-yeni-kitap","status":"publish","type":"post","link":"https:\/\/iletim.istanbul.edu.tr\/index.php\/2019\/01\/02\/prof-dr-gezginden-iletisim-camiasina-iki-yeni-kitap\/","title":{"rendered":"Prof. Dr. Gezgin\u2019den \u0130leti\u015fim Camias\u0131na \u0130ki Yeni Kitap"},"content":{"rendered":"<p>\u0130stanbul \u00dcniversitesi \u0130leti\u015fim Fak\u00fcltesi Gazetecilik B\u00f6l\u00fcm\u00fc \u00d6\u011fretim \u00dcyesi Prof. Dr. Suat Gezgin, ileti\u015fimle ilgili akademik \u00e7al\u0131\u015fmalar\u0131na yenilerini ekleyerek ileti\u015fim camias\u0131na iki ayr\u0131 kitapla katk\u0131 sa\u011flad\u0131. Prof. Dr. Gezgin, Aral\u0131k ay\u0131nda \u201cDijital \u00c7a\u011fda \u0130leti\u015fim\u201d ile \u201cMedya ve \u0130leti\u015fime Diyalektik Bak\u0131\u015f\u201d isimli iki yeni kitab\u0131yla okuyucuyla bulu\u015ftu.<\/p>\n<p>Gezgin\u2019in ve ekibinin uzun soluklu \u00e7al\u0131\u015fmas\u0131 sonucunda E\u011fitim\u00a0Yay\u0131nevi etiketiyle raflarda yerini alan kitaplardan \u201cDijital \u00c7a\u011fda \u0130leti\u015fim\u201d, i\u00e7inde ya\u015fad\u0131\u011f\u0131m\u0131z dijitalle\u015fen d\u00fcnya ekseninde yeni ileti\u015fim teknolojilerini k\u0131skaca alarak de\u011fi\u015fen ileti\u015fim pratiklerini ve bu pratiklerin birey \u00fczerindeki etkilerini inceliyor.<\/p>\n<p>Yeni ileti\u015fim teknolojilerine ili\u015fkin bir cesaret g\u00f6sterip yola \u00e7\u0131kt\u0131klar\u0131n\u0131 belirten Prof. Dr. Gezgin, \u201cYeni alan\u0131 enformasyon boyutuyla yorumlad\u0131k. \u00d6te taraftan yeni olan\u0131 \u201cmodernizm\u201d merce\u011finden ge\u00e7irdik. G\u00f6rd\u00fck ki, ki\u015fisel ya\u015famlar\u0131n mahremiyet s\u0131n\u0131rlar\u0131 silikle\u015fmi\u015f. Etik kavram\u0131 \u00e7ok daha farkl\u0131 bir boyutta yorumlanmaya \u00e7al\u0131\u015f\u0131lm\u0131\u015f. Ama de\u011fi\u015fmeyenler de var. Y\u00f6nlendirme, bi\u00e7imlendirme, manip\u00fclasyon\u2026 Yeni medya \u00f6n\u00fcm\u00fczdeki s\u00fcre\u00e7te \u00e7ok\u00e7a su kald\u0131racak gibi g\u00f6z\u00fck\u00fcyor. Bu su k\u00fctlesi i\u00e7erisinde biz bir damlac\u0131k olmaya \u00e7al\u0131\u015ft\u0131k. Cesaret g\u00f6sterdik, \u00f6ng\u00f6r\u00fclerde bulunmaya \u00e7al\u0131\u015ft\u0131k ve yeni medyaya ili\u015fkin yeni \u015feyler s\u00f6ylemeye \u00e7al\u0131\u015ft\u0131k\u201d dedi.<\/p>\n<p><img decoding=\"async\" class=\"alignnone wp-image-7938 size-large\" src=\"https:\/\/iletim.istanbul.edu.tr\/wp-content\/uploads\/9786057557254_Dijital-\u00c7a\u011fda-\u0130leti\u015fim_kapak-dosyas\u0131-1024x787.jpg\" alt=\"\" width=\"702\" height=\"540\" srcset=\"https:\/\/iletim.istanbul.edu.tr\/wp-content\/uploads\/9786057557254_Dijital-\u00c7a\u011fda-\u0130leti\u015fim_kapak-dosyas\u0131-1024x787.jpg 1024w, https:\/\/iletim.istanbul.edu.tr\/wp-content\/uploads\/9786057557254_Dijital-\u00c7a\u011fda-\u0130leti\u015fim_kapak-dosyas\u0131-300x231.jpg 300w, https:\/\/iletim.istanbul.edu.tr\/wp-content\/uploads\/9786057557254_Dijital-\u00c7a\u011fda-\u0130leti\u015fim_kapak-dosyas\u0131-768x590.jpg 768w\" sizes=\"(max-width: 702px) 100vw, 702px\" \/><\/p>\n<p><strong>\u201cMedya ve \u0130leti\u015fime Diyalektik Bak\u0131\u015f\u201d<\/strong><\/p>\n<p>Gazetecilik, radyo, sinema ve televizyon, halkla ili\u015fkiler gibi konularda \u00e7e\u015fitli okumalar\u0131 i\u00e7eren \u201cMedya ve \u0130leti\u015fime Diyalektik Bak\u0131\u015f\u201d isimli kitap ise ileti\u015fim dinamiklerine ele\u015ftirel bir bak\u0131\u015f a\u00e7\u0131s\u0131yla yakla\u015f\u0131yor.<\/p>\n<p>Kitapta, \u201cT\u00fcrk bas\u0131n\u0131ndaki \u00f6zdenetim s\u00fcreci\u201d, \u201csiyasal ileti\u015fim\u201d, \u201culuslararas\u0131 boyutuyla Suriye krizi ve T\u00fcrk bas\u0131n\u0131n\u0131n Suriyeli s\u0131\u011f\u0131nmac\u0131lara yakla\u015f\u0131m\u0131\u201d, \u201cspor sponsorlu\u011fu\u201d, \u201cmedya ve kad\u0131n\u201d, \u201csinema ve mahremiyet ili\u015fkisi\u201d gibi konular ele al\u0131nd\u0131.<\/p>\n<p>\u00c7ok y\u00f6nl\u00fc ve kapsaml\u0131 bir \u00e7al\u0131\u015fma haz\u0131rlad\u0131klar\u0131n\u0131 ifade eden Prof. Dr. Gezgin, \u201cBir labirent gibi ileti\u015fim ve medya d\u00fcnyas\u0131n\u0131n her ara soka\u011f\u0131na, \u00e7\u0131kmaz\u0131na ve ana caddesine y\u00f6nelmeye \u00e7al\u0131\u015ft\u0131k. Biraz beyin f\u0131rt\u0131nas\u0131 yapt\u0131k. Umar\u0131m bu f\u0131rt\u0131nan\u0131n heyecan\u0131n\u0131 ve merak\u0131n\u0131 sizlere de aktarabiliriz. Gen\u00e7 \u00e7al\u0131\u015fma arkada\u015flar\u0131m\u0131zla yeni bir \u00e7al\u0131\u015fman\u0131n alt\u0131na imza att\u0131k\u201d diye konu\u015ftu.<\/p>\n<p><img decoding=\"async\" class=\"alignnone wp-image-7939 size-large\" src=\"https:\/\/iletim.istanbul.edu.tr\/wp-content\/uploads\/9786057557438_Medya-\u0130leti\u015fimine-Diyalektik-Bak\u0131\u015f_kapak-dosyas\u0131--1024x773.jpg\" alt=\"\" width=\"702\" height=\"530\" srcset=\"https:\/\/iletim.istanbul.edu.tr\/wp-content\/uploads\/9786057557438_Medya-\u0130leti\u015fimine-Diyalektik-Bak\u0131\u015f_kapak-dosyas\u0131--1024x773.jpg 1024w, https:\/\/iletim.istanbul.edu.tr\/wp-content\/uploads\/9786057557438_Medya-\u0130leti\u015fimine-Diyalektik-Bak\u0131\u015f_kapak-dosyas\u0131--300x226.jpg 300w, https:\/\/iletim.istanbul.edu.tr\/wp-content\/uploads\/9786057557438_Medya-\u0130leti\u015fimine-Diyalektik-Bak\u0131\u015f_kapak-dosyas\u0131--768x580.jpg 768w\" sizes=\"(max-width: 702px) 100vw, 702px\" \/><\/p>\n","protected":false},"excerpt":{"rendered":"<p>\u0130stanbul \u00dcniversitesi \u0130leti\u015fim Fak\u00fcltesi Gazetecilik B\u00f6l\u00fcm\u00fc \u00d6\u011fretim \u00dcyesi Prof. Dr. Suat Gezgin, ileti\u015fimle ilgili akademik \u00e7al\u0131\u015fmalar\u0131na yenilerini ekleyerek ileti\u015fim camias\u0131na iki ayr\u0131 kitapla katk\u0131 sa\u011flad\u0131. Prof. Dr. Gezgin, Aral\u0131k ay\u0131nda \u201cDijital \u00c7a\u011fda \u0130leti\u015fim\u201d ile \u201cMedya ve \u0130leti\u015fime Diyalektik Bak\u0131\u015f\u201d isimli iki yeni kitab\u0131yla okuyucuyla bulu\u015ftu.<\/p>\n","protected":false},"author":14,"featured_media":7937,"comment_status":"open","ping_status":"open","sticky":false,"template":"","format":"standard","meta":{"jnews-multi-image_gallery":[],"jnews_single_post":[],"jnews_primary_category":[],"jnews_social_meta":[],"jnews_override_counter":[],"footnotes":""},"categories":[178],"tags":[],"class_list":["post-7934","post","type-post","status-publish","format-standard","has-post-thumbnail","hentry","category-fakultemizden"],"_links":{"self":[{"href":"https:\/\/iletim.istanbul.edu.tr\/index.php\/wp-json\/wp\/v2\/posts\/7934","targetHints":{"allow":["GET"]}}],"collection":[{"href":"https:\/\/iletim.istanbul.edu.tr\/index.php\/wp-json\/wp\/v2\/posts"}],"about":[{"href":"https:\/\/iletim.istanbul.edu.tr\/index.php\/wp-json\/wp\/v2\/types\/post"}],"author":[{"embeddable":true,"href":"https:\/\/iletim.istanbul.edu.tr\/index.php\/wp-json\/wp\/v2\/users\/14"}],"replies":[{"embeddable":true,"href":"https:\/\/iletim.istanbul.edu.tr\/index.php\/wp-json\/wp\/v2\/comments?post=7934"}],"version-history":[{"count":0,"href":"https:\/\/iletim.istanbul.edu.tr\/index.php\/wp-json\/wp\/v2\/posts\/7934\/revisions"}],"wp:featuredmedia":[{"embeddable":true,"href":"https:\/\/iletim.istanbul.edu.tr\/index.php\/wp-json\/wp\/v2\/media\/7937"}],"wp:attachment":[{"href":"https:\/\/iletim.istanbul.edu.tr\/index.php\/wp-json\/wp\/v2\/media?parent=7934"}],"wp:term":[{"taxonomy":"category","embeddable":true,"href":"https:\/\/iletim.istanbul.edu.tr\/index.php\/wp-json\/wp\/v2\/categories?post=7934"},{"taxonomy":"post_tag","embeddable":true,"href":"https:\/\/iletim.istanbul.edu.tr\/index.php\/wp-json\/wp\/v2\/tags?post=7934"}],"curies":[{"name":"wp","href":"https:\/\/api.w.org\/{rel}","templated":true}]}}