{"id":8032,"date":"2019-01-09T14:01:56","date_gmt":"2019-01-09T11:01:56","guid":{"rendered":"https:\/\/iletim.istanbul.edu.tr\/?p=8032"},"modified":"2019-08-01T13:28:41","modified_gmt":"2019-08-01T10:28:41","slug":"dunyanin-ilk-olimpik-tirmanisi-iudaktan","status":"publish","type":"post","link":"https:\/\/iletim.istanbul.edu.tr\/index.php\/2019\/01\/09\/dunyanin-ilk-olimpik-tirmanisi-iudaktan\/","title":{"rendered":"D\u00fcnyan\u0131n \u0130lk Olimpik T\u0131rman\u0131\u015f\u0131 \u0130\u00dcDAK\u2019tan"},"content":{"rendered":"<p><strong>\u00d6zge TAN<\/strong><\/p>\n<p>Da\u011fc\u0131l\u0131\u011f\u0131n daha \u00e7ok alpizim b\u00f6l\u00fcm\u00fcnde \u00e7al\u0131\u015fmalar yapan \u0130stanbul \u00dcniversitesi Da\u011fc\u0131l\u0131k Kul\u00fcb\u00fc (\u0130\u00dcDAK), her y\u0131l yeni kat\u0131lan \u00fcyelerine y\u0131l boyu s\u00fcrecek bir e\u011fitim sunman\u0131n yan\u0131 s\u0131ra Erciyes, Hasanda\u011f\u0131, Bolkarlar ve Alada\u011flar\u2019da t\u0131rman\u0131\u015flar d\u00fczenleyerek \u00e7al\u0131\u015fmalar\u0131n\u0131 s\u00fcrd\u00fcr\u00fcyor.<\/p>\n<aside class=\"modern-quote pull alignright\">\u0130\u00dc Spor Birli\u011fi\u2019ne ba\u011fl\u0131 olarak Prof. Dr. Atilla Erdemli \u00f6nderli\u011finde, 1982 y\u0131l\u0131nda kurulan \u0130\u00dcDAK b\u00fcnyesinde, her hafta d\u00fczenlenen teorik e\u011fitimler, ayda bir kez d\u00fczenlenen pratik e\u011fitimle peki\u015ftiriliyor. Ayr\u0131ca temel e\u011fitim d\u00fczeyinin \u00fcst\u00fcndeki \u00fcyelerden olu\u015fan Geli\u015fim Grubu ile de t\u0131rman\u0131\u015flar d\u00fczenleniyor.<\/aside>\n<p><strong>Alada\u011flar\u2019da \u0130lk Olimpik T\u0131rman\u0131\u015f<\/strong><\/p>\n<p>D\u00fcnyada da\u011fc\u0131l\u0131k \u00fczerine herhangi bir olimpik \u00e7al\u0131\u015fma yap\u0131lmad\u0131\u011f\u0131n\u0131 \u00f6\u011frenen Prof. Dr. Atilla Erdemli, 1992 y\u0131l\u0131nda da\u011fc\u0131l\u0131\u011f\u0131n olimpik de\u011ferlere fazlas\u0131yla uygun oldu\u011funa kanaat getirerek \u0130\u00dcDAK t\u0131rman\u0131c\u0131lar\u0131yla Alada\u011flar\u2019da ilk olimpik t\u0131rman\u0131\u015f\u0131 ger\u00e7ekle\u015ftirdi ve bu t\u0131rman\u0131\u015f\u0131n alb\u00fcm\u00fc Lozan Olimpiyat M\u00fczesi\u2019nde sergilenmek \u00fczere korunmaya al\u0131nd\u0131. \u0130\u00dcDAK\u2019tan her y\u0131l iki da\u011fc\u0131, olimpik t\u0131rman\u0131\u015fa davet ediliyor. Bu da\u011fc\u0131lar\u0131n belirlenmesinde, iyi derecede \u0130ngilizce bilmek ve akademik seminer sunabilmek \u015fartlar\u0131na uygunluk aran\u0131yor. Se\u00e7ilen da\u011fc\u0131lar, o sene belirlenen temaya g\u00f6re da\u011fda d\u00fczenlenen kampta semineri ger\u00e7ekle\u015ftiriyor.<\/p>\n<p><strong>\u201cDa\u011fc\u0131l\u0131k \u0130\u00e7inde \u00d6l\u00fcm Olan Bir Spor\u201d<\/strong><\/p>\n<p>Da\u011fc\u0131l\u0131k alan\u0131nda e\u011fitimin hayati \u00f6nem ta\u015f\u0131d\u0131\u011f\u0131n\u0131 vurgulayan kul\u00fcp \u00fcyelerinden At\u0131l Karabey, e\u011fitimlere kat\u0131l\u0131m\u0131n zorunlu tutuldu\u011funu belirtip, \u201cDa\u011fc\u0131l\u0131k i\u00e7inde \u00f6l\u00fcm olan bir spor. Biz bunu asla reddetmiyoruz. Aksine \u00fcyelerimize \u00f6ncellikle bunu belirtiyoruz. Ben 2010\u2019da ge\u00e7irdi\u011fim bir t\u0131rman\u0131\u015f kazas\u0131 sonras\u0131 da\u011fc\u0131l\u0131\u011fa daha fazla y\u00f6neldim \u00e7\u00fcnk\u00fc \u00f6\u011frendim ki e\u011fitim hayat\u0131n\u0131z\u0131 kurtarabiliyor\u201d dedi.<\/p>\n<p>Kul\u00fcp \u00fcyelerinden Melis Kaynar ise, son d\u00f6nemde da\u011fc\u0131l\u0131\u011f\u0131n pop\u00fcler hale gelmesinden dolay\u0131 insanlar taraf\u0131ndan spor olarak de\u011fil hobi olarak alg\u0131lad\u0131\u011f\u0131n\u0131 belirterek \u201cBiz, kul\u00fcp olarak her y\u0131l bu alg\u0131y\u0131 k\u0131rmay\u0131 ba\u015fard\u0131\u011f\u0131m\u0131z i\u00e7in mutluyuz\u201d diye konu\u015ftu. Kaynar, \u00f6nceki y\u0131llarda erkeklerin \u00e7o\u011funlukla oldu\u011fu bir kul\u00fcpken \u015fimdilerde kad\u0131n \u00fcye say\u0131s\u0131n\u0131n \u00e7o\u011funlukta oldu\u011funu belirterek bundan gurur duyduklar\u0131n\u0131 da dile getirdi.<\/p>\n<p><strong>\u201cTemel Gereklilik Ho\u015fg\u00f6r\u00fcd\u00fcr\u201d<\/strong><\/p>\n<p>Kaynar, \u201cDa\u011fc\u0131l\u0131kla ilgili bir di\u011fer yanl\u0131\u015f alg\u0131, da\u011fc\u0131l\u0131\u011f\u0131n bedenle ilgili oldu\u011fu ve kasl\u0131, sportif bir yap\u0131 gerektirdi\u011fidir. Oysa da\u011fc\u0131l\u0131kta en temel gereklilik ho\u015fg\u00f6r\u00fcd\u00fcr. \u00c7\u00fcnk\u00fc y\u00fckseklere \u00e7\u0131kt\u0131k\u00e7a oksijen azal\u0131yor ve bu durum biyolojik oldu\u011fu kadar psikolojik olarak da etkiliyor\u201d dedi. Bununla birlikte, da\u011fc\u0131l\u0131k kazalar\u0131n\u0131n y\u00fczde 80\u2019inin t\u0131rman\u0131\u015f\u0131n d\u00f6n\u00fc\u015f\u00fcnde ger\u00e7ekle\u015fti\u011fini vurgulayan Kaynar, zirveye t\u0131rmand\u0131ktan sonra olu\u015fan dikkat kayb\u0131n\u0131n hayati sonu\u00e7lar\u0131 olaca\u011f\u0131n\u0131 belirtti. Kaynar, da\u011fc\u0131l\u0131kta dikkat edilmesi gereken di\u011fer \u00f6nemli noktan\u0131n, nerede duraca\u011f\u0131n\u0131 bilmek oldu\u011funu dile getirerek, \u201c16 saatlik bir y\u00fcr\u00fcy\u00fc\u015f\u00fcn ard\u0131ndan ko\u015fullar uygun de\u011filse d\u00f6nmen gerekti\u011fini bilmelisin\u201d ifadelerine yer verdi.<\/p>\n<p><strong>\u201cDo\u011fa Senden Y\u00fcce ve Sen \u0130\u00e7ine Girmeye \u00c7al\u0131\u015f\u0131yorsun\u201d<\/strong><\/p>\n<p>Kul\u00fcb\u00fcn \u00fcyelerinden Zeynep Sayme Bora, \u201cDo\u011fa senden y\u00fcce bir olu\u015fum ve sen onun i\u00e7ine girmeye \u00e7al\u0131\u015f\u0131yorsun\u201d diyerek her ko\u015fulda t\u0131rman\u0131labilece\u011finin d\u00fc\u015f\u00fcn\u00fclmesinin rasyonel bir yakla\u015f\u0131m olmad\u0131\u011f\u0131n\u0131 belirtti.<\/p>\n<p>\u00dcyelerden Murat Y\u0131ld\u0131r\u0131m ise da\u011fda bir b\u00fct\u00fcn olabilmenin \u00f6nemini \u201cT\u0131rman\u0131\u015f esnas\u0131nda inan\u0131lmaz bir motivasyon ihtiyac\u0131 hissediyorsunuz. \u00c7\u00fcnk\u00fc verece\u011finiz bir karar, gruptan birinin kaza ge\u00e7irmesine sebep olabilir. Bu sayede bir b\u00fct\u00fcn olmay\u0131 \u00f6\u011freniyoruz\u201d diyerek a\u00e7\u0131klad\u0131.<\/p>\n<div id='gallery_1' class='gallery galleryid-8032 gallery-columns-4 gallery-size-large'><figure class='gallery-item'>\n                <div class='gallery-icon landscape'>\n                    <a href='https:\/\/iletim.istanbul.edu.tr\/wp-content\/uploads\/Ball\u0131kayalar-2017-Ekim-1.jpg'><img loading=\"lazy\" decoding=\"async\" width=\"1024\" height=\"768\" src=\"\" class=\"attachment-large size-large lazyload\" alt=\"\" aria-describedby=\"gallery_1-8034\" data-src=\"https:\/\/iletim.istanbul.edu.tr\/wp-content\/uploads\/Ball\u0131kayalar-2017-Ekim-1-1024x768.jpg\" data-sizes=\"auto\" data-srcset=\"https:\/\/iletim.istanbul.edu.tr\/wp-content\/uploads\/Ball\u0131kayalar-2017-Ekim-1-1024x768.jpg 1024w, https:\/\/iletim.istanbul.edu.tr\/wp-content\/uploads\/Ball\u0131kayalar-2017-Ekim-1-300x225.jpg 300w, https:\/\/iletim.istanbul.edu.tr\/wp-content\/uploads\/Ball\u0131kayalar-2017-Ekim-1-768x576.jpg 768w\" data-expand=\"700\" \/><\/a>\n                <\/div>\n                    <figcaption class='wp-caption-text gallery-caption' id='gallery_1-8034'>\n                    DCIM100GOPRO\n                    <\/figcaption><\/figure><figure class='gallery-item'>\n                <div class='gallery-icon landscape'>\n                    <a href='https:\/\/iletim.istanbul.edu.tr\/wp-content\/uploads\/DSC_3885.jpg'><img loading=\"lazy\" decoding=\"async\" width=\"1024\" height=\"680\" src=\"\" class=\"attachment-large size-large lazyload\" alt=\"\" data-src=\"https:\/\/iletim.istanbul.edu.tr\/wp-content\/uploads\/DSC_3885-1024x680.jpg\" data-sizes=\"auto\" data-srcset=\"https:\/\/iletim.istanbul.edu.tr\/wp-content\/uploads\/DSC_3885-1024x680.jpg 1024w, https:\/\/iletim.istanbul.edu.tr\/wp-content\/uploads\/DSC_3885-300x199.jpg 300w, https:\/\/iletim.istanbul.edu.tr\/wp-content\/uploads\/DSC_3885-768x510.jpg 768w\" data-expand=\"700\" \/><\/a>\n                <\/div><\/figure><figure class='gallery-item'>\n                <div class='gallery-icon landscape'>\n                    <a href='https:\/\/iletim.istanbul.edu.tr\/wp-content\/uploads\/Hasan-Da\u011f\u0131-2017-Ekim.jpg'><img loading=\"lazy\" decoding=\"async\" width=\"1024\" height=\"576\" src=\"\" class=\"attachment-large size-large lazyload\" alt=\"\" data-src=\"https:\/\/iletim.istanbul.edu.tr\/wp-content\/uploads\/Hasan-Da\u011f\u0131-2017-Ekim-1024x576.jpg\" data-sizes=\"auto\" data-srcset=\"https:\/\/iletim.istanbul.edu.tr\/wp-content\/uploads\/Hasan-Da\u011f\u0131-2017-Ekim-1024x576.jpg 1024w, https:\/\/iletim.istanbul.edu.tr\/wp-content\/uploads\/Hasan-Da\u011f\u0131-2017-Ekim-300x169.jpg 300w, https:\/\/iletim.istanbul.edu.tr\/wp-content\/uploads\/Hasan-Da\u011f\u0131-2017-Ekim-768x432.jpg 768w\" data-expand=\"700\" \/><\/a>\n                <\/div><\/figure><figure class='gallery-item'>\n                <div class='gallery-icon landscape'>\n                    <a href='https:\/\/iletim.istanbul.edu.tr\/wp-content\/uploads\/Uluslararas\u0131-Olimpik-T\u0131rman\u0131\u015f-2018-Temmuz-2.jpeg'><img loading=\"lazy\" decoding=\"async\" width=\"800\" height=\"533\" src=\"\" class=\"attachment-large size-large lazyload\" alt=\"\" data-src=\"https:\/\/iletim.istanbul.edu.tr\/wp-content\/uploads\/Uluslararas\u0131-Olimpik-T\u0131rman\u0131\u015f-2018-Temmuz-2.jpeg\" data-sizes=\"auto\" data-srcset=\"https:\/\/iletim.istanbul.edu.tr\/wp-content\/uploads\/Uluslararas\u0131-Olimpik-T\u0131rman\u0131\u015f-2018-Temmuz-2.jpeg 800w, https:\/\/iletim.istanbul.edu.tr\/wp-content\/uploads\/Uluslararas\u0131-Olimpik-T\u0131rman\u0131\u015f-2018-Temmuz-2-300x200.jpeg 300w, https:\/\/iletim.istanbul.edu.tr\/wp-content\/uploads\/Uluslararas\u0131-Olimpik-T\u0131rman\u0131\u015f-2018-Temmuz-2-768x512.jpeg 768w\" data-expand=\"700\" \/><\/a>\n                <\/div><\/figure><br style=\"clear: both\" \/>\n            <\/div>\n\n","protected":false},"excerpt":{"rendered":"<p>Da\u011fc\u0131l\u0131\u011f\u0131n daha \u00e7ok alpizim b\u00f6l\u00fcm\u00fcnde \u00e7al\u0131\u015fmalar yapan \u0130stanbul \u00dcniversitesi Da\u011fc\u0131l\u0131k Kul\u00fcb\u00fc (\u0130\u00dcDAK), her y\u0131l yeni kat\u0131lan \u00fcyelerine y\u0131l boyu s\u00fcrecek bir e\u011fitim sunman\u0131n yan\u0131 s\u0131ra Erciyes, Hasanda\u011f\u0131, Bolkarlar ve Alada\u011flar\u2019da t\u0131rman\u0131\u015flar d\u00fczenleyerek \u00e7al\u0131\u015fmalar\u0131n\u0131 s\u00fcrd\u00fcr\u00fcyor.<br \/>\n\u0130\u00dc Spor Birli\u011fi\u2019ne ba\u011fl\u0131 olarak Prof. Dr. Atilla Erdemli \u00f6nderli\u011finde, 1982 y\u0131l\u0131nda kurulan \u0130\u00dcDAK b\u00fcnyesinde, her hafta d\u00fczenlenen teorik e\u011fitimler, ayda bir kez d\u00fczenlenen pratik e\u011fitimle peki\u015ftiriliyor. Ayr\u0131ca temel e\u011fitim d\u00fczeyinin \u00fcst\u00fcndeki \u00fcyelerden olu\u015fan Geli\u015fim Grubu ile de t\u0131rman\u0131\u015flar d\u00fczenleniyor.<br \/>\nD\u00fcnyada da\u011fc\u0131l\u0131k \u00fczerine herhangi bir olimpik \u00e7al\u0131\u015fma yap\u0131lmad\u0131\u011f\u0131n\u0131 \u00f6\u011frenen Prof. Dr. Atilla Erdemli, 1992 y\u0131l\u0131nda da\u011fc\u0131l\u0131\u011f\u0131n olimpik de\u011ferlere fazlas\u0131yla uygun oldu\u011funa kanaat getirerek \u0130\u00dcDAK t\u0131rman\u0131c\u0131lar\u0131yla Alada\u011flar\u2019da ilk olimpik t\u0131rman\u0131\u015f\u0131 ger\u00e7ekle\u015ftirdi ve bu t\u0131rman\u0131\u015f\u0131n alb\u00fcm\u00fc Lozan Olimpiyat M\u00fczesi\u2019nde sergilenmek \u00fczere korunmaya al\u0131nd\u0131.<\/p>\n","protected":false},"author":14,"featured_media":8033,"comment_status":"open","ping_status":"open","sticky":false,"template":"","format":"standard","meta":{"jnews-multi-image_gallery":[],"jnews_single_post":[],"jnews_primary_category":[],"jnews_social_meta":[],"jnews_override_counter":[],"footnotes":""},"categories":[33],"tags":[],"class_list":["post-8032","post","type-post","status-publish","format-standard","has-post-thumbnail","hentry","category-spor"],"_links":{"self":[{"href":"https:\/\/iletim.istanbul.edu.tr\/index.php\/wp-json\/wp\/v2\/posts\/8032","targetHints":{"allow":["GET"]}}],"collection":[{"href":"https:\/\/iletim.istanbul.edu.tr\/index.php\/wp-json\/wp\/v2\/posts"}],"about":[{"href":"https:\/\/iletim.istanbul.edu.tr\/index.php\/wp-json\/wp\/v2\/types\/post"}],"author":[{"embeddable":true,"href":"https:\/\/iletim.istanbul.edu.tr\/index.php\/wp-json\/wp\/v2\/users\/14"}],"replies":[{"embeddable":true,"href":"https:\/\/iletim.istanbul.edu.tr\/index.php\/wp-json\/wp\/v2\/comments?post=8032"}],"version-history":[{"count":0,"href":"https:\/\/iletim.istanbul.edu.tr\/index.php\/wp-json\/wp\/v2\/posts\/8032\/revisions"}],"wp:featuredmedia":[{"embeddable":true,"href":"https:\/\/iletim.istanbul.edu.tr\/index.php\/wp-json\/wp\/v2\/media\/8033"}],"wp:attachment":[{"href":"https:\/\/iletim.istanbul.edu.tr\/index.php\/wp-json\/wp\/v2\/media?parent=8032"}],"wp:term":[{"taxonomy":"category","embeddable":true,"href":"https:\/\/iletim.istanbul.edu.tr\/index.php\/wp-json\/wp\/v2\/categories?post=8032"},{"taxonomy":"post_tag","embeddable":true,"href":"https:\/\/iletim.istanbul.edu.tr\/index.php\/wp-json\/wp\/v2\/tags?post=8032"}],"curies":[{"name":"wp","href":"https:\/\/api.w.org\/{rel}","templated":true}]}}