{"id":8041,"date":"2019-01-10T13:36:47","date_gmt":"2019-01-10T10:36:47","guid":{"rendered":"https:\/\/iletim.istanbul.edu.tr\/?p=8041"},"modified":"2019-01-10T13:47:44","modified_gmt":"2019-01-10T10:47:44","slug":"osmancali-fosil-ormanina-farkindalik-olusturulmali","status":"publish","type":"post","link":"https:\/\/iletim.istanbul.edu.tr\/index.php\/2019\/01\/10\/osmancali-fosil-ormanina-farkindalik-olusturulmali\/","title":{"rendered":"&#8220;Osmancal\u0131 Fosil Orman\u0131na Fark\u0131ndal\u0131k Olu\u015fturulmal\u0131&#8221;"},"content":{"rendered":"<p><strong>Hande Nur OCAK<\/strong><\/p>\n<p>Manisa\u2019da bulunan Osmancal\u0131 Fosil Orman\u0131\u2019n\u0131n i\u00e7inde bar\u0131nd\u0131rd\u0131\u011f\u0131 16 -21 milyon y\u0131ll\u0131k oldu\u011fu tahmin edilen fosil a\u011fa\u00e7lar\u0131, insan faaliyetleri ve do\u011fa ko\u015fullar\u0131 nedeniyle zarar g\u00f6rd\u00fc. Orman ve Su \u0130\u015fleri Bakanl\u0131\u011f\u0131 4&#8217;\u00fcnc\u00fc B\u00f6lge M\u00fcd\u00fcrl\u00fc\u011f\u00fc taraf\u0131ndan da Tabiat An\u0131t\u0131 ilan edilmesi i\u00e7in \u00e7al\u0131\u015fmalar ba\u015flat\u0131ld\u0131 ancak hen\u00fcz koruma alt\u0131na al\u0131nmayan alan, \u00f6zellikle ziyaret\u00e7ilerin milyonlarca y\u0131ll\u0131k fosil a\u011fa\u00e7lar\u0131 toplay\u0131p yanlar\u0131nda g\u00f6t\u00fcrmeleriyle orman\u0131 yok olma tehlikesiyle kar\u015f\u0131 kar\u015f\u0131ya b\u0131rakt\u0131.<\/p>\n<p>Bu alanda bilimsel \u00e7al\u0131\u015fmalar y\u00fcr\u00fcten \u0130stanbul \u00dcniversitesi &#8211; Cerrahpa\u015fa Orman Fak\u00fcltesi Orman M\u00fchendisli\u011fi \u00d6\u011fretim \u00dcyesi Prof. Dr. \u00dcnal Akkemik, \u201cOsmancal\u0131 Fosil Orman\u0131\u2019ndaki ta\u015fla\u015fma s\u00fcreci, Yunt Da\u011f\u0131 volkanlar\u0131n\u0131n patlamas\u0131 sonucu meydana gelmi\u015f olup, s\u00fcr\u00fcklenen a\u011fa\u00e7lar lahar(\u00e7amur) ak\u0131nt\u0131s\u0131 i\u00e7erisinde kalarak ta\u015fla\u015fm\u0131\u015ft\u0131r. G\u00fcn\u00fcm\u00fczde ise alan k\u0131z\u0131l\u00e7am ve me\u015fe ile kapl\u0131 olan seyrek ormanl\u0131k bir aland\u0131r\u201d dedi. Prof. Dr. Akkemik, Osmancal\u0131 Fosil Orman\u0131\u2019n\u0131n olas\u0131 bile\u015fiminin iki a\u011fa\u00e7 cinsinden olu\u015ftu\u011funu ve orman alan\u0131ndan al\u0131nan 6 \u00f6rnek \u00fczerine yap\u0131lan incelemeler sonucunda bunlar\u0131n ladin (<em>Piceoxylon<\/em>)\u00a0 ve yalankoz, di\u011fer ad\u0131yla yalanc\u0131 ceviz (<em>Pterocaryoxylon<\/em>) a\u011fac\u0131 oldu\u011funu belirtti.<\/p>\n<p><img decoding=\"async\" class=\"alignnone wp-image-8046 size-full\" src=\"https:\/\/iletim.istanbul.edu.tr\/wp-content\/uploads\/orman-yap\u0131s\u0131.jpg\" alt=\"\" width=\"916\" height=\"323\" srcset=\"https:\/\/iletim.istanbul.edu.tr\/wp-content\/uploads\/orman-yap\u0131s\u0131.jpg 916w, https:\/\/iletim.istanbul.edu.tr\/wp-content\/uploads\/orman-yap\u0131s\u0131-300x106.jpg 300w, https:\/\/iletim.istanbul.edu.tr\/wp-content\/uploads\/orman-yap\u0131s\u0131-768x271.jpg 768w\" sizes=\"(max-width: 916px) 100vw, 916px\" \/><\/p>\n<p><strong>\u201cTabiat An\u0131t\u0131\u201d Olarak \u0130lan Edilmesi Uygun Olacakt\u0131r\u201d<\/strong><\/p>\n<p>Fosil orman\u0131n olu\u015fturulmas\u0131 ve turizme kazand\u0131r\u0131lmas\u0131 ba\u011flam\u0131nda yap\u0131lmas\u0131 gerekenlerden bahseden Prof. Dr. Akkemik, fosil a\u011fa\u00e7lar\u0131n bulundu\u011fu alan\u0131n s\u0131n\u0131rlar\u0131n\u0131n belirlenmesi ve Orman ve Su \u0130\u015fleri Bakanl\u0131\u011f\u0131 Do\u011fa Koruma ve Milli Parklar Genel M\u00fcd\u00fcrl\u00fc\u011f\u00fc birimleri taraf\u0131ndan \u201cTabiat An\u0131t\u0131\u201d olarak ilan edilmesinin uygun olaca\u011f\u0131n\u0131 s\u00f6yledi. Prof. Dr. Akkemik, tabiat an\u0131t\u0131 ilan\u0131 ve alan\u0131n haz\u0131rlanmas\u0131 esnas\u0131nda yap\u0131lacak \u00e7al\u0131\u015fmalardan \u015fu \u015fekilde bahsetti: \u201cFosil a\u011fa\u00e7lar\u0131n bulundu\u011fu k\u0131s\u0131mlar\u0131n yak\u0131n\u0131ndan ge\u00e7ecek \u015fekilde bir patika yol g\u00fczerg\u00e2h\u0131 olu\u015fturulmal\u0131d\u0131r. Ayr\u0131ca k\u00fc\u00e7\u00fck y\u00f6nlendirme tabelas\u0131 yararl\u0131 olacakt\u0131r. Kayalar i\u00e7erisinde k\u0131smen g\u00f6m\u00fcl\u00fc durumda olan a\u011fa\u00e7 par\u00e7alar\u0131n\u0131n \u00fczerlerinin ah\u015fap \u00e7at\u0131yla kapat\u0131lmas\u0131 uygun olacakt\u0131r. Bu i\u015flem; ta\u015fla\u015fm\u0131\u015f a\u011fa\u00e7lar\u0131n ya\u011fmur, kar ve don gibi olaylarla a\u015f\u0131nmas\u0131n\u0131 \u00f6nleyecektir.\u201d<\/p>\n<p><strong>\u201cFark\u0131ndal\u0131k Olu\u015fturmal\u0131d\u0131r\u201d<\/strong><\/p>\n<p>Alan\u0131n giri\u015fine bir tabela ve bilgilendirme panosu yerle\u015ftirilmesinin gereklili\u011fini vurgulayan Prof. Dr. Akkemik, alan\u0131n ya\u015f\u0131n\u0131, volkanizma s\u00fcrecini ve ta\u015fla\u015fma olaylar\u0131n\u0131 anlatarak o d\u00f6nemin yap\u0131s\u0131 ile g\u00fcn\u00fcm\u00fczdeki orman yap\u0131s\u0131n\u0131 ziyaret\u00e7ilere s\u00fcre\u00e7 i\u00e7erisinde ya\u015fanan de\u011fi\u015fimler hakk\u0131nda bir fark\u0131ndal\u0131k olu\u015fturulmas\u0131 gerekti\u011fini s\u00f6yledi. \u201cYunt Da\u011f\u0131 Volkanizmas\u0131, volkan patlamas\u0131 ve ormanlar\u0131n lahar ak\u0131nt\u0131s\u0131 alt\u0131nda kalmas\u0131 ve ta\u015fla\u015fmas\u0131na ili\u015fkin g\u00f6rseller yararl\u0131 olacakt\u0131r\u201d diyen Prof. Dr. Akkemik, \u00a0\u201cAyr\u0131ca, alandaki g\u00f6r\u00fclecek a\u011fa\u00e7larla y\u00fcr\u00fcy\u00fc\u015f g\u00fczerg\u00e2h\u0131n\u0131n bir krokisi olmal\u0131d\u0131r\u201d dedi.<\/p>\n<p><img decoding=\"async\" class=\"alignnone wp-image-8047 size-large\" src=\"https:\/\/iletim.istanbul.edu.tr\/wp-content\/uploads\/Osmancal\u0131-fosil-orman-alan\u0131n\u0131n-genel-g\u00f6r\u00fcn\u00fcm\u00fc-1024x665.jpg\" alt=\"\" width=\"702\" height=\"456\" srcset=\"https:\/\/iletim.istanbul.edu.tr\/wp-content\/uploads\/Osmancal\u0131-fosil-orman-alan\u0131n\u0131n-genel-g\u00f6r\u00fcn\u00fcm\u00fc-1024x665.jpg 1024w, https:\/\/iletim.istanbul.edu.tr\/wp-content\/uploads\/Osmancal\u0131-fosil-orman-alan\u0131n\u0131n-genel-g\u00f6r\u00fcn\u00fcm\u00fc-300x195.jpg 300w, https:\/\/iletim.istanbul.edu.tr\/wp-content\/uploads\/Osmancal\u0131-fosil-orman-alan\u0131n\u0131n-genel-g\u00f6r\u00fcn\u00fcm\u00fc-768x499.jpg 768w, https:\/\/iletim.istanbul.edu.tr\/wp-content\/uploads\/Osmancal\u0131-fosil-orman-alan\u0131n\u0131n-genel-g\u00f6r\u00fcn\u00fcm\u00fc-214x140.jpg 214w, https:\/\/iletim.istanbul.edu.tr\/wp-content\/uploads\/Osmancal\u0131-fosil-orman-alan\u0131n\u0131n-genel-g\u00f6r\u00fcn\u00fcm\u00fc.jpg 1059w\" sizes=\"(max-width: 702px) 100vw, 702px\" \/><\/p>\n<p><strong>\u201cYeni Bir A\u011fa\u00e7 Dikilmemelidir\u201d<\/strong><\/p>\n<p>Alan\u0131n \u00e7evresine, i\u00e7ine ya da giri\u015fine hi\u00e7bir \u015fekilde yeni bir a\u011fa\u00e7 dikilmemesine dikkat \u00e7eken Prof. Dr. Akkemik, \u00f6zellikle maz\u0131, servi gibi s\u00fcs a\u011fa\u00e7lar\u0131n\u0131n da kesinlikle kullan\u0131lmamas\u0131 gerekti\u011fini s\u00f6yledi. \u201cAlan\u0131n haz\u0131rlanmas\u0131 sonras\u0131nda, Belediye Ba\u015fkanl\u0131\u011f\u0131, \u0130l K\u00fclt\u00fcr ve Turizm M\u00fcd\u00fcrl\u00fc\u011f\u00fc, Milli Parklar Genel M\u00fcd\u00fcrl\u00fc\u011f\u00fc ve \u00f6zellikle turizm acentelerinin web sayfalar\u0131na ve sosyal medya gruplar\u0131na bu alan\u0131n varl\u0131\u011f\u0131 ve \u00f6zellikleri i\u015flenmeli ve b\u00f6ylece turizme a\u00e7\u0131lmal\u0131d\u0131r\u201d diyen Prof. Dr. Akkemik, \u00f6zellikle \u00f6\u011frencilerin alan\u0131 ziyaret etmesinin sa\u011flanmas\u0131 gerekti\u011fini vurgulad\u0131.<\/p>\n<p><img decoding=\"async\" class=\"alignnone wp-image-8044 size-large\" src=\"https:\/\/iletim.istanbul.edu.tr\/wp-content\/uploads\/Bolu-Seben_Hocas-bir-fosil-agac-1024x768.jpg\" alt=\"\" width=\"702\" height=\"527\" srcset=\"https:\/\/iletim.istanbul.edu.tr\/wp-content\/uploads\/Bolu-Seben_Hocas-bir-fosil-agac-1024x768.jpg 1024w, https:\/\/iletim.istanbul.edu.tr\/wp-content\/uploads\/Bolu-Seben_Hocas-bir-fosil-agac-300x225.jpg 300w, https:\/\/iletim.istanbul.edu.tr\/wp-content\/uploads\/Bolu-Seben_Hocas-bir-fosil-agac-768x576.jpg 768w\" sizes=\"(max-width: 702px) 100vw, 702px\" \/><\/p>\n","protected":false},"excerpt":{"rendered":"<p>Manisa\u2019da bulunan Osmancal\u0131 Fosil Orman\u0131\u2019n\u0131n i\u00e7inde bar\u0131nd\u0131rd\u0131\u011f\u0131 16 -21 milyon y\u0131ll\u0131k oldu\u011fu tahmin edilen fosil a\u011fa\u00e7lar\u0131, insan faaliyetleri ve do\u011fa ko\u015fullar\u0131 nedeniyle zarar g\u00f6rd\u00fc. Orman ve Su \u0130\u015fleri Bakanl\u0131\u011f\u0131 4&#8217;\u00fcnc\u00fc B\u00f6lge M\u00fcd\u00fcrl\u00fc\u011f\u00fc taraf\u0131ndan da Tabiat An\u0131t\u0131 ilan edilmesi i\u00e7in \u00e7al\u0131\u015fmalar ba\u015flat\u0131ld\u0131 ancak hen\u00fcz koruma alt\u0131na al\u0131nmayan alan, \u00f6zellikle ziyaret\u00e7ilerin milyonlarca y\u0131ll\u0131k fosil a\u011fa\u00e7lar\u0131 toplay\u0131p yanlar\u0131nda g\u00f6t\u00fcrmeleriyle orman\u0131 yok olma tehlikesiyle kar\u015f\u0131 kar\u015f\u0131ya b\u0131rakt\u0131.<\/p>\n","protected":false},"author":14,"featured_media":8043,"comment_status":"open","ping_status":"open","sticky":false,"template":"","format":"standard","meta":{"jnews-multi-image_gallery":[],"jnews_single_post":[],"jnews_primary_category":[],"jnews_social_meta":[],"jnews_override_counter":[],"footnotes":""},"categories":[35],"tags":[],"class_list":["post-8041","post","type-post","status-publish","format-standard","has-post-thumbnail","hentry","category-yasam"],"_links":{"self":[{"href":"https:\/\/iletim.istanbul.edu.tr\/index.php\/wp-json\/wp\/v2\/posts\/8041","targetHints":{"allow":["GET"]}}],"collection":[{"href":"https:\/\/iletim.istanbul.edu.tr\/index.php\/wp-json\/wp\/v2\/posts"}],"about":[{"href":"https:\/\/iletim.istanbul.edu.tr\/index.php\/wp-json\/wp\/v2\/types\/post"}],"author":[{"embeddable":true,"href":"https:\/\/iletim.istanbul.edu.tr\/index.php\/wp-json\/wp\/v2\/users\/14"}],"replies":[{"embeddable":true,"href":"https:\/\/iletim.istanbul.edu.tr\/index.php\/wp-json\/wp\/v2\/comments?post=8041"}],"version-history":[{"count":0,"href":"https:\/\/iletim.istanbul.edu.tr\/index.php\/wp-json\/wp\/v2\/posts\/8041\/revisions"}],"wp:featuredmedia":[{"embeddable":true,"href":"https:\/\/iletim.istanbul.edu.tr\/index.php\/wp-json\/wp\/v2\/media\/8043"}],"wp:attachment":[{"href":"https:\/\/iletim.istanbul.edu.tr\/index.php\/wp-json\/wp\/v2\/media?parent=8041"}],"wp:term":[{"taxonomy":"category","embeddable":true,"href":"https:\/\/iletim.istanbul.edu.tr\/index.php\/wp-json\/wp\/v2\/categories?post=8041"},{"taxonomy":"post_tag","embeddable":true,"href":"https:\/\/iletim.istanbul.edu.tr\/index.php\/wp-json\/wp\/v2\/tags?post=8041"}],"curies":[{"name":"wp","href":"https:\/\/api.w.org\/{rel}","templated":true}]}}