{"id":8055,"date":"2019-01-11T12:21:41","date_gmt":"2019-01-11T09:21:41","guid":{"rendered":"https:\/\/iletim.istanbul.edu.tr\/?p=8055"},"modified":"2019-01-11T12:21:41","modified_gmt":"2019-01-11T09:21:41","slug":"osmanli-donemi-muzik-eserleri-omarsivde","status":"publish","type":"post","link":"https:\/\/iletim.istanbul.edu.tr\/index.php\/2019\/01\/11\/osmanli-donemi-muzik-eserleri-omarsivde\/","title":{"rendered":"Osmanl\u0131 D\u00f6nemi M\u00fczik Eserleri OMAR\u015e\u0130V&#8217;de"},"content":{"rendered":"<p><strong style=\"font-size: 14px;color: #3b3b3b\">Ebru S\u00d6NMEZ<\/strong><\/p>\n<aside class=\"modern-quote pull alignright\"><b>T\u00fcm bu eserlerin dijital kopyalar\u0131n\u0131n de\u011ferlendirilebilece\u011fi bir bilgi havuzu, \u00fclkemiz k\u00fclt\u00fcr ve sanat d\u00fcnyas\u0131 i\u00e7in b\u00fcy\u00fck \u00f6nem ta\u015f\u0131yor.<\/b><\/p>\n<\/aside>\n<p>\u0130stanbul \u00dcniversitesi Osmanl\u0131 D\u00f6nemi M\u00fczi\u011fi Uygulama ve Ara\u015ft\u0131rma Merkezi\u2019nin (OMAR) Osmanl\u0131 D\u00f6nemi M\u00fczi\u011fi Multimedya Ar\u015fivi (OMAR\u015e\u0130V) Arama ve Kar\u015f\u0131la\u015ft\u0131rma Portal\u0131 Tan\u0131t\u0131m T\u00f6reni, 10 Ocak&#8217;ta \u0130\u00dc Rekt\u00f6rl\u00fck Binas\u0131 Mavi Salon\u2019da ger\u00e7ekle\u015ftirildi.\u00a0T\u00f6renin a\u00e7\u0131l\u0131\u015f konu\u015fmalar\u0131 \u0130\u00dc Rekt\u00f6r Yard\u0131mc\u0131s\u0131 Prof. Dr. Sedat Murat ve \u0130\u00dc OMAR M\u00fcd\u00fcr\u00fc Dr. G\u00f6n\u00fcl Pa\u00e7ac\u0131 taraf\u0131ndan yap\u0131ld\u0131.<\/p>\n<p><b>\u201c\u0130\u00dc K\u00fct\u00fcphanelerinde Bulunan M\u00fczik Eserleri \u00dczerinde Yap\u0131lan \u00c7al\u0131\u015fmalar OMAR Dan\u0131\u015fmanl\u0131\u011f\u0131yla S\u00fcrd\u00fcr\u00fcl\u00fcyor\u201d<br \/>\n<\/b><br \/>\n\u0130\u00dc Rekt\u00f6r Yard\u0131mc\u0131s\u0131 Prof. Dr. Sedat Murat yapt\u0131\u011f\u0131 a\u00e7\u0131l\u0131\u015f konu\u015fmas\u0131nda \u015funlar\u0131 dile getirdi: \u201cBug\u00fcn burada \u00e7ok de\u011ferli \u00e7al\u0131\u015fmalar\u0131n y\u00fcr\u00fct\u00fcld\u00fc\u011f\u00fc \u0130\u00dc OMAR\u015e\u0130V Arama ve Kar\u015f\u0131la\u015ft\u0131rma Portal\u0131 Tan\u0131t\u0131m T\u00f6reni i\u00e7in bir araya gelmi\u015f bulunmaktay\u0131z. \u0130stanbul \u00dcniversitesi\u2019nin \u00e7at\u0131s\u0131 alt\u0131nda, Dar\u00fclelhan\u2019\u0131n miras\u0131na yak\u0131\u015f\u0131r bi\u00e7imde bir model olu\u015fturman\u0131n yolu a\u00e7\u0131lm\u0131\u015f ve T\u00fcrk musikisinin \u2018uygulama-icra-e\u011fitim\u2019 boyutlar\u0131n\u0131n akademik seviyede yer bulmas\u0131 i\u00e7in \u00f6nemli bir karar al\u0131narak \u0130\u00dc OMAR kurulmu\u015ftur. Bu de\u011ferli \u00e7at\u0131 alt\u0131nda \u0130stanbul \u00dcniversitesi mensubu akademisyenlerin yan\u0131 s\u0131ra kendi alanlar\u0131nda \u00fclkemizin de\u011ferli bilim, k\u00fclt\u00fcr ve sanat insanlar\u0131 da \u00e7al\u0131\u015fmaktad\u0131r.\u201d<\/p>\n<p>\u0130\u00dc OMAR\u2019\u0131n ar\u015fivinde yer alan de\u011ferli m\u00fczikolojik malzemelerin de\u011ferlendirildi\u011fi, yeni ara\u015ft\u0131rma, seslendirme ve transnotasyon \u00e7al\u0131\u015fmalar\u0131n\u0131n yay\u0131nlanmakta oldu\u011fu bir birim h\u00fcviyetiyle faaliyet g\u00f6sterdi\u011fini vurgulayan \u0130\u00dc Rekt\u00f6r Yard\u0131mc\u0131s\u0131 Prof. Dr. Sedat Murat, \u201c\u0130\u00dc OMAR\u015e\u0130V projesi kapsam\u0131nda hem i\u00e7erik zenginle\u015ftirme ve malzeme toplama, hem de altyap\u0131 haz\u0131rlama, seslendirme vb. a\u00e7\u0131lardan \u00e7al\u0131\u015fmalar y\u00fcr\u00fct\u00fcl\u00fcyor. \u00d6nemli bir ad\u0131m olarak da \u0130stanbul \u00dcniversitesi k\u00fct\u00fcphanelerinde bulunan m\u00fczik eserleri \u00fczerinde yap\u0131lan \u00e7al\u0131\u015fmalar da OMAR dan\u0131\u015fmanl\u0131\u011f\u0131yla s\u00fcrd\u00fcr\u00fcl\u00fcyor. T\u00fcm bu eserlerin dijital kopyalar\u0131n\u0131n de\u011ferlendirilebilece\u011fi bir bilgi havuzu \u00fclkemiz k\u00fclt\u00fcr ve sanat d\u00fcnyas\u0131 i\u00e7in b\u00fcy\u00fck \u00f6nem ta\u015f\u0131yor. \u0130\u00dc OMAR\u015e\u0130V Arama ve Kar\u015f\u0131la\u015ft\u0131rma Portal\u0131\u2019n\u0131n \u00fcniversitemiz ve \u00fclkemiz i\u00e7in hay\u0131rl\u0131 olmas\u0131n\u0131 diliyorum\u201d ifadelerini kulland\u0131.<\/p>\n<figure id=\"attachment_8059\" aria-describedby=\"caption-attachment-8059\" style=\"width: 702px\" class=\"wp-caption alignnone\"><img decoding=\"async\" class=\"wp-image-8059 size-large\" src=\"https:\/\/iletim.istanbul.edu.tr\/wp-content\/uploads\/FileHandler-1-27-1024x683.jpg\" alt=\"\" width=\"702\" height=\"468\" srcset=\"https:\/\/iletim.istanbul.edu.tr\/wp-content\/uploads\/FileHandler-1-27-1024x683.jpg 1024w, https:\/\/iletim.istanbul.edu.tr\/wp-content\/uploads\/FileHandler-1-27-300x200.jpg 300w, https:\/\/iletim.istanbul.edu.tr\/wp-content\/uploads\/FileHandler-1-27-768x512.jpg 768w, https:\/\/iletim.istanbul.edu.tr\/wp-content\/uploads\/FileHandler-1-27.jpg 1620w\" sizes=\"(max-width: 702px) 100vw, 702px\" \/><figcaption id=\"caption-attachment-8059\" class=\"wp-caption-text\">Prof. Dr. Sedat Murat<\/figcaption><\/figure>\n<p><b>\u201cBu Toplant\u0131 A\u015fama Atlad\u0131\u011f\u0131m\u0131z\u0131 G\u00f6steren \u00d6nemli Bir Toplant\u0131\u201d<br \/>\n<\/b><br \/>\n\u0130\u00dc OMAR M\u00fcd\u00fcr\u00fc Dr. G\u00f6n\u00fcl Pa\u00e7ac\u0131 ise konu\u015fmas\u0131nda \u015fu ifadelerde bulundu: \u201cOMAR kuruldu\u011fundan beri \u00e7ok fazla sesli, g\u00f6r\u00fcnt\u00fcl\u00fc ve bas\u0131l\u0131 yay\u0131n yapt\u0131k ama bu toplant\u0131 a\u015fama atlad\u0131\u011f\u0131m\u0131z\u0131 g\u00f6steren \u00f6nemli bir toplant\u0131. Biz zaten \u00fcniversitemiz \u00e7at\u0131s\u0131 alt\u0131nda \u00f6nemli \u00e7al\u0131\u015fmalar\u0131 yapmaya g\u00f6n\u00fcll\u00fcyd\u00fck ve halen de devam ediyoruz. Bunlar\u0131n aras\u0131nda Dar\u00fclelhan K\u00fclliyat\u0131\u2019n\u0131n sesli ar\u015fivinin ta\u015f plaktan dijitalize edilip yay\u0131nlanmas\u0131 da var. Bunlar s\u00fcrerken Ankara\u2019dan, o d\u00f6nemki ad\u0131yla Kalk\u0131nma Bakanl\u0131\u011f\u0131 \u015fimdi Stratejik B\u00fct\u00e7e Daire Ba\u015fkanl\u0131\u011f\u0131, \u00f6nemli bir maddi destekte bulundu. \u00dcniversite buna memnuniyetle r\u0131za g\u00f6sterdi ve biz OMAR\u015e\u0130V projesini hayata ge\u00e7irdik. 11 de\u011ferli arkada\u015f\u0131m\u0131z istihdam edildi. Bu arkada\u015flar\u0131m\u0131z ayn\u0131 zamanda sanatk\u00e2r. Bug\u00fcn bu yay\u0131nlar\u0131m\u0131z\u0131n, s\u00fcregelen birtak\u0131m faaliyetlerimizin art\u0131k eri\u015fime a\u00e7\u0131ld\u0131\u011f\u0131, aramaya kar\u015f\u0131la\u015ft\u0131rmaya m\u00fcsait hale geldi\u011fi bir sitenin hizmete sunuldu\u011fu ilk a\u015fama olmas\u0131 nedeniyle \u00e7ok mutluyum. Eme\u011fi ge\u00e7en herkese \u00e7ok te\u015fekk\u00fcr ediyorum.\u201d<\/p>\n<figure id=\"attachment_8060\" aria-describedby=\"caption-attachment-8060\" style=\"width: 702px\" class=\"wp-caption alignnone\"><img decoding=\"async\" class=\"wp-image-8060 size-large\" src=\"https:\/\/iletim.istanbul.edu.tr\/wp-content\/uploads\/FileHandler-2-23-1024x683.jpg\" alt=\"\" width=\"702\" height=\"468\" srcset=\"https:\/\/iletim.istanbul.edu.tr\/wp-content\/uploads\/FileHandler-2-23-1024x683.jpg 1024w, https:\/\/iletim.istanbul.edu.tr\/wp-content\/uploads\/FileHandler-2-23-300x200.jpg 300w, https:\/\/iletim.istanbul.edu.tr\/wp-content\/uploads\/FileHandler-2-23-768x512.jpg 768w, https:\/\/iletim.istanbul.edu.tr\/wp-content\/uploads\/FileHandler-2-23.jpg 1620w\" sizes=\"(max-width: 702px) 100vw, 702px\" \/><figcaption id=\"caption-attachment-8060\" class=\"wp-caption-text\">Dr. G\u00f6n\u00fcl Pa\u00e7ac\u0131<\/figcaption><\/figure>\n<p>\u0130\u00dc OMAR M\u00fcd\u00fcr\u00fc Dr. G\u00f6n\u00fcl Pa\u00e7ac\u0131 konu\u015fmas\u0131n\u0131n ard\u0131ndan eri\u015fime a\u00e7\u0131lan sitenin nas\u0131l kullanaca\u011f\u0131na dair bir sunum ger\u00e7ekle\u015ftirdi.\u00a0<b><br \/>\n<\/b><br \/>\nSunumun ard\u0131ndan \u0130\u00dc OMAR M\u00fcd\u00fcr\u00fc Dr. G\u00f6n\u00fcl Pa\u00e7ac\u0131 \u015fefli\u011finde \u0130\u00dc OMAR T\u00fcrk M\u00fczi\u011fi \u0130cra Heyeti sahne ald\u0131. Konserde kanun, ud, ney, tambur, bendir ve klasik kemen\u00e7e gibi enstr\u00fcmanlar e\u015fli\u011finde \u201cM\u00fcntehabat Notalar\u0131ndan H\u00fczzam Fasl\u0131\u201d ve \u201cOsmanl\u0131ca Kaynaklardan \u00c7ocuk \u015eark\u0131lar\u0131\u201d icra edildi.<\/p>\n<p>T\u00f6rende ayr\u0131ca ge\u00e7ti\u011fimiz g\u00fcnlerde sahiplerini bulan Necip Faz\u0131l \u00d6d\u00fclleri T\u00f6reni\u2019nde Sayg\u0131 \u00d6d\u00fcl\u00fc alan Prof. Dr. Nevzat Atl\u0131\u011f ile ilgili k\u0131sa bir film g\u00f6sterimi oldu. T\u00fcrk musikisinin ya\u015fam sava\u015f\u0131 verdi\u011fi y\u0131llarda, \u00fcniversite korosundan ba\u015flayarak b\u00fct\u00fcn olu\u015fum ve kurumlarda g\u00f6rev alm\u0131\u015f, \u0130stanbul Devlet Klasik T\u00fcrk M\u00fczi\u011fi Korosu ve \u0130T\u00dc T\u00fcrk Musikisi Devlet Konservatuvar\u0131\u2019n\u0131n kurulu\u015funda \u00f6nc\u00fc rol \u00fcstlenmi\u015f olan Prof. Dr. Nevzat Atl\u0131\u011f b\u00fct\u00fcn ar\u015fivini \u0130stanbul \u00dcniversitesi\u2019ne ba\u011f\u0131\u015flad\u0131.<\/p>\n<p><b>\u0130\u00dc Bas\u0131n ve Halka \u0130li\u015fkiler M\u00fcd\u00fcrl\u00fc\u011f\u00fc\u00a0<\/b><\/p>\n<div id='gallery_1' class='gallery galleryid-8055 gallery-columns-3 gallery-size-large'><figure class='gallery-item'>\n                <div class='gallery-icon landscape'>\n                    <a href='https:\/\/iletim.istanbul.edu.tr\/wp-content\/uploads\/FileHandler-43.jpg'><img loading=\"lazy\" decoding=\"async\" width=\"1024\" height=\"683\" src=\"\" class=\"attachment-large size-large lazyload\" alt=\"\" data-src=\"https:\/\/iletim.istanbul.edu.tr\/wp-content\/uploads\/FileHandler-43-1024x683.jpg\" data-sizes=\"auto\" data-srcset=\"https:\/\/iletim.istanbul.edu.tr\/wp-content\/uploads\/FileHandler-43-1024x683.jpg 1024w, https:\/\/iletim.istanbul.edu.tr\/wp-content\/uploads\/FileHandler-43-300x200.jpg 300w, https:\/\/iletim.istanbul.edu.tr\/wp-content\/uploads\/FileHandler-43-768x512.jpg 768w, https:\/\/iletim.istanbul.edu.tr\/wp-content\/uploads\/FileHandler-43.jpg 1620w\" data-expand=\"700\" \/><\/a>\n                <\/div><\/figure><figure class='gallery-item'>\n                <div class='gallery-icon landscape'>\n                    <a href='https:\/\/iletim.istanbul.edu.tr\/wp-content\/uploads\/FileHandler-4-16.jpg'><img loading=\"lazy\" decoding=\"async\" width=\"1024\" height=\"683\" src=\"\" class=\"attachment-large size-large lazyload\" alt=\"\" data-src=\"https:\/\/iletim.istanbul.edu.tr\/wp-content\/uploads\/FileHandler-4-16-1024x683.jpg\" data-sizes=\"auto\" data-srcset=\"https:\/\/iletim.istanbul.edu.tr\/wp-content\/uploads\/FileHandler-4-16-1024x683.jpg 1024w, https:\/\/iletim.istanbul.edu.tr\/wp-content\/uploads\/FileHandler-4-16-300x200.jpg 300w, https:\/\/iletim.istanbul.edu.tr\/wp-content\/uploads\/FileHandler-4-16-768x512.jpg 768w, https:\/\/iletim.istanbul.edu.tr\/wp-content\/uploads\/FileHandler-4-16.jpg 1620w\" data-expand=\"700\" \/><\/a>\n                <\/div><\/figure><figure class='gallery-item'>\n                <div class='gallery-icon landscape'>\n                    <a href='https:\/\/iletim.istanbul.edu.tr\/wp-content\/uploads\/FileHandler-5-13.jpg'><img loading=\"lazy\" decoding=\"async\" width=\"1024\" height=\"683\" src=\"\" class=\"attachment-large size-large lazyload\" alt=\"\" data-src=\"https:\/\/iletim.istanbul.edu.tr\/wp-content\/uploads\/FileHandler-5-13-1024x683.jpg\" data-sizes=\"auto\" data-srcset=\"https:\/\/iletim.istanbul.edu.tr\/wp-content\/uploads\/FileHandler-5-13-1024x683.jpg 1024w, https:\/\/iletim.istanbul.edu.tr\/wp-content\/uploads\/FileHandler-5-13-300x200.jpg 300w, https:\/\/iletim.istanbul.edu.tr\/wp-content\/uploads\/FileHandler-5-13-768x512.jpg 768w, https:\/\/iletim.istanbul.edu.tr\/wp-content\/uploads\/FileHandler-5-13.jpg 1620w\" data-expand=\"700\" \/><\/a>\n                <\/div><\/figure><br style=\"clear: both\" \/>\n            <\/div>\n\n","protected":false},"excerpt":{"rendered":"<p>\u0130stanbul \u00dcniversitesi Osmanl\u0131 D\u00f6nemi M\u00fczi\u011fi Uygulama ve Ara\u015ft\u0131rma Merkezi\u2019nin (OMAR) Osmanl\u0131 D\u00f6nemi M\u00fczi\u011fi Multimedya Ar\u015fivi (OMAR\u015e\u0130V) Arama ve Kar\u015f\u0131la\u015ft\u0131rma Portal\u0131 Tan\u0131t\u0131m T\u00f6reni, 10 Ocak&#8217;ta \u0130\u00dc Rekt\u00f6rl\u00fck Binas\u0131 Mavi Salon\u2019da ger\u00e7ekle\u015ftirildi.<\/p>\n","protected":false},"author":14,"featured_media":8057,"comment_status":"open","ping_status":"open","sticky":false,"template":"","format":"standard","meta":{"jnews-multi-image_gallery":[],"jnews_single_post":[],"jnews_primary_category":[],"jnews_social_meta":[],"jnews_override_counter":[],"footnotes":""},"categories":[34],"tags":[],"class_list":["post-8055","post","type-post","status-publish","format-standard","has-post-thumbnail","hentry","category-universite"],"_links":{"self":[{"href":"https:\/\/iletim.istanbul.edu.tr\/index.php\/wp-json\/wp\/v2\/posts\/8055","targetHints":{"allow":["GET"]}}],"collection":[{"href":"https:\/\/iletim.istanbul.edu.tr\/index.php\/wp-json\/wp\/v2\/posts"}],"about":[{"href":"https:\/\/iletim.istanbul.edu.tr\/index.php\/wp-json\/wp\/v2\/types\/post"}],"author":[{"embeddable":true,"href":"https:\/\/iletim.istanbul.edu.tr\/index.php\/wp-json\/wp\/v2\/users\/14"}],"replies":[{"embeddable":true,"href":"https:\/\/iletim.istanbul.edu.tr\/index.php\/wp-json\/wp\/v2\/comments?post=8055"}],"version-history":[{"count":0,"href":"https:\/\/iletim.istanbul.edu.tr\/index.php\/wp-json\/wp\/v2\/posts\/8055\/revisions"}],"wp:featuredmedia":[{"embeddable":true,"href":"https:\/\/iletim.istanbul.edu.tr\/index.php\/wp-json\/wp\/v2\/media\/8057"}],"wp:attachment":[{"href":"https:\/\/iletim.istanbul.edu.tr\/index.php\/wp-json\/wp\/v2\/media?parent=8055"}],"wp:term":[{"taxonomy":"category","embeddable":true,"href":"https:\/\/iletim.istanbul.edu.tr\/index.php\/wp-json\/wp\/v2\/categories?post=8055"},{"taxonomy":"post_tag","embeddable":true,"href":"https:\/\/iletim.istanbul.edu.tr\/index.php\/wp-json\/wp\/v2\/tags?post=8055"}],"curies":[{"name":"wp","href":"https:\/\/api.w.org\/{rel}","templated":true}]}}