{"id":8072,"date":"2019-01-11T15:52:16","date_gmt":"2019-01-11T12:52:16","guid":{"rendered":"https:\/\/iletim.istanbul.edu.tr\/?p=8072"},"modified":"2019-01-11T15:52:16","modified_gmt":"2019-01-11T12:52:16","slug":"ulugbeyler-suheyl-unver-belgeseli-tamamlandi","status":"publish","type":"post","link":"https:\/\/iletim.istanbul.edu.tr\/index.php\/2019\/01\/11\/ulugbeyler-suheyl-unver-belgeseli-tamamlandi\/","title":{"rendered":"Ulu\u011fbeyler S\u00fcheyl \u00dcnver Belgeseli Tamamland\u0131"},"content":{"rendered":"<p>\u0130stanbul \u00dcniversitesi \u0130leti\u015fim Fak\u00fcltesi y\u00fcr\u00fct\u00fcc\u00fcl\u00fc\u011f\u00fcnde ger\u00e7ekle\u015ftirilen ve Yap\u0131mc\u0131l\u0131\u011f\u0131n\u0131 KOCAV Yay\u0131nc\u0131l\u0131k\u2019\u0131n yapt\u0131\u011f\u0131 \u201cUlu\u011fbeyler\u201d belgesel dizisinin \u00fc\u00e7\u00fcnc\u00fcs\u00fc olan \u201cUlu\u011fbeyler S\u00fcheyl \u00dcnver\u201d belgeseli tamamland\u0131. TC K\u00fclt\u00fcr ve Turizm Bakanl\u0131\u011f\u0131 Sinema Genel M\u00fcd\u00fcrl\u00fc\u011f\u00fc\u2019n\u00fcn yap\u0131m deste\u011fi ile ger\u00e7ekle\u015ftirilen belgeselin dan\u0131\u015fmanl\u0131\u011f\u0131n\u0131 Ord. Prof. Dr. S\u00fcheyl \u00dcnver\u2019in k\u0131z\u0131 G\u00fclb\u00fcn Mesara ve \u0130\u00dc \u0130leti\u015fim Fak\u00fcltesi Dekan\u0131 Prof. Dr. Erg\u00fcn Yolcu \u00fcstlendi.<\/p>\n<p>Yakla\u015f\u0131k bir y\u0131lda tamamlanan belgeselin y\u00f6netmenli\u011fini \u0130\u00dc \u0130leti\u015fim Fak\u00fcltesi Dr. \u00d6\u011fr. \u00dcyesi Mesut Aytekin, g\u00f6r\u00fcnt\u00fc y\u00f6netmenli\u011fini \u0130\u00dc \u0130leti\u015fim Fak\u00fcltesi Dr. \u00d6\u011fr. \u00dcyesi Onur Akyol, y\u00f6netmen yard\u0131mc\u0131l\u0131\u011f\u0131n\u0131 \u0130\u00dc \u0130leti\u015fim Fak\u00fcltesi Dr. \u00d6\u011fr. \u00dcyesi \u00dcmit Sar\u0131 yapt\u0131. \u0130\u00dc \u0130leti\u015fim Fak\u00fcltesi \u00f6\u011frencilerinin de g\u00f6rev ald\u0131\u011f\u0131 proje, akademisyen ve \u00f6\u011frencileri bir araya getirdi.<\/p>\n<p><strong>K\u00f6pr\u00fc \u0130nsan Ord. Prof. Dr. S\u00fcheyl \u00dcnver<\/strong><\/p>\n<p>Minyat\u00fcr, hat, tezhip ve resim alan\u0131nda bir\u00e7ok \u00e7al\u0131\u015fmaya imza atm\u0131\u015f Ord. Prof. Dr. S\u00fcheyl \u00dcnver, T\u00fcrkiye\u2019de k\u00fclt\u00fcr, bilim ve t\u0131p tarihi denildi\u011finde akla ilk gelen isimlerden biridir. Ulu\u011fbeyler S\u00fcheyl \u00dcnver Belgeseli\u2019nde, \u00dcnver\u2019in T\u00fcrkiye\u2019de t\u0131p tarihi ara\u015ft\u0131rmalar\u0131n\u0131n temellerini atmas\u0131, hat, tezhip, minyat\u00fcr ve mimar\u00ee eserlerin tespiti ve tan\u0131t\u0131m\u0131 noktas\u0131nda ola\u011fan\u00fcst\u00fc gayret ve hizmetleri, ar\u015fivcilik \u00e7al\u0131\u015fmalar\u0131 ve T\u00fcrk k\u00fclt\u00fcr\u00fcne olan katk\u0131s\u0131 anlat\u0131ld\u0131.<\/p>\n<p>Belgeselde G\u00fclb\u00fcn Mesara, Azade Akar, Prof. Dr. \u00c7i\u00e7ek Derman, Prof. Dr. U\u011fur Derman, Prof. Dr. Aykut Kazanc\u0131gil, H\u00fcseyin Kutlu, \u00dclker Erke, \u0130nci Ayan Birol, M\u00fcjgan \u00dc\u00e7er, D\u00fcrdane \u00dcnver, Be\u015fir Ayvazo\u011flu, Prof. Dr. H\u00fcsrev Hatemi, Semih \u0130rte\u015f, Prof. Dr. Ayten Alt\u0131nta\u015f, Prof. Dr. G\u00fclten Din\u00e7 ve Nimet Sanl\u0131man gibi Ord. Prof. Dr. S\u00fcheyl \u00dcnver\u2019i bizzat tan\u0131m\u0131\u015f 16 isimle r\u00f6portajlar ge\u00e7ekle\u015ftirildi. \u00c7ekimleri \u0130stanbul, Sivas ve \u0130zmir\u2019de yap\u0131lan belgesel i\u00e7in 20 saati a\u015fk\u0131n g\u00f6r\u00fcnt\u00fc \u00e7ekildi. Belgeselin m\u00fczikleri Emre Berk\u00fcn taraf\u0131ndan \u00f6zel olarak yap\u0131ld\u0131. Kurgusu 2 hafta s\u00fcren 60 dakikal\u0131k belgeselde 20 ki\u015filik bir ekip g\u00f6rev ald\u0131.<\/p>\n<p>Ord. Prof. Dr. S\u00fcheyl \u00dcnver\u2019in kendi sesinden okudu\u011fu bir \u015fiirinin de renk katt\u0131\u011f\u0131 belgesel i\u00e7in G\u00fclb\u00fcn Mesara, Semih \u0130rte\u015f, Prof. Dr. \u00c7i\u00e7ek Derman, D\u00fcrdane \u00dcnver, \u0130nci Ayan Birol ve Prof. Dr. G\u00fclten Din\u00e7 \u00f6zel ar\u015fivlerini a\u00e7t\u0131.<\/p>\n<p>Ulu\u011fbeyler S\u00fcheyl \u00dcnver belgeselinin 2019\u2019da yap\u0131lacak galas\u0131n\u0131n ard\u0131ndan proje kapsam\u0131nda haz\u0131rlanmas\u0131 planlanan kitap \u00e7al\u0131\u015fmas\u0131 ile Ord. Prof. Dr. S\u00fcheyl \u00dcnver\u2019in hayat\u0131 ve \u00e7al\u0131\u015fmalar\u0131n\u0131n gelecek ku\u015faklara aktar\u0131lmas\u0131 hedefleniyor.<\/p>\n<p><strong>Ord. Prof. Dr.<\/strong> <strong>S\u00fcheyl \u00dcnver&#8217;in E\u015fsiz Miras\u0131\u00a0<\/strong><\/p>\n<p>\u201cUlu\u011fbeyler S\u00fcheyl \u00dcnver\u201d belgesel film projesine ili\u015fkin a\u00e7\u0131klama yapan y\u00f6netmen Dr. \u00d6\u011fr. \u00dcyesi Mesut Aytekin, \u00e7ok y\u00f6nl\u00fc ki\u015fili\u011fi, \u00fcretkenli\u011fi, yard\u0131mseverli\u011fi ve bilgeli\u011fi ile Ord. Prof. Dr. S\u00fcheyl \u00dcnver&#8217;in bug\u00fcn\u00fcn modern d\u00fcnyas\u0131nda kaybolan gen\u00e7li\u011fimiz i\u00e7in bir rol model oldu\u011funu vurgulayarak, \u00dcnver\u2019in konformizmin yayg\u0131nla\u015ft\u0131\u011f\u0131, birlik ve beraberli\u011fimizin azald\u0131\u011f\u0131 \u015fu d\u00f6nemde ortak de\u011ferlerimizde bir araya gelerek estetik \u00fcretimler yapabilece\u011fimizin bir kan\u0131t\u0131 oldu\u011funu belirtti. Dr. \u00d6\u011fr. \u00dcyesi Aytekin, \u201cOrd. Prof. Dr. S\u00fcheyl \u00dcnver bu g\u00fczide millete hizmet etmek i\u00e7in var g\u00fcc\u00fc ile \u00e7al\u0131\u015ft\u0131, sadece anlatarak de\u011fil \u2018hal\u2019 dili ile de bir\u00e7ok g\u00fczelli\u011fe vesile oldu.\u201d \u015feklinde konu\u015ftu.<\/p>\n<p>Ord. Prof. Dr. S\u00fcheyl \u00dcnver&#8217;in T\u00fcrk k\u00fclt\u00fcr\u00fc i\u00e7in e\u015fsiz bir miras b\u0131rakt\u0131\u011f\u0131n\u0131 belirten Dr. \u00d6\u011fr. \u00dcyesi Aytekin, \u201c\u00d6mr\u00fcn\u00fc t\u0131p, sanat ve k\u00fclt\u00fcr tarihimize adam\u0131\u015f bir k\u00fclt\u00fcr adam\u0131 olan Ord. Prof. Dr. S\u00fcheyl \u00dcnver, arkas\u0131nda bas\u0131l\u0131 eserlerinin d\u0131\u015f\u0131nda binlerce defter ve not b\u0131rakm\u0131\u015f derin bir deryad\u0131r. Belgeselimizde bu deryan\u0131n \u00f6z\u00fcn\u00fc vermeye \u00e7al\u0131\u015ft\u0131k. S\u00fcheyl hocan\u0131n ele al\u0131nmay\u0131 bekleyen pek \u00e7ok \u00f6zelli\u011fi, \u00e7al\u0131\u015fmas\u0131 ve miras\u0131 var.\u201d diyerek bu ba\u011flamda Ord. Prof. Dr. S\u00fcheyl \u00dcnver \u00fczerine \u00e7al\u0131\u015fmalar\u0131n\u0131 s\u00fcrd\u00fcreceklerini ifade etti.<\/p>\n<p><strong>Bilim ve K\u00fclt\u00fcr Hayat\u0131m\u0131za Y\u00f6n Veren Ulu\u011fbeyler\u2026<\/strong><\/p>\n<p>\u201cUlu\u011fbeyler\u201d ad\u0131yla hayata ge\u00e7irilen belgesel dizisinde T\u00fcrk bilim, k\u00fclt\u00fcr, sanat hayat\u0131na damga vurmu\u015f \u00f6nemli isimler anlat\u0131lmaktad\u0131r. Bug\u00fcne kadar Turan Yazgan, Emin I\u015f\u0131k ve Ord. Prof. Dr. S\u00fcheyl \u00dcnver gibi \u00fc\u00e7 \u00f6nemli isim belgeselle\u015ftirilmi\u015ftir. Ulu\u011fbeyler belgesel dizisi TC K\u00fclt\u00fcr ve Turizm Bakanl\u0131\u011f\u0131 Sinema Genel M\u00fcd\u00fcrl\u00fc\u011f\u00fc taraf\u0131ndan desteklenmektedir.<\/p>\n<div id='gallery_1' class='gallery galleryid-8072 gallery-columns-4 gallery-size-large'><figure class='gallery-item'>\n                <div class='gallery-icon landscape'>\n                    <a href='https:\/\/iletim.istanbul.edu.tr\/wp-content\/uploads\/g\u00fclb\u00fcn-mesara.jpg'><img loading=\"lazy\" decoding=\"async\" width=\"960\" height=\"720\" src=\"\" class=\"attachment-large size-large lazyload\" alt=\"\" data-src=\"https:\/\/iletim.istanbul.edu.tr\/wp-content\/uploads\/g\u00fclb\u00fcn-mesara.jpg\" data-sizes=\"auto\" data-srcset=\"https:\/\/iletim.istanbul.edu.tr\/wp-content\/uploads\/g\u00fclb\u00fcn-mesara.jpg 960w, https:\/\/iletim.istanbul.edu.tr\/wp-content\/uploads\/g\u00fclb\u00fcn-mesara-300x225.jpg 300w, https:\/\/iletim.istanbul.edu.tr\/wp-content\/uploads\/g\u00fclb\u00fcn-mesara-768x576.jpg 768w\" data-expand=\"700\" \/><\/a>\n                <\/div><\/figure><figure class='gallery-item'>\n                <div class='gallery-icon portrait'>\n                    <a href='https:\/\/iletim.istanbul.edu.tr\/wp-content\/uploads\/prof.-dr.-\u00e7i\u00e7ek-derman.jpg'><img loading=\"lazy\" decoding=\"async\" width=\"768\" height=\"863\" src=\"\" class=\"attachment-large size-large lazyload\" alt=\"\" data-src=\"https:\/\/iletim.istanbul.edu.tr\/wp-content\/uploads\/prof.-dr.-\u00e7i\u00e7ek-derman.jpg\" data-sizes=\"auto\" data-srcset=\"https:\/\/iletim.istanbul.edu.tr\/wp-content\/uploads\/prof.-dr.-\u00e7i\u00e7ek-derman.jpg 768w, https:\/\/iletim.istanbul.edu.tr\/wp-content\/uploads\/prof.-dr.-\u00e7i\u00e7ek-derman-267x300.jpg 267w\" data-expand=\"700\" \/><\/a>\n                <\/div><\/figure><figure class='gallery-item'>\n                <div class='gallery-icon landscape'>\n                    <a href='https:\/\/iletim.istanbul.edu.tr\/wp-content\/uploads\/prof.-dr.-u\u011fur-derman.jpg'><img loading=\"lazy\" decoding=\"async\" width=\"960\" height=\"720\" src=\"\" class=\"attachment-large size-large lazyload\" alt=\"\" data-src=\"https:\/\/iletim.istanbul.edu.tr\/wp-content\/uploads\/prof.-dr.-u\u011fur-derman.jpg\" data-sizes=\"auto\" data-srcset=\"https:\/\/iletim.istanbul.edu.tr\/wp-content\/uploads\/prof.-dr.-u\u011fur-derman.jpg 960w, https:\/\/iletim.istanbul.edu.tr\/wp-content\/uploads\/prof.-dr.-u\u011fur-derman-300x225.jpg 300w, https:\/\/iletim.istanbul.edu.tr\/wp-content\/uploads\/prof.-dr.-u\u011fur-derman-768x576.jpg 768w\" data-expand=\"700\" \/><\/a>\n                <\/div><\/figure><figure class='gallery-item'>\n                <div class='gallery-icon landscape'>\n                    <a href='https:\/\/iletim.istanbul.edu.tr\/wp-content\/uploads\/semih-irte\u015f.jpg'><img loading=\"lazy\" decoding=\"async\" width=\"960\" height=\"720\" src=\"\" class=\"attachment-large size-large lazyload\" alt=\"\" data-src=\"https:\/\/iletim.istanbul.edu.tr\/wp-content\/uploads\/semih-irte\u015f.jpg\" data-sizes=\"auto\" data-srcset=\"https:\/\/iletim.istanbul.edu.tr\/wp-content\/uploads\/semih-irte\u015f.jpg 960w, https:\/\/iletim.istanbul.edu.tr\/wp-content\/uploads\/semih-irte\u015f-300x225.jpg 300w, https:\/\/iletim.istanbul.edu.tr\/wp-content\/uploads\/semih-irte\u015f-768x576.jpg 768w\" data-expand=\"700\" \/><\/a>\n                <\/div><\/figure><br style=\"clear: both\" \/>\n            <\/div>\n\n","protected":false},"excerpt":{"rendered":"<p>\u0130stanbul \u00dcniversitesi \u0130leti\u015fim Fak\u00fcltesi y\u00fcr\u00fct\u00fcc\u00fcl\u00fc\u011f\u00fcnde ger\u00e7ekle\u015ftirilen ve Yap\u0131mc\u0131l\u0131\u011f\u0131n\u0131 KOCAV Yay\u0131nc\u0131l\u0131k\u2019\u0131n yapt\u0131\u011f\u0131 \u201cUlu\u011fbeyler\u201d belgesel dizisinin \u00fc\u00e7\u00fcnc\u00fcs\u00fc olan \u201cUlu\u011fbeyler S\u00fcheyl \u00dcnver\u201d belgeseli tamamland\u0131. TC K\u00fclt\u00fcr ve Turizm Bakanl\u0131\u011f\u0131 Sinema Genel M\u00fcd\u00fcrl\u00fc\u011f\u00fc\u2019n\u00fcn yap\u0131m deste\u011fi ile ger\u00e7ekle\u015ftirilen belgeselin dan\u0131\u015fmanl\u0131\u011f\u0131n\u0131 Ord. Prof. Dr. S\u00fcheyl \u00dcnver\u2019in k\u0131z\u0131 G\u00fclb\u00fcn Mesara ve \u0130\u00dc \u0130leti\u015fim Fak\u00fcltesi Dekan\u0131 Prof. Dr. Erg\u00fcn Yolcu \u00fcstlendi.<\/p>\n","protected":false},"author":14,"featured_media":8073,"comment_status":"open","ping_status":"open","sticky":false,"template":"","format":"standard","meta":{"jnews-multi-image_gallery":[],"jnews_single_post":[],"jnews_primary_category":[],"jnews_social_meta":[],"jnews_override_counter":[],"footnotes":""},"categories":[30],"tags":[],"class_list":["post-8072","post","type-post","status-publish","format-standard","has-post-thumbnail","hentry","category-kultur-sanat"],"_links":{"self":[{"href":"https:\/\/iletim.istanbul.edu.tr\/index.php\/wp-json\/wp\/v2\/posts\/8072","targetHints":{"allow":["GET"]}}],"collection":[{"href":"https:\/\/iletim.istanbul.edu.tr\/index.php\/wp-json\/wp\/v2\/posts"}],"about":[{"href":"https:\/\/iletim.istanbul.edu.tr\/index.php\/wp-json\/wp\/v2\/types\/post"}],"author":[{"embeddable":true,"href":"https:\/\/iletim.istanbul.edu.tr\/index.php\/wp-json\/wp\/v2\/users\/14"}],"replies":[{"embeddable":true,"href":"https:\/\/iletim.istanbul.edu.tr\/index.php\/wp-json\/wp\/v2\/comments?post=8072"}],"version-history":[{"count":0,"href":"https:\/\/iletim.istanbul.edu.tr\/index.php\/wp-json\/wp\/v2\/posts\/8072\/revisions"}],"wp:featuredmedia":[{"embeddable":true,"href":"https:\/\/iletim.istanbul.edu.tr\/index.php\/wp-json\/wp\/v2\/media\/8073"}],"wp:attachment":[{"href":"https:\/\/iletim.istanbul.edu.tr\/index.php\/wp-json\/wp\/v2\/media?parent=8072"}],"wp:term":[{"taxonomy":"category","embeddable":true,"href":"https:\/\/iletim.istanbul.edu.tr\/index.php\/wp-json\/wp\/v2\/categories?post=8072"},{"taxonomy":"post_tag","embeddable":true,"href":"https:\/\/iletim.istanbul.edu.tr\/index.php\/wp-json\/wp\/v2\/tags?post=8072"}],"curies":[{"name":"wp","href":"https:\/\/api.w.org\/{rel}","templated":true}]}}