{"id":8166,"date":"2019-01-21T14:00:47","date_gmt":"2019-01-21T11:00:47","guid":{"rendered":"https:\/\/iletim.istanbul.edu.tr\/?p=8166"},"modified":"2019-08-06T11:01:14","modified_gmt":"2019-08-06T08:01:14","slug":"cocukluk-cagi-kanseri-losemi","status":"publish","type":"post","link":"https:\/\/iletim.istanbul.edu.tr\/index.php\/2019\/01\/21\/cocukluk-cagi-kanseri-losemi\/","title":{"rendered":"\u00c7ocukluk \u00c7a\u011f\u0131 Kanseri: L\u00f6semi"},"content":{"rendered":"<p><strong>Emine \u00d6zge KONDAK\u00c7I<\/strong><\/p>\n<p>\u00c7ocukluk \u00e7a\u011f\u0131 kanserleri aras\u0131nda birinci s\u0131rada olan l\u00f6semi ile ilgili \u0130stanbul \u00dcniversitesi Aziz Sancar Deneysel T\u0131p Ara\u015ft\u0131rma Enstit\u00fcs\u00fc Genetik Ana Bilim Dal\u0131 \u00d6\u011fretim \u00dcyesi Prof. Dr. M\u00fcge Sayito\u011flu bilgi verdi.<\/p>\n<p>L\u00f6semi, \u00e7ocukluk \u00e7a\u011f\u0131 kanserlerinde ilk s\u0131rada yer al\u0131yor ve kanser vakalar\u0131n\u0131n da y\u00fczde 35\u2019ini olu\u015fturuyor. Tedavi edilmedi\u011finde \u00f6l\u00fcmc\u00fcl olabilen kan kanseri t\u00fcr\u00fc, h\u00fccre cinsine g\u00f6re iki ana gruba ayr\u0131l\u0131yor ve T\u00fcrkiye\u2019de her y\u0131l 16 ya\u015f\u0131n alt\u0131nda 1200 ile 1500 aras\u0131 rakamlarla, yeni l\u00f6semili \u00e7ocuk vakas\u0131 bildiriliyor. L\u00f6semi her ya\u015fta g\u00f6r\u00fclebiliyor ve en s\u0131k g\u00f6r\u00fcld\u00fc\u011f\u00fc \u00e7ocukluk \u00e7a\u011f\u0131, 2-5 ya\u015f grubu. \u00a01 ya\u015f\u0131n alt\u0131nda ve 10 ya\u015f\u0131n \u00fcst\u00fcndeki yeni vakalarda tedaviye cevab\u0131n azald\u0131\u011f\u0131 hastal\u0131kla ilgili olarak, \u0130stanbul \u00dcniversitesi Aziz Sancar Deneysel T\u0131p Ara\u015ft\u0131rma Enstit\u00fcs\u00fc Genetik Ana Bilim Dal\u0131 \u00d6\u011fretim \u00dcyesi Prof. Dr. M\u00fcge Sayito\u011flu bilgi verdi.<\/p>\n<p>Sigara duman\u0131, hava kirlili\u011fi, zararl\u0131 kimyasallara maruz kalma, radyasyon gibi fakt\u00f6rlerin DNA\u2019da k\u0131r\u0131klar meydana getirerek kanseri, \u00f6zellikle l\u00f6semiyi ciddi anlamda tetikledi\u011fini vurgulayan Prof. Dr. Sayito\u011flu, az da olsa kal\u0131tsal fakt\u00f6rlerin de etkili oldu\u011funu ve genlerdeki yatk\u0131nl\u0131k sebebinin de l\u00f6semiyi tetikledi\u011fini s\u00f6yledi.<\/p>\n<figure id=\"attachment_8168\" aria-describedby=\"caption-attachment-8168\" style=\"width: 702px\" class=\"wp-caption alignnone\"><img decoding=\"async\" class=\"wp-image-8168 size-full\" src=\"https:\/\/iletim.istanbul.edu.tr\/wp-content\/uploads\/Untitled-1-269.jpg\" alt=\"\" width=\"702\" height=\"336\" srcset=\"https:\/\/iletim.istanbul.edu.tr\/wp-content\/uploads\/Untitled-1-269.jpg 702w, https:\/\/iletim.istanbul.edu.tr\/wp-content\/uploads\/Untitled-1-269-300x144.jpg 300w\" sizes=\"(max-width: 702px) 100vw, 702px\" \/><figcaption id=\"caption-attachment-8168\" class=\"wp-caption-text\">Kaynak: L\u00d6SEV<\/figcaption><\/figure>\n<p><strong>L\u00f6semide Tedavi A\u015famas\u0131<\/strong><\/p>\n<p>L\u00f6semi tedavisinde kombine yani tek bir ilaca ba\u011fl\u0131 olmayan, bir\u00e7ok ilac\u0131n yer ald\u0131\u011f\u0131 kemoterapilerin uyguland\u0131\u011f\u0131n\u0131 belirten Prof. Dr. Sayito\u011flu, tedavide temel amac\u0131n \u201cyo\u011fun bir tedavi uygulayarak b\u00fct\u00fcn kanser h\u00fccrelerini ortadan kald\u0131rmak, daha sonra idame tedavilere ge\u00e7mek\u201d oldu\u011funu s\u00f6yledi.<\/p>\n<p><strong>Tedavide Mutlulu\u011fun Etkisi<\/strong><\/p>\n<p>Prof. Dr. Sayito\u011flu, her t\u00fcrl\u00fc hastal\u0131\u011f\u0131n tedavisinde oldu\u011fu gibi l\u00f6semi tedavisinde de pozitif d\u00fc\u015f\u00fcncenin \u00f6nemine de\u011finerek; \u201cL\u00f6semi tedavisinde de pozitif d\u00fc\u015f\u00fcnmenin, hayata tutunman\u0131n, mutlu olman\u0131n kesinlikle olumlu bir etkisi var. Hormonlar v\u00fccudumuzdaki pek \u00e7ok fizyolojik olay\u0131 da tetikliyor ve diren\u00e7 kazanmam\u0131za yard\u0131mc\u0131 oluyor\u201d dedi.<\/p>\n<p><strong>\u201cL\u00f6semi Nadir Bir Hastal\u0131k\u201d<\/strong><\/p>\n<p>Prof. Dr. Sayito\u011flu, l\u00f6seminin \u00e7ok nadir bir hastal\u0131k oldu\u011funu, en s\u0131k g\u00f6r\u00fclen l\u00f6seminin y\u00fczde 1 ile 4 aras\u0131nda oldu\u011funu belirtti ve s\u00f6zlerini \u201cNadir hastal\u0131klar\u0131n \u00e7o\u011fu tedavi edilemez hastal\u0131klardan olu\u015furken, l\u00f6semi tedavi edilebilir bir hastal\u0131kt\u0131r. \u00d6zellikle \u00e7ocukluk \u00e7a\u011f\u0131 l\u00f6semilerinde tedavi \u015fans\u0131m\u0131z \u00e7ok y\u00fcksek\u201d \u015feklinde s\u00fcrd\u00fcrd\u00fc.<\/p>\n<p><strong>\u201c\u00dclkemizde Uygulanan Protokoller Avrupa\u2019dakiler ile Ayn\u0131\u201d<\/strong><\/p>\n<p>Prof. Dr. Sayito\u011flu, \u00fclkemizde l\u00f6semi tedavisinde kullan\u0131lan protokollerin Avrupa\u2019da bir\u00e7ok yerde kullan\u0131lan tedavi protokolleri ile ayn\u0131 oldu\u011funu, dolay\u0131s\u0131yla Avrupa\u2019da tedavilerde elde edilen ba\u015far\u0131 ile ayn\u0131 oranda ba\u015far\u0131 elde etmenin de m\u00fcmk\u00fcn oldu\u011funu vurgulad\u0131.<\/p>\n<p><img decoding=\"async\" class=\"alignnone wp-image-8169\" src=\"https:\/\/iletim.istanbul.edu.tr\/wp-content\/uploads\/95651a96-0612-4a6b-a2f8-6e480dcdeee8-225x300.jpg\" alt=\"\" width=\"500\" height=\"667\" srcset=\"https:\/\/iletim.istanbul.edu.tr\/wp-content\/uploads\/95651a96-0612-4a6b-a2f8-6e480dcdeee8-225x300.jpg 225w, https:\/\/iletim.istanbul.edu.tr\/wp-content\/uploads\/95651a96-0612-4a6b-a2f8-6e480dcdeee8-768x1024.jpg 768w, https:\/\/iletim.istanbul.edu.tr\/wp-content\/uploads\/95651a96-0612-4a6b-a2f8-6e480dcdeee8.jpg 1200w\" sizes=\"(max-width: 500px) 100vw, 500px\" \/><\/p>\n<p><strong>\u201c\u00c7ok Steril Ortamlarda Yeti\u015ftirilen Bebeklerde L\u00f6semi Riski Daha Y\u00fcksek\u201d<\/strong><\/p>\n<p>Prof. Dr. Sayito\u011flu, yap\u0131lan son \u00e7al\u0131\u015fmalar\u0131n erken d\u00f6nemde \u00e7ok steril ortamlarda yeti\u015ftirilen bebeklerde l\u00f6semi riskinin y\u00fcksek oldu\u011funu g\u00f6sterdi\u011fini belirtti ve \u00e7ocuklar\u0131n ba\u011f\u0131\u015f\u0131kl\u0131k sistemini kuvvetlendirmenin gereklili\u011fini vurgulad\u0131. Ba\u011f\u0131\u015f\u0131kl\u0131k sistemine, \u00e7ocuklar\u0131 daha \u00e7ok mikroorganizma ile tan\u0131\u015ft\u0131rarak diren\u00e7 kazand\u0131r\u0131labilece\u011fini ancak ki\u015fisel hijyene de ayr\u0131ca dikkat edilmesi gerekti\u011fini de\u011findi.<\/p>\n<p><strong>\u201cL\u00f6semide Maske \u00d6n Yarg\u0131s\u0131\u201d<\/strong><\/p>\n<p>L\u00f6semi hastalar\u0131n\u0131n takt\u0131\u011f\u0131 maskelerin onlar\u0131 tedavi s\u00fcrecinde korumak ama\u00e7l\u0131 oldu\u011funu hat\u0131rlatan Prof. Dr. Sayito\u011flu, \u00f6zellikle nakiller s\u00f6z konusu oldu\u011funda d\u0131\u015far\u0131dan gelebilecek en ufak bir bakterinin hastan\u0131n hayat\u0131 a\u00e7\u0131s\u0131ndan ciddi tehlike yaratabilece\u011fini, hastalar\u0131n maske kullan\u0131m amac\u0131n\u0131n bula\u015f\u0131c\u0131 bir hastal\u0131klar\u0131 oldu\u011fu i\u00e7in de\u011fil, hastalar\u0131 tedavi s\u00fcrecinde d\u0131\u015far\u0131dan gelecek tehlikelere kar\u015f\u0131 korumak i\u00e7in oldu\u011funu belirtti. Prof. Dr. Sayito\u011flu, \u201cMaalesef \u00fclkemizde \u00f6n yarg\u0131lar \u00e7ok fazla, bu \u00f6n yarg\u0131lar\u0131 k\u0131rmak i\u00e7in fark\u0131ndal\u0131k yaratabiliriz. Bu konuyu daha \u00e7ok konu\u015farak, l\u00f6seminin bula\u015f\u0131c\u0131 bir hastal\u0131k olmad\u0131\u011f\u0131n\u0131, maskenin neden tak\u0131ld\u0131\u011f\u0131n\u0131 insanlara anlatabiliriz\u201d diyerek s\u00f6zlerini noktalad\u0131.<\/p>\n<p><img decoding=\"async\" class=\"alignnone wp-image-8171 size-full\" src=\"https:\/\/iletim.istanbul.edu.tr\/wp-content\/uploads\/IMG_2710-1.png\" alt=\"\" width=\"483\" height=\"483\" srcset=\"https:\/\/iletim.istanbul.edu.tr\/wp-content\/uploads\/IMG_2710-1.png 483w, https:\/\/iletim.istanbul.edu.tr\/wp-content\/uploads\/IMG_2710-1-150x150.png 150w, https:\/\/iletim.istanbul.edu.tr\/wp-content\/uploads\/IMG_2710-1-300x300.png 300w\" sizes=\"(max-width: 483px) 100vw, 483px\" \/><\/p>\n","protected":false},"excerpt":{"rendered":"<p>L\u00f6semi, \u00e7ocukluk \u00e7a\u011f\u0131 kanserlerinde ilk s\u0131rada yer al\u0131yor ve kanser vakalar\u0131n\u0131n da y\u00fczde 35\u2019ini olu\u015fturuyor. Tedavi edilmedi\u011finde \u00f6l\u00fcmc\u00fcl olabilen kan kanseri t\u00fcr\u00fc, h\u00fccre cinsine g\u00f6re iki ana gruba ayr\u0131l\u0131yor ve T\u00fcrkiye\u2019de her y\u0131l 16 ya\u015f\u0131n alt\u0131nda 1200 ile 1500 aras\u0131 rakamlarla, yeni l\u00f6semili \u00e7ocuk vakas\u0131 bildiriliyor. L\u00f6semi her ya\u015fta g\u00f6r\u00fclebiliyor ve en s\u0131k g\u00f6r\u00fcld\u00fc\u011f\u00fc \u00e7ocukluk \u00e7a\u011f\u0131, 2-5 ya\u015f grubu. \u00a01 ya\u015f\u0131n alt\u0131nda ve 10 ya\u015f\u0131n \u00fcst\u00fcndeki yeni vakalarda tedaviye cevab\u0131n azald\u0131\u011f\u0131 hastal\u0131kla ilgili olarak, \u0130stanbul \u00dcniversitesi Aziz Sancar Deneysel T\u0131p Ara\u015ft\u0131rma Enstit\u00fcs\u00fc Genetik Ana Bilim Dal\u0131 \u00d6\u011fretim \u00dcyesi Prof. Dr. M\u00fcge Sayito\u011flu bilgi verdi.<\/p>\n<p>Sigara duman\u0131, hava kirlili\u011fi, zararl\u0131 kimyasallara maruz kalma, radyasyon gibi fakt\u00f6rlerin DNA\u2019da k\u0131r\u0131klar meydana getirerek kanseri, \u00f6zellikle l\u00f6semiyi ciddi anlamda tetikledi\u011fini vurgulayan Prof. Dr. Sayito\u011flu, az da olsa kal\u0131tsal fakt\u00f6rlerin de etkili oldu\u011funu ve genlerdeki yatk\u0131nl\u0131k sebebinin de l\u00f6semiyi tetikledi\u011fini s\u00f6yledi.<\/p>\n","protected":false},"author":14,"featured_media":8206,"comment_status":"open","ping_status":"open","sticky":false,"template":"","format":"standard","meta":{"jnews-multi-image_gallery":[],"jnews_single_post":[],"jnews_primary_category":[],"jnews_social_meta":[],"jnews_override_counter":[],"footnotes":""},"categories":[32],"tags":[],"class_list":["post-8166","post","type-post","status-publish","format-standard","has-post-thumbnail","hentry","category-saglik"],"_links":{"self":[{"href":"https:\/\/iletim.istanbul.edu.tr\/index.php\/wp-json\/wp\/v2\/posts\/8166","targetHints":{"allow":["GET"]}}],"collection":[{"href":"https:\/\/iletim.istanbul.edu.tr\/index.php\/wp-json\/wp\/v2\/posts"}],"about":[{"href":"https:\/\/iletim.istanbul.edu.tr\/index.php\/wp-json\/wp\/v2\/types\/post"}],"author":[{"embeddable":true,"href":"https:\/\/iletim.istanbul.edu.tr\/index.php\/wp-json\/wp\/v2\/users\/14"}],"replies":[{"embeddable":true,"href":"https:\/\/iletim.istanbul.edu.tr\/index.php\/wp-json\/wp\/v2\/comments?post=8166"}],"version-history":[{"count":0,"href":"https:\/\/iletim.istanbul.edu.tr\/index.php\/wp-json\/wp\/v2\/posts\/8166\/revisions"}],"wp:featuredmedia":[{"embeddable":true,"href":"https:\/\/iletim.istanbul.edu.tr\/index.php\/wp-json\/wp\/v2\/media\/8206"}],"wp:attachment":[{"href":"https:\/\/iletim.istanbul.edu.tr\/index.php\/wp-json\/wp\/v2\/media?parent=8166"}],"wp:term":[{"taxonomy":"category","embeddable":true,"href":"https:\/\/iletim.istanbul.edu.tr\/index.php\/wp-json\/wp\/v2\/categories?post=8166"},{"taxonomy":"post_tag","embeddable":true,"href":"https:\/\/iletim.istanbul.edu.tr\/index.php\/wp-json\/wp\/v2\/tags?post=8166"}],"curies":[{"name":"wp","href":"https:\/\/api.w.org\/{rel}","templated":true}]}}