{"id":8242,"date":"2019-02-01T11:22:23","date_gmt":"2019-02-01T08:22:23","guid":{"rendered":"https:\/\/iletim.istanbul.edu.tr\/?p=8242"},"modified":"2019-02-01T11:22:56","modified_gmt":"2019-02-01T08:22:56","slug":"gise-bir-sinema-filminin-iyilik-olcusu-degil","status":"publish","type":"post","link":"https:\/\/iletim.istanbul.edu.tr\/index.php\/2019\/02\/01\/gise-bir-sinema-filminin-iyilik-olcusu-degil\/","title":{"rendered":"&#8220;Gi\u015fe Bir Sinema Filminin \u0130yilik \u00d6l\u00e7\u00fcs\u00fc De\u011fil&#8221;"},"content":{"rendered":"<p style=\"margin-bottom: 6.0pt;text-align: justify\"><strong><span style=\"font-size: 11.0pt;font-family: 'Arial',sans-serif\">Hande Nur OCAK<\/span><\/strong><\/p>\n<p style=\"margin-bottom: 6.0pt;text-align: justify\"><span style=\"font-size: 11.0pt;font-family: 'Arial',sans-serif\">\u201cArif v 216\u201d, \u201cHedefim Sensin\u201d, \u201cGORA\u201d, \u201cPatron Mutlu Son \u0130stiyor\u201d gibi bir\u00e7ok filmin y\u00f6netmenli\u011fini yapm\u0131\u015f olan K\u0131van\u00e7 Baru\u00f6n\u00fc, Radyo \u0130leti\u015fim\u2019de H\u00fcseyin Konuk\u2019un sundu\u011fu G\u00fcnce program\u0131na konuk oldu. Baru\u00f6n\u00fc, A Tak\u0131m\u0131, 32. G\u00fcn\u2019de y\u00f6netmenlik, reklam y\u00f6netmenli\u011fi, video klip y\u00f6netmenli\u011fi yaparak radyodan televizyona, sinemaya, reklama, klip y\u00f6netmenli\u011fine kadar pek \u00e7ok alanda \u00e7al\u0131\u015fma hikayesini anlatt\u0131.<\/span><\/p>\n<p style=\"margin-bottom: 6.0pt;text-align: justify\"><span style=\"font-size: 11.0pt;font-family: 'Arial',sans-serif\">Program ayn\u0131 zamanda \u0130\u00dcWEBTV taraf\u0131ndan da kayda al\u0131nd\u0131. <\/span><\/p>\n<p style=\"margin-bottom: 6.0pt;text-align: justify\"><strong><span style=\"font-size: 11.0pt;font-family: 'Arial',sans-serif\">\u201cHabercilik Benim \u0130\u00e7in \u0130stedi\u011fim, Hayal Etti\u011fim Gibi De\u011fildi\u201d<\/span><\/strong><\/p>\n<p style=\"margin-bottom: 6.0pt;text-align: justify\"><span style=\"font-size: 11.0pt;font-family: 'Arial',sans-serif\">Sekt\u00f6r\u00fcn bir\u00e7ok alan\u0131nda \u00e7al\u0131\u015fma f\u0131rsat\u0131 bulan Baru\u00f6n\u00fc, radyo ve televizyon programlar\u0131n\u0131n yan\u0131 s\u0131ra Mehmet Ali Birand ile de muhabir olarak \u00e7al\u0131\u015ft\u0131\u011f\u0131ndan bahsetti. \u201cHabercilik benim i\u00e7in istedi\u011fim, hayal etti\u011fim gibi de\u011fildi ve ondan uzakla\u015f\u0131p tam da o tarihlerde T\u00fcrkiye\u2019de \u00f6zel radyolar\u0131n kurulma d\u00f6nemiydi. Ben de bir \u015fekilde kendimi radyonun ba\u015f\u0131nda buldum\u201d diyen Baru\u00f6n\u00fc, T\u00fcrkiye\u2019nin ilk radyosu say\u0131lan Gen\u00e7 Radyo, Klas FM gibi radyolarda hem program yap\u0131mc\u0131s\u0131 hem de yay\u0131n y\u00f6netmeni olarak \u00e7al\u0131\u015fmaya ba\u015flad\u0131\u011f\u0131n\u0131 s\u00f6yledi.<\/span><\/p>\n<p style=\"margin-bottom: 6.0pt;text-align: justify\"><strong><span style=\"font-size: 11.0pt;font-family: 'Arial',sans-serif\">\u201c\u0130yi Filmler Asl\u0131nda Sahipsiz ve Art\u0131k Sizin Olmaya Ba\u015fl\u0131yor\u201d<\/span><\/strong><\/p>\n<p style=\"margin-bottom: 6.0pt;text-align: justify\"><span style=\"font-size: 11.0pt;font-family: 'Arial',sans-serif\">Unutulmayan filmlerin s\u0131rr\u0131ndan bahseden Baru\u00f6n\u00fc, \u201cDaha \u00f6nce yapt\u0131\u011f\u0131n\u0131z iyi bir \u015fey bir yerden sonra sizin ayak ba\u011f\u0131n\u0131z olmaya ba\u015flar. \u00c7\u00fcnk\u00fc o filmler asl\u0131nda yapanlar\u0131n de\u011fil, iyi filmler asl\u0131nda sahipsiz ve art\u0131k sizin olmamaya ba\u015fl\u0131yor\u201d diyerek filmlerin kimi\u00a0 zaman yarat\u0131c\u0131s\u0131ndan bile onu korur hale geldi\u011fimizi ve bunun da b\u00f6yle ince bir \u00e7izgisinin oldu\u011funu s\u00f6yledi.<\/span><\/p>\n<p style=\"margin-bottom: 6.0pt;text-align: justify\"><strong><span style=\"font-size: 11.0pt;font-family: 'Arial',sans-serif\">\u201cGi\u015fe Bir Sinema Filminin \u0130yilik \u00d6l\u00e7\u00fcs\u00fc De\u011fil\u201d<\/span><\/strong><\/p>\n<p style=\"margin-bottom: 6.0pt;text-align: justify\"><span style=\"font-size: 11.0pt;font-family: 'Arial',sans-serif\">En zorlu meslekler aras\u0131nda filmcili\u011fin g\u00f6sterildi\u011fini s\u00f6yleyen Baru\u00f6n\u00fc, \u201c\u0130nan\u0131lmaz saatler \u00e7al\u0131\u015f\u0131yorsunuz, yarat\u0131c\u0131 bir i\u015f yap\u0131yorsunuz ve bunun hakk\u0131n\u0131 da kimse; \u2018ben bunun hakk\u0131n\u0131 almad\u0131m\u2019 demez. \u00c7\u00fcnk\u00fc g\u00f6n\u00fclden bir \u015fey veriyorsunuz. Bunun kar\u015f\u0131l\u0131\u011f\u0131 yok asl\u0131nda\u201d diyerek T\u00fcrkiye\u2019deki filmlerin sadece gi\u015feyle de\u011ferlendirilmesinden duydu\u011fu b\u00fcy\u00fck \u00fcz\u00fcnt\u00fcy\u00fc dile getirdi. \u201cArif ve 216&#8217;dan ald\u0131\u011f\u0131n\u0131z tat ba\u015fkad\u0131r Ayla&#8217;dan ald\u0131\u011f\u0131n\u0131z tat ba\u015fkad\u0131r\u201d diyen Baru\u00f6n\u00fc, bir film gi\u015fesinin en iyi olmas\u0131 bu filmin T\u00fcrkiye&#8217;nin en iyi filmi oldu\u011funu g\u00f6stermedi\u011fini s\u00f6yleyerek \u201cGi\u015fe bir sinema filminin iyilik \u00f6l\u00e7\u00fcs\u00fc de\u011fil. Bir filmin ba\u015far\u0131s\u0131nda \u00e7ok farkl\u0131 etkenler var. O nedenle gi\u015feyle filmleri birbirleriyle yar\u0131\u015ft\u0131rmak do\u011fru bir hamle olmuyor. Bundan hepimiz rahats\u0131z\u0131z\u201d dedi. <\/span><\/p>\n<p style=\"margin-bottom: 6.0pt;text-align: justify\"><span style=\"font-size: 11.0pt;font-family: 'Arial',sans-serif\">Y\u00f6netmenli\u011fini yapt\u0131\u011f\u0131 filmlerde ya\u015fad\u0131\u011f\u0131 tecr\u00fcbeleri aktaran Baru\u00f6n\u00fc, \u201c\u0130\u00e7inizde bir yetenek varsa bu bir yerden sonra ortaya \u00e7\u0131k\u0131yor. Bu yolda y\u00fcr\u00fcmek isteyenlere tavsiyem y\u0131lmas\u0131nlar, inand\u0131klar\u0131 yoldan vazge\u00e7mesinler\u201d diyerek \u00f6\u011frencilere tavsiyelerde bulundu.<\/span><\/p>\n<p style=\"margin-bottom: 6.0pt;text-align: justify\"><strong><span style=\"font-size: 11.0pt;font-family: 'Arial',sans-serif\">K\u0131van\u00e7 Baru\u00f6n\u00fc\u2019n\u00fcn konuk oldu\u011fu G\u00fcnce program\u0131n\u0131 izlemek i\u00e7in linke t\u0131klay\u0131n\u0131z:<\/span><\/strong> <a href=\"https:\/\/www.youtube.com\/watch?v=aSg7Xv-vXPQ\"><span style=\"font-size: 11.0pt;font-family: 'Arial',sans-serif\">https:\/\/www.youtube.com\/watch?v=aSg7Xv-vXPQ<\/span><\/a><\/p>\n","protected":false},"excerpt":{"rendered":"<p>\u201cArif v 216\u201d, \u201cHedefim Sensin\u201d, \u201cGORA\u201d, \u201cPatron Mutlu Son \u0130stiyor\u201d gibi bir\u00e7ok filmin y\u00f6netmenli\u011fini yapm\u0131\u015f olan K\u0131van\u00e7 Baru\u00f6n\u00fc, Radyo \u0130leti\u015fim\u2019de H\u00fcseyin Konuk\u2019un sundu\u011fu G\u00fcnce program\u0131na konuk oldu. Baru\u00f6n\u00fc, A Tak\u0131m\u0131, 32. G\u00fcn\u2019de y\u00f6netmenlik, reklam y\u00f6netmenli\u011fi, video klip y\u00f6netmenli\u011fi yaparak radyodan televizyona, sinemaya, reklama, klip y\u00f6netmenli\u011fine kadar pek \u00e7ok alanda \u00e7al\u0131\u015fma hikayesini anlatt\u0131.<\/p>\n","protected":false},"author":14,"featured_media":8240,"comment_status":"open","ping_status":"open","sticky":false,"template":"","format":"standard","meta":{"jnews-multi-image_gallery":[],"jnews_single_post":[],"jnews_primary_category":[],"jnews_social_meta":[],"jnews_override_counter":[],"footnotes":""},"categories":[30],"tags":[],"class_list":["post-8242","post","type-post","status-publish","format-standard","has-post-thumbnail","hentry","category-kultur-sanat"],"_links":{"self":[{"href":"https:\/\/iletim.istanbul.edu.tr\/index.php\/wp-json\/wp\/v2\/posts\/8242","targetHints":{"allow":["GET"]}}],"collection":[{"href":"https:\/\/iletim.istanbul.edu.tr\/index.php\/wp-json\/wp\/v2\/posts"}],"about":[{"href":"https:\/\/iletim.istanbul.edu.tr\/index.php\/wp-json\/wp\/v2\/types\/post"}],"author":[{"embeddable":true,"href":"https:\/\/iletim.istanbul.edu.tr\/index.php\/wp-json\/wp\/v2\/users\/14"}],"replies":[{"embeddable":true,"href":"https:\/\/iletim.istanbul.edu.tr\/index.php\/wp-json\/wp\/v2\/comments?post=8242"}],"version-history":[{"count":0,"href":"https:\/\/iletim.istanbul.edu.tr\/index.php\/wp-json\/wp\/v2\/posts\/8242\/revisions"}],"wp:featuredmedia":[{"embeddable":true,"href":"https:\/\/iletim.istanbul.edu.tr\/index.php\/wp-json\/wp\/v2\/media\/8240"}],"wp:attachment":[{"href":"https:\/\/iletim.istanbul.edu.tr\/index.php\/wp-json\/wp\/v2\/media?parent=8242"}],"wp:term":[{"taxonomy":"category","embeddable":true,"href":"https:\/\/iletim.istanbul.edu.tr\/index.php\/wp-json\/wp\/v2\/categories?post=8242"},{"taxonomy":"post_tag","embeddable":true,"href":"https:\/\/iletim.istanbul.edu.tr\/index.php\/wp-json\/wp\/v2\/tags?post=8242"}],"curies":[{"name":"wp","href":"https:\/\/api.w.org\/{rel}","templated":true}]}}