{"id":8345,"date":"2019-02-14T16:53:15","date_gmt":"2019-02-14T13:53:15","guid":{"rendered":"https:\/\/iletim.istanbul.edu.tr\/?p=8345"},"modified":"2019-02-18T09:55:00","modified_gmt":"2019-02-18T06:55:00","slug":"dunya-radyo-gununde-radyo-konusuldu","status":"publish","type":"post","link":"https:\/\/iletim.istanbul.edu.tr\/index.php\/2019\/02\/14\/dunya-radyo-gununde-radyo-konusuldu\/","title":{"rendered":"D\u00fcnya Radyo G\u00fcn\u00fc Kutland\u0131"},"content":{"rendered":"<p><strong>Merve TOKAZ<\/strong><\/p>\n<p>\u0130stanbul \u00dcniversitesi \u0130leti\u015fim Fak\u00fcltesi b\u00fcnyesinde faaliyet g\u00f6steren Radyo \u0130leti\u015fim, 13 \u015eubat D\u00fcnya Radyo G\u00fcn\u00fc kapsam\u0131nda \u201cRadyo \u0130leti\u015fim \u00d6zel Yay\u0131n\u0131\u201d ger\u00e7ekle\u015ftirdi. Radyo \u0130leti\u015fim saat ba\u015f\u0131 ger\u00e7ekle\u015fen yay\u0131nlarda sekt\u00f6r\u00fcn \u00f6nemli isimlerini a\u011f\u0131rlad\u0131.<\/p>\n<p><strong>\u201cRadyoculuk Bir Deli \u0130\u015fi\u201d<\/strong><\/p>\n<p>Radyo \u0130leti\u015fim \u00d6zel Yay\u0131n\u0131, Deniz Zeybek\u2019in sunumuyla \u201cRadyo ve Haber\u201d konulu program ile ba\u015flad\u0131. Zeybek\u2019in canl\u0131 yay\u0131n konu\u011fu \u201cAnnemin Plaklar\u0131\u201d program\u0131 ile haf\u0131zalara kaz\u0131nan radyo programc\u0131s\u0131 ve ressam \u00c7etin Erker oldu. Erker, \u00f6zel radyolar\u0131n kapat\u0131ld\u0131\u011f\u0131 ve yay\u0131nlar\u0131n susturuldu\u011fu bir d\u00f6nemde mikrofonla tan\u0131\u015ft\u0131\u011f\u0131n\u0131 belirterek, \u201cBizim gayemiz radyocu olman\u0131n yan\u0131nda medyan\u0131n \u00f6zg\u00fcrl\u00fc\u011f\u00fc i\u00e7in bir\u015feyler yapmakt\u0131\u201d dedi. Radyonun sadece m\u00fczik \u00e7alan bir m\u00fczik kutusu olarak bilinmesinin yanl\u0131\u015f oldu\u011funu ifade eden Erker, \u201cRadyo esasen bir k\u00fclt\u00fcrd\u00fcr; k\u00fclt\u00fcr de radyodur\u201d diyerek radyoculu\u011fun her d\u00f6nem varl\u0131\u011f\u0131n\u0131 s\u00fcrd\u00fcrece\u011fini belirtti. Radyoculu\u011fa dair \u00f6nemli a\u00e7\u0131klamalarda bulunan Erker, \u201c Bir odada oturup tek ba\u015f\u0131na konu\u015fuyorsun. Bu kadar yaln\u0131zs\u0131n. \u0130\u015fte bu y\u00fczden radyoculuk bir deli i\u015fi\u201d dedi.<\/p>\n<p>\u201c<strong>Sanat Yapmak Yemek Yapmak Gibidir\u201d<\/strong><\/p>\n<p>Canl\u0131 yay\u0131n Orhun Ko\u00e7yi\u011fit\u2019in sunumuyla, oyuncu ve m\u00fczisyen Kaptan G\u00fcrman\u2019\u0131n konuk oldu\u011fu \u201c Radyoda M\u00fczik\u201d konulu programla devam etti. Muhte\u015fem Y\u00fczy\u0131l, Dirili\u015f Ertu\u011frul, Yunus Emre: A\u015fk\u0131n Yolu gibi \u00f6nemli projelerde yer alan Kaptan G\u00fcrman, oyunculuk ve m\u00fczik ile tan\u0131\u015fmas\u0131nda radyonun b\u00fcy\u00fck \u00f6nem ta\u015f\u0131d\u0131\u011f\u0131n\u0131 belirterek, \u201c\u00c7ocuklu\u011fumda radyo tiyatrosu bizim i\u00e7in \u00e7ok \u00f6nemliydi\u201d dedi. Sinema, m\u00fczik ve sanat\u0131n ekip i\u015fi oldu\u011funa de\u011finen G\u00fcrman, \u201cSanat\u0131n her alan\u0131nda insanlar kendi istediklerini ortaya koyuyorlar. Bu tutum yanl\u0131\u015f. Bizler sanat\u00e7\u0131 olarak izleyicinin ve dinleyicinin istedi\u011fini vermeliyiz\u201c ifadelerini kulland\u0131. Sanat ve yemek benzetmesinden yola \u00e7\u0131kan G\u00fcrman, \u201cSanat t\u0131pk\u0131 yemek yapmak gibidir. K\u0131vam\u0131n\u0131 tutturduktan sonra ne yap\u0131l\u0131rsa yap\u0131ls\u0131n ba\u015far\u0131 gelir\u201d diyerek k\u00fclt\u00fcr ve sanat\u0131n b\u00fcy\u00fck bir zenginlik oldu\u011funu belirtti.<\/p>\n<p><strong>\u201cBu \u0130\u015fi Mikrofonun Sihrini Yutanlar Anlayabilir\u201d<\/strong><\/p>\n<p>Yay\u0131n, Murat Kada\u015f\u2019\u0131n sunumuyla radyo programc\u0131s\u0131 \u0130mge \u00d6zdemir\u2019in konuk oldu\u011fu \u201cRadyo ve \u0130fade \u00d6zg\u00fcrl\u00fc\u011f\u00fc\u201d konulu programla devam etti. \u00dcniversite radyosundan ba\u015flayan kariyerinde sekt\u00f6rde ad\u0131m ad\u0131m ilerledi\u011fini ifade eden \u00d6zdemir , \u201cKariyerim boyunca ba\u015fka i\u015fler yapma \u015fans\u0131 \u00e7\u0131kmas\u0131na ra\u011fmen ben her zaman radyoda kalmay\u0131 tercih ettim. \u00c7\u00fcnk\u00fc bu i\u015fi mikrofonun sihrini yutanlar anlayabilir\u201d diyerek \u00fcniversitelerin bu anlamda b\u00fcy\u00fck \u00f6nem ta\u015f\u0131d\u0131\u011f\u0131n\u0131 belirtti. Radyonun hi\u00e7 eskimeyen bir teknolojiye sahip oldu\u011funa vurgu yapan \u00d6zdemir, \u201cHer on y\u0131lda bir d\u00fcnyada her \u015fey de\u011fi\u015fim g\u00f6steriyor. \u0130leti\u015fim de bu alan\u0131n ba\u015f\u0131nda geliyor. Her \u015fey de\u011fi\u015fse de radyo varl\u0131\u011f\u0131n\u0131 koruyor\u201d dedi. Gen\u00e7lere \u00f6nemli tavsiyelerde bulunan \u00d6zdemir, \u201cHer insan\u0131n ba\u015far\u0131ya ula\u015fma yetene\u011fi ve yolu birbirinden farkl\u0131d\u0131r. Sizler i\u00e7inizden ne geliyorsa ve sizi ne mutlu ediyorsa onun pe\u015finden gidin\u201d diyerek ki\u015finin geli\u015fiminin yine kendisine ba\u011fl\u0131 oldu\u011funu belirtti.<\/p>\n<p><strong>\u201cRadyo Bir B\u00fcy\u00fc\u201d<\/strong><\/p>\n<p>G\u00fcn\u00fcn son canl\u0131 yay\u0131n\u0131 G\u00fclcan Bask\u0131\u00e7\u2019\u0131n sunumuyla radyo programc\u0131s\u0131 F\u00fcsun Tuncer\u2019in konuk oldu\u011fu \u201c Yeni Yay\u0131nc\u0131l\u0131k \u00c7a\u011f\u0131nda Radyonun Yeri\u201d konulu program oldu. Sekt\u00f6rde uzun y\u0131llard\u0131r \u00e7al\u0131\u015fan Tuncer, \u201c Bu i\u015fe \u00e7ok emek verdim. Benim i\u00e7in radyo bir b\u00fcy\u00fc. Ben 14 ya\u015f\u0131mdan beri hayat\u0131m\u0131 bu meslekten kazan\u0131yorum\u201d dedi. Ge\u00e7mi\u015ften g\u00fcn\u00fcm\u00fcze radyonun geldi\u011fi noktaya dair a\u00e7\u0131klamalarda bulunan Tuncer, \u201c 90\u2019l\u0131 y\u0131llarda dinleyici de yay\u0131nc\u0131 da farkl\u0131yd\u0131. Radyo o d\u00f6nemde sihirli bir kutuydu. G\u00fcn\u00fcm\u00fczde her konu\u015fan dinlenmiyor. Art\u0131k ne kadar \u00e7ok sosyal medyan\u0131n \u00f6n\u00fcnde olursan yapt\u0131\u011f\u0131n i\u015f o kadar yay\u0131l\u0131yor ve duyuluyor\u201d diyerek bu anlamda yay\u0131nc\u0131ya b\u00fcy\u00fck sorumluluklar d\u00fc\u015ft\u00fc\u011f\u00fcn\u00fc belirtti.<\/p>\n<p>Radyo \u0130leti\u015fim \u00d6zel Yay\u0131n\u0131 g\u00fcn boyu 70\u2019ler 80\u2019ler,90\u2019lar \u00f6zel listeleri ile devam etti.<\/p>\n<div id='gallery_1' class='gallery galleryid-8345 gallery-columns-4 gallery-size-medium'><figure class='gallery-item'>\n                <div class='gallery-icon landscape'>\n                    <a href='https:\/\/iletim.istanbul.edu.tr\/wp-content\/uploads\/DSC0984-1.jpg'><img loading=\"lazy\" decoding=\"async\" width=\"300\" height=\"199\" src=\"\" class=\"attachment-medium size-medium lazyload\" alt=\"\" data-src=\"https:\/\/iletim.istanbul.edu.tr\/wp-content\/uploads\/DSC0984-1-300x199.jpg\" data-sizes=\"auto\" data-srcset=\"https:\/\/iletim.istanbul.edu.tr\/wp-content\/uploads\/DSC0984-1-300x199.jpg 300w, https:\/\/iletim.istanbul.edu.tr\/wp-content\/uploads\/DSC0984-1-768x510.jpg 768w, https:\/\/iletim.istanbul.edu.tr\/wp-content\/uploads\/DSC0984-1-1024x680.jpg 1024w\" data-expand=\"700\" \/><\/a>\n                <\/div><\/figure><figure class='gallery-item'>\n                <div class='gallery-icon landscape'>\n                    <a href='https:\/\/iletim.istanbul.edu.tr\/wp-content\/uploads\/DSC0987-1.jpg'><img loading=\"lazy\" decoding=\"async\" width=\"300\" height=\"199\" src=\"\" class=\"attachment-medium size-medium lazyload\" alt=\"\" data-src=\"https:\/\/iletim.istanbul.edu.tr\/wp-content\/uploads\/DSC0987-1-300x199.jpg\" data-sizes=\"auto\" data-srcset=\"https:\/\/iletim.istanbul.edu.tr\/wp-content\/uploads\/DSC0987-1-300x199.jpg 300w, https:\/\/iletim.istanbul.edu.tr\/wp-content\/uploads\/DSC0987-1-768x510.jpg 768w, https:\/\/iletim.istanbul.edu.tr\/wp-content\/uploads\/DSC0987-1-1024x680.jpg 1024w\" data-expand=\"700\" \/><\/a>\n                <\/div><\/figure><figure class='gallery-item'>\n                <div class='gallery-icon landscape'>\n                    <a href='https:\/\/iletim.istanbul.edu.tr\/wp-content\/uploads\/DSC0989-1.jpg'><img loading=\"lazy\" decoding=\"async\" width=\"300\" height=\"199\" src=\"\" class=\"attachment-medium size-medium lazyload\" alt=\"\" data-src=\"https:\/\/iletim.istanbul.edu.tr\/wp-content\/uploads\/DSC0989-1-300x199.jpg\" data-sizes=\"auto\" data-srcset=\"https:\/\/iletim.istanbul.edu.tr\/wp-content\/uploads\/DSC0989-1-300x199.jpg 300w, https:\/\/iletim.istanbul.edu.tr\/wp-content\/uploads\/DSC0989-1-768x510.jpg 768w, https:\/\/iletim.istanbul.edu.tr\/wp-content\/uploads\/DSC0989-1-1024x680.jpg 1024w\" data-expand=\"700\" \/><\/a>\n                <\/div><\/figure><figure class='gallery-item'>\n                <div class='gallery-icon landscape'>\n                    <a href='https:\/\/iletim.istanbul.edu.tr\/wp-content\/uploads\/DSC0993-1.jpg'><img loading=\"lazy\" decoding=\"async\" width=\"300\" height=\"199\" src=\"\" class=\"attachment-medium size-medium lazyload\" alt=\"\" data-src=\"https:\/\/iletim.istanbul.edu.tr\/wp-content\/uploads\/DSC0993-1-300x199.jpg\" data-sizes=\"auto\" data-srcset=\"https:\/\/iletim.istanbul.edu.tr\/wp-content\/uploads\/DSC0993-1-300x199.jpg 300w, https:\/\/iletim.istanbul.edu.tr\/wp-content\/uploads\/DSC0993-1-768x510.jpg 768w, https:\/\/iletim.istanbul.edu.tr\/wp-content\/uploads\/DSC0993-1-1024x680.jpg 1024w\" data-expand=\"700\" \/><\/a>\n                <\/div><\/figure><br style=\"clear: both\" \/><figure class='gallery-item'>\n                <div class='gallery-icon landscape'>\n                    <a href='https:\/\/iletim.istanbul.edu.tr\/wp-content\/uploads\/DSC0996-2.jpg'><img loading=\"lazy\" decoding=\"async\" width=\"300\" height=\"199\" src=\"\" class=\"attachment-medium size-medium lazyload\" alt=\"\" data-src=\"https:\/\/iletim.istanbul.edu.tr\/wp-content\/uploads\/DSC0996-2-300x199.jpg\" data-sizes=\"auto\" data-srcset=\"https:\/\/iletim.istanbul.edu.tr\/wp-content\/uploads\/DSC0996-2-300x199.jpg 300w, https:\/\/iletim.istanbul.edu.tr\/wp-content\/uploads\/DSC0996-2-768x510.jpg 768w, https:\/\/iletim.istanbul.edu.tr\/wp-content\/uploads\/DSC0996-2-1024x680.jpg 1024w\" data-expand=\"700\" \/><\/a>\n                <\/div><\/figure><figure class='gallery-item'>\n                <div class='gallery-icon landscape'>\n                    <a href='https:\/\/iletim.istanbul.edu.tr\/wp-content\/uploads\/DSC1000-1.jpg'><img loading=\"lazy\" decoding=\"async\" width=\"300\" height=\"199\" src=\"\" class=\"attachment-medium size-medium lazyload\" alt=\"\" data-src=\"https:\/\/iletim.istanbul.edu.tr\/wp-content\/uploads\/DSC1000-1-300x199.jpg\" data-sizes=\"auto\" data-srcset=\"https:\/\/iletim.istanbul.edu.tr\/wp-content\/uploads\/DSC1000-1-300x199.jpg 300w, https:\/\/iletim.istanbul.edu.tr\/wp-content\/uploads\/DSC1000-1-768x510.jpg 768w, https:\/\/iletim.istanbul.edu.tr\/wp-content\/uploads\/DSC1000-1-1024x680.jpg 1024w\" data-expand=\"700\" \/><\/a>\n                <\/div><\/figure><figure class='gallery-item'>\n                <div class='gallery-icon landscape'>\n                    <a href='https:\/\/iletim.istanbul.edu.tr\/wp-content\/uploads\/DSC1001-1.jpg'><img loading=\"lazy\" decoding=\"async\" width=\"300\" height=\"199\" src=\"\" class=\"attachment-medium size-medium lazyload\" alt=\"\" data-src=\"https:\/\/iletim.istanbul.edu.tr\/wp-content\/uploads\/DSC1001-1-300x199.jpg\" data-sizes=\"auto\" data-srcset=\"https:\/\/iletim.istanbul.edu.tr\/wp-content\/uploads\/DSC1001-1-300x199.jpg 300w, https:\/\/iletim.istanbul.edu.tr\/wp-content\/uploads\/DSC1001-1-768x510.jpg 768w, https:\/\/iletim.istanbul.edu.tr\/wp-content\/uploads\/DSC1001-1-1024x680.jpg 1024w\" data-expand=\"700\" \/><\/a>\n                <\/div><\/figure><figure class='gallery-item'>\n                <div class='gallery-icon landscape'>\n                    <a href='https:\/\/iletim.istanbul.edu.tr\/wp-content\/uploads\/DSC1008-1.jpg'><img loading=\"lazy\" decoding=\"async\" width=\"300\" height=\"199\" src=\"\" class=\"attachment-medium size-medium lazyload\" alt=\"\" data-src=\"https:\/\/iletim.istanbul.edu.tr\/wp-content\/uploads\/DSC1008-1-300x199.jpg\" data-sizes=\"auto\" data-srcset=\"https:\/\/iletim.istanbul.edu.tr\/wp-content\/uploads\/DSC1008-1-300x199.jpg 300w, https:\/\/iletim.istanbul.edu.tr\/wp-content\/uploads\/DSC1008-1-768x510.jpg 768w, https:\/\/iletim.istanbul.edu.tr\/wp-content\/uploads\/DSC1008-1-1024x680.jpg 1024w\" data-expand=\"700\" \/><\/a>\n                <\/div><\/figure><br style=\"clear: both\" \/><figure class='gallery-item'>\n                <div class='gallery-icon landscape'>\n                    <a href='https:\/\/iletim.istanbul.edu.tr\/wp-content\/uploads\/DSC1009-1.jpg'><img loading=\"lazy\" decoding=\"async\" width=\"300\" height=\"199\" src=\"\" class=\"attachment-medium size-medium lazyload\" alt=\"\" data-src=\"https:\/\/iletim.istanbul.edu.tr\/wp-content\/uploads\/DSC1009-1-300x199.jpg\" data-sizes=\"auto\" data-srcset=\"https:\/\/iletim.istanbul.edu.tr\/wp-content\/uploads\/DSC1009-1-300x199.jpg 300w, https:\/\/iletim.istanbul.edu.tr\/wp-content\/uploads\/DSC1009-1-768x510.jpg 768w, https:\/\/iletim.istanbul.edu.tr\/wp-content\/uploads\/DSC1009-1-1024x680.jpg 1024w\" data-expand=\"700\" \/><\/a>\n                <\/div><\/figure><figure class='gallery-item'>\n                <div class='gallery-icon landscape'>\n                    <a href='https:\/\/iletim.istanbul.edu.tr\/wp-content\/uploads\/DSC1013-1.jpg'><img loading=\"lazy\" decoding=\"async\" width=\"300\" height=\"199\" src=\"\" class=\"attachment-medium size-medium lazyload\" alt=\"\" data-src=\"https:\/\/iletim.istanbul.edu.tr\/wp-content\/uploads\/DSC1013-1-300x199.jpg\" data-sizes=\"auto\" data-srcset=\"https:\/\/iletim.istanbul.edu.tr\/wp-content\/uploads\/DSC1013-1-300x199.jpg 300w, https:\/\/iletim.istanbul.edu.tr\/wp-content\/uploads\/DSC1013-1-768x510.jpg 768w, https:\/\/iletim.istanbul.edu.tr\/wp-content\/uploads\/DSC1013-1-1024x680.jpg 1024w\" data-expand=\"700\" \/><\/a>\n                <\/div><\/figure><figure class='gallery-item'>\n                <div class='gallery-icon landscape'>\n                    <a href='https:\/\/iletim.istanbul.edu.tr\/wp-content\/uploads\/DSC1016-2.jpg'><img loading=\"lazy\" decoding=\"async\" width=\"300\" height=\"199\" src=\"\" class=\"attachment-medium size-medium lazyload\" alt=\"\" data-src=\"https:\/\/iletim.istanbul.edu.tr\/wp-content\/uploads\/DSC1016-2-300x199.jpg\" data-sizes=\"auto\" data-srcset=\"https:\/\/iletim.istanbul.edu.tr\/wp-content\/uploads\/DSC1016-2-300x199.jpg 300w, https:\/\/iletim.istanbul.edu.tr\/wp-content\/uploads\/DSC1016-2-768x510.jpg 768w, https:\/\/iletim.istanbul.edu.tr\/wp-content\/uploads\/DSC1016-2-1024x680.jpg 1024w\" data-expand=\"700\" \/><\/a>\n                <\/div><\/figure><figure class='gallery-item'>\n                <div class='gallery-icon landscape'>\n                    <a href='https:\/\/iletim.istanbul.edu.tr\/wp-content\/uploads\/DSC1022-2.jpg'><img loading=\"lazy\" decoding=\"async\" width=\"300\" height=\"199\" src=\"\" class=\"attachment-medium size-medium lazyload\" alt=\"\" data-src=\"https:\/\/iletim.istanbul.edu.tr\/wp-content\/uploads\/DSC1022-2-300x199.jpg\" data-sizes=\"auto\" data-srcset=\"https:\/\/iletim.istanbul.edu.tr\/wp-content\/uploads\/DSC1022-2-300x199.jpg 300w, https:\/\/iletim.istanbul.edu.tr\/wp-content\/uploads\/DSC1022-2-768x510.jpg 768w, https:\/\/iletim.istanbul.edu.tr\/wp-content\/uploads\/DSC1022-2-1024x680.jpg 1024w\" data-expand=\"700\" \/><\/a>\n                <\/div><\/figure><br style=\"clear: both\" \/><figure class='gallery-item'>\n                <div class='gallery-icon landscape'>\n                    <a href='https:\/\/iletim.istanbul.edu.tr\/wp-content\/uploads\/DSC1029-2.jpg'><img loading=\"lazy\" decoding=\"async\" width=\"300\" height=\"199\" src=\"\" class=\"attachment-medium size-medium lazyload\" alt=\"\" data-src=\"https:\/\/iletim.istanbul.edu.tr\/wp-content\/uploads\/DSC1029-2-300x199.jpg\" data-sizes=\"auto\" data-srcset=\"https:\/\/iletim.istanbul.edu.tr\/wp-content\/uploads\/DSC1029-2-300x199.jpg 300w, https:\/\/iletim.istanbul.edu.tr\/wp-content\/uploads\/DSC1029-2-768x510.jpg 768w, https:\/\/iletim.istanbul.edu.tr\/wp-content\/uploads\/DSC1029-2-1024x680.jpg 1024w\" data-expand=\"700\" \/><\/a>\n                <\/div><\/figure>\n                <br style='clear: both' \/>\n            <\/div>\n\n","protected":false},"excerpt":{"rendered":"<p>\u0130stanbul \u00dcniversitesi \u0130leti\u015fim Fak\u00fcltesi b\u00fcnyesinde faaliyet g\u00f6steren Radyo \u0130leti\u015fim, 13 \u015eubat D\u00fcnya Radyo G\u00fcn\u00fc kapsam\u0131nda \u201cRadyo \u0130leti\u015fim \u00d6zel Yay\u0131n\u0131\u201d ger\u00e7ekle\u015ftirdi. Radyo \u0130leti\u015fim saat ba\u015f\u0131 ger\u00e7ekle\u015fen yay\u0131nlarda sekt\u00f6r\u00fcn \u00f6nemli isimlerini a\u011f\u0131rlad\u0131.<\/p>\n","protected":false},"author":14,"featured_media":8331,"comment_status":"open","ping_status":"open","sticky":false,"template":"","format":"standard","meta":{"jnews-multi-image_gallery":[],"jnews_single_post":[],"jnews_primary_category":[],"jnews_social_meta":[],"jnews_override_counter":[],"footnotes":""},"categories":[178],"tags":[648,177],"class_list":["post-8345","post","type-post","status-publish","format-standard","has-post-thumbnail","hentry","category-fakultemizden","tag-radyo-gunu","tag-radyo-iletisim"],"_links":{"self":[{"href":"https:\/\/iletim.istanbul.edu.tr\/index.php\/wp-json\/wp\/v2\/posts\/8345","targetHints":{"allow":["GET"]}}],"collection":[{"href":"https:\/\/iletim.istanbul.edu.tr\/index.php\/wp-json\/wp\/v2\/posts"}],"about":[{"href":"https:\/\/iletim.istanbul.edu.tr\/index.php\/wp-json\/wp\/v2\/types\/post"}],"author":[{"embeddable":true,"href":"https:\/\/iletim.istanbul.edu.tr\/index.php\/wp-json\/wp\/v2\/users\/14"}],"replies":[{"embeddable":true,"href":"https:\/\/iletim.istanbul.edu.tr\/index.php\/wp-json\/wp\/v2\/comments?post=8345"}],"version-history":[{"count":0,"href":"https:\/\/iletim.istanbul.edu.tr\/index.php\/wp-json\/wp\/v2\/posts\/8345\/revisions"}],"wp:featuredmedia":[{"embeddable":true,"href":"https:\/\/iletim.istanbul.edu.tr\/index.php\/wp-json\/wp\/v2\/media\/8331"}],"wp:attachment":[{"href":"https:\/\/iletim.istanbul.edu.tr\/index.php\/wp-json\/wp\/v2\/media?parent=8345"}],"wp:term":[{"taxonomy":"category","embeddable":true,"href":"https:\/\/iletim.istanbul.edu.tr\/index.php\/wp-json\/wp\/v2\/categories?post=8345"},{"taxonomy":"post_tag","embeddable":true,"href":"https:\/\/iletim.istanbul.edu.tr\/index.php\/wp-json\/wp\/v2\/tags?post=8345"}],"curies":[{"name":"wp","href":"https:\/\/api.w.org\/{rel}","templated":true}]}}