{"id":8558,"date":"2019-03-05T14:37:15","date_gmt":"2019-03-05T11:37:15","guid":{"rendered":"https:\/\/iletim.istanbul.edu.tr\/?p=8558"},"modified":"2019-03-05T14:37:15","modified_gmt":"2019-03-05T11:37:15","slug":"orada-bir-yerde-finalde","status":"publish","type":"post","link":"https:\/\/iletim.istanbul.edu.tr\/index.php\/2019\/03\/05\/orada-bir-yerde-finalde\/","title":{"rendered":"&#8216;Orada Bir Yerde&#8217; Finalde"},"content":{"rendered":"<p><strong>\u00d6zge TAN<\/strong><\/p>\n<p>\u0130\u00dc \u0130leti\u015fim Fak\u00fcltesi \u00f6\u011frencilerinden Naz Melis \u00d6zdil&#8217;in &#8220;Orada Bir Yerde&#8221; isimli k\u0131sa belgesel filmi, Ankara Uluslararas\u0131 Film Festivali&#8217;nde finale kald\u0131.<\/p>\n<p>\u0130stanbul \u00dcniversitesi \u0130leti\u015fim Fak\u00fcltesi Radyo Televizyon Sinema B\u00f6l\u00fcm\u00fc \u00f6\u011frencilerinden Naz Melis \u00d6zdil&#8217;in, \u0130\u00dc \u0130leti\u015fim Fak\u00fcltesi \u00f6\u011fretim \u00fcyelerinden Dr. \u00d6\u011fr. \u00dcyesi \u0130lkay Ni\u015fanc\u0131 dan\u0131\u015fmanl\u0131\u011f\u0131nda mezuniyet projesi olarak \u00e7ekti\u011fi &#8220;Orada Bir Yerde&#8221; isimli k\u0131sa belgesel film, 18-28 Nisan tarihlerinde d\u00fczenlenecek olan Ankara Uluslararas\u0131 Film Festivali&#8217;nde 109 belgesel aras\u0131ndan ilk 10&#8217;a girerek finale kald\u0131.<\/p>\n<figure id=\"attachment_8637\" aria-describedby=\"caption-attachment-8637\" style=\"width: 300px\" class=\"wp-caption aligncenter\"><img decoding=\"async\" class=\"wp-image-8637 size-medium\" src=\"https:\/\/iletim.istanbul.edu.tr\/wp-content\/uploads\/WhatsApp-Image-2019-03-04-at-16.21.28-300x300.jpeg\" alt=\"\" width=\"300\" height=\"300\" srcset=\"https:\/\/iletim.istanbul.edu.tr\/wp-content\/uploads\/WhatsApp-Image-2019-03-04-at-16.21.28-300x300.jpeg 300w, https:\/\/iletim.istanbul.edu.tr\/wp-content\/uploads\/WhatsApp-Image-2019-03-04-at-16.21.28-150x150.jpeg 150w, https:\/\/iletim.istanbul.edu.tr\/wp-content\/uploads\/WhatsApp-Image-2019-03-04-at-16.21.28.jpeg 640w\" sizes=\"(max-width: 300px) 100vw, 300px\" \/><figcaption id=\"caption-attachment-8637\" class=\"wp-caption-text\">Naz Melis \u00d6zdil<\/figcaption><\/figure>\n<p>Naz Melis \u00d6zdil&#8217;in y\u00f6netti\u011fi filmin ekibinde, kamerada \u0130lyas Turan yer al\u0131rken\u00a0<span style=\"font-size: 14px\">filmin kurgusunu<\/span><span style=\"font-size: 14px\">\u00a0Dr. \u00d6\u011fr. \u00dcyesi \u0130lkay Ni\u015fanc\u0131 yapt\u0131.<\/span><\/p>\n","protected":false},"excerpt":{"rendered":"<p>\u0130\u00dc \u0130leti\u015fim Fak\u00fcltesi \u00f6\u011frencilerinden Naz Melis \u00d6zdil&#8217;in &#8220;Orada Bir Yerde&#8221; isimli k\u0131sa belgesel filmi, Ankara Uluslararas\u0131 Film Festivali&#8217;nde finale kald\u0131.<\/p>\n","protected":false},"author":14,"featured_media":8618,"comment_status":"open","ping_status":"open","sticky":false,"template":"","format":"standard","meta":{"jnews-multi-image_gallery":[],"jnews_single_post":[],"jnews_primary_category":[],"jnews_social_meta":[],"jnews_override_counter":[],"footnotes":""},"categories":[30],"tags":[687,685,684,686],"class_list":["post-8558","post","type-post","status-publish","format-standard","has-post-thumbnail","hentry","category-kultur-sanat","tag-ankara-uluslararasi-film-festivali","tag-dr-ogr-uyesi-ilkay-nisanci","tag-naz-melis-ozdil","tag-orada-bir-yerde"],"_links":{"self":[{"href":"https:\/\/iletim.istanbul.edu.tr\/index.php\/wp-json\/wp\/v2\/posts\/8558","targetHints":{"allow":["GET"]}}],"collection":[{"href":"https:\/\/iletim.istanbul.edu.tr\/index.php\/wp-json\/wp\/v2\/posts"}],"about":[{"href":"https:\/\/iletim.istanbul.edu.tr\/index.php\/wp-json\/wp\/v2\/types\/post"}],"author":[{"embeddable":true,"href":"https:\/\/iletim.istanbul.edu.tr\/index.php\/wp-json\/wp\/v2\/users\/14"}],"replies":[{"embeddable":true,"href":"https:\/\/iletim.istanbul.edu.tr\/index.php\/wp-json\/wp\/v2\/comments?post=8558"}],"version-history":[{"count":0,"href":"https:\/\/iletim.istanbul.edu.tr\/index.php\/wp-json\/wp\/v2\/posts\/8558\/revisions"}],"wp:featuredmedia":[{"embeddable":true,"href":"https:\/\/iletim.istanbul.edu.tr\/index.php\/wp-json\/wp\/v2\/media\/8618"}],"wp:attachment":[{"href":"https:\/\/iletim.istanbul.edu.tr\/index.php\/wp-json\/wp\/v2\/media?parent=8558"}],"wp:term":[{"taxonomy":"category","embeddable":true,"href":"https:\/\/iletim.istanbul.edu.tr\/index.php\/wp-json\/wp\/v2\/categories?post=8558"},{"taxonomy":"post_tag","embeddable":true,"href":"https:\/\/iletim.istanbul.edu.tr\/index.php\/wp-json\/wp\/v2\/tags?post=8558"}],"curies":[{"name":"wp","href":"https:\/\/api.w.org\/{rel}","templated":true}]}}