{"id":8624,"date":"2019-03-05T14:27:12","date_gmt":"2019-03-05T11:27:12","guid":{"rendered":"https:\/\/iletim.istanbul.edu.tr\/?p=8624"},"modified":"2019-03-05T14:29:43","modified_gmt":"2019-03-05T11:29:43","slug":"yuregumun-orta-yeri-karadenizi-anlatiyor","status":"publish","type":"post","link":"https:\/\/iletim.istanbul.edu.tr\/index.php\/2019\/03\/05\/yuregumun-orta-yeri-karadenizi-anlatiyor\/","title":{"rendered":"&#8220;Y\u00fcre\u011fumun Orta Yeri&#8221; Karadeniz&#8217;i Anlat\u0131yor"},"content":{"rendered":"<p><strong>I\u015f\u0131l SIP\u00c7IK<\/strong><\/p>\n<p>Okulumuz mezunlar\u0131ndan foto\u011fraf sanat\u00e7\u0131s\u0131 Varol Uzlu taraf\u0131ndan haz\u0131rlanan \u201cY\u00fcre\u011fumun Orta Yeri\u201d sergisi bug\u00fcn \u0130stanbul \u00dcniversitesi Rekt\u00f6rl\u00fck binas\u0131nda a\u00e7\u0131ld\u0131. A\u00e7\u0131l\u0131\u015f konu\u015fmas\u0131n\u0131 \u0130leti\u015fim Fak\u00fcltesi Gazetecilik B\u00f6l\u00fcm\u00fc&#8217;nden Prof. Dr. Suat Gezgin ger\u00e7ekle\u015ftirdi.<\/p>\n<p>A\u00e7\u0131l\u0131\u015f konu\u015fmas\u0131n\u0131 yapmak \u00fczere k\u00fcrs\u00fcye \u00e7\u0131kan Varol Uzlu, 25 y\u0131l \u00f6nce \u00f6\u011frencisi oldu\u011fu okulda b\u00f6ylesi bir sergiyi a\u00e7abildi\u011fi i\u00e7in gurur duydu\u011funu s\u00f6yledi. Sergisinde Trabzon\u2019un ye\u015fil g\u00fczellikleri d\u0131\u015f\u0131nda Karadeniz kad\u0131n\u0131n\u0131n do\u011fadaki m\u00fccadelesini, estetik g\u00fczelli\u011fini de ortaya \u00e7\u0131karmaya \u00e7al\u0131\u015ft\u0131\u011f\u0131n\u0131 s\u00f6yleyen Uzlu, serginin ikinci a\u015famas\u0131n\u0131n kitaba d\u00f6kmek oldu\u011funu belirtti. Uzlu\u2019nun ard\u0131ndan\u00a0\u0130leti\u015fim Fak\u00fcltesi Gazetecilik B\u00f6l\u00fcm\u00fc \u00f6\u011fretim \u00fcyesi Prof. Dr. Suat Gezgin s\u00f6z ald\u0131.<\/p>\n<p>Prof. Dr. Gezgin, \u201cVarol benim 25 y\u0131ll\u0131k \u00f6\u011frencim ve kendisi ba\u015far\u0131l\u0131 bir sanat\u00e7\u0131\u201d diyerek t\u0131pk\u0131 Uzlu gibi di\u011fer \u00f6\u011frencileriyle de y\u0131llard\u0131r irtibatta kald\u0131\u011f\u0131n\u0131 ve onlar\u0131 destekledi\u011fini s\u00f6yledi. Daha \u00f6nceden de \u0130leti\u015fim Fak\u00fcltesi\u2019nde Karadeniz kad\u0131nlar\u0131 i\u00e7erikli bir sergi yap\u0131ld\u0131\u011f\u0131n\u0131 belirten Prof. Dr. Gezgin, Uzlu\u2019nun sergisini Paris\u2019te de a\u00e7ma gibi bir d\u00fc\u015f\u00fcncelerinin oldu\u011funu ve bu konuda \u00e7al\u0131\u015fmalar\u0131n devam etti\u011fini s\u00f6yledi. Konu\u015fmalar\u0131n ard\u0131ndan kurdele kesimi ile serginin a\u00e7\u0131l\u0131\u015f\u0131 ger\u00e7ekle\u015ftirildi.<\/p>\n<p><img decoding=\"async\" class=\"aligncenter wp-image-8626 \" src=\"https:\/\/iletim.istanbul.edu.tr\/wp-content\/uploads\/HMZ_6958-1024x646.jpg\" alt=\"\" width=\"686\" height=\"433\" srcset=\"https:\/\/iletim.istanbul.edu.tr\/wp-content\/uploads\/HMZ_6958-1024x646.jpg 1024w, https:\/\/iletim.istanbul.edu.tr\/wp-content\/uploads\/HMZ_6958-300x189.jpg 300w, https:\/\/iletim.istanbul.edu.tr\/wp-content\/uploads\/HMZ_6958-768x485.jpg 768w, https:\/\/iletim.istanbul.edu.tr\/wp-content\/uploads\/HMZ_6958-103x65.jpg 103w, https:\/\/iletim.istanbul.edu.tr\/wp-content\/uploads\/HMZ_6958-351x221.jpg 351w, https:\/\/iletim.istanbul.edu.tr\/wp-content\/uploads\/HMZ_6958-326x205.jpg 326w, https:\/\/iletim.istanbul.edu.tr\/wp-content\/uploads\/HMZ_6958-163x102.jpg 163w\" sizes=\"(max-width: 686px) 100vw, 686px\" \/><\/p>\n<p>Sergi gezimi s\u0131ras\u0131nda Uzlu, foto\u011fraflar\u0131n \u00e7\u0131k\u0131\u015f\u0131na ait k\u0131sa hik\u00e2yeler payla\u015ft\u0131. Karadeniz insan\u0131n\u0131n s\u0131cak oldu\u011fundan bahseden Uzlu, i\u015flerinin aras\u0131nda durup g\u00fcl\u00fcmseyebilmelerinin, kendisine yard\u0131mc\u0131 olmak i\u00e7in u\u011fra\u015f vermelerinin kendisini etkiledi\u011fini s\u00f6yledi.<\/p>\n<p><img decoding=\"async\" class=\"alignnone wp-image-8631 size-large\" src=\"https:\/\/iletim.istanbul.edu.tr\/wp-content\/uploads\/HMZ_6990-1024x437.jpg\" alt=\"\" width=\"702\" height=\"300\" srcset=\"https:\/\/iletim.istanbul.edu.tr\/wp-content\/uploads\/HMZ_6990-1024x437.jpg 1024w, https:\/\/iletim.istanbul.edu.tr\/wp-content\/uploads\/HMZ_6990-300x128.jpg 300w, https:\/\/iletim.istanbul.edu.tr\/wp-content\/uploads\/HMZ_6990-768x328.jpg 768w\" sizes=\"(max-width: 702px) 100vw, 702px\" \/><\/p>\n<p>Uzlu, Trabzon\u2019un ke\u015ffedilmemi\u015f yerlerinde foto\u011fraf \u00e7al\u0131\u015fmalar\u0131n\u0131 ger\u00e7ekle\u015ftirdi\u011fini ve bu yerlerin ke\u015ffedilseydi g\u00fczelliklerini kaybedece\u011fini s\u00f6yledi.<\/p>\n<p><img decoding=\"async\" class=\"alignnone wp-image-8629 \" src=\"https:\/\/iletim.istanbul.edu.tr\/wp-content\/uploads\/HMZ_6985-1024x683.jpg\" alt=\"\" width=\"677\" height=\"451\" srcset=\"https:\/\/iletim.istanbul.edu.tr\/wp-content\/uploads\/HMZ_6985-1024x683.jpg 1024w, https:\/\/iletim.istanbul.edu.tr\/wp-content\/uploads\/HMZ_6985-300x200.jpg 300w, https:\/\/iletim.istanbul.edu.tr\/wp-content\/uploads\/HMZ_6985-768x512.jpg 768w\" sizes=\"(max-width: 677px) 100vw, 677px\" \/><\/p>\n<p>Sergide yer alan her foto\u011fraf\u0131n farkl\u0131 bir hik\u00e2yesi var. Hasta yata\u011f\u0131n\u0131n ba\u015f\u0131nda kocas\u0131na Kur\u2019an okuyan ya\u015fl\u0131 teyzeden, kocas\u0131na a\u015fkla bakan teyzeye, y\u00fcksek da\u011flar\u0131n yollar\u0131n\u0131 a\u015fan \u0131rgat kad\u0131nlardan, i\u015flerinin aras\u0131nda yorgun haliyle bile g\u00fcl\u00fcmseyen kad\u0131nlara kadar de\u011fi\u015fik hik\u00e2yeler mevcut.<\/p>\n<p>Serginin g\u00f6sterimi 4-10 Mart tarihleri aras\u0131nda \u0130stanbul \u00dcniversitesi Rekt\u00f6rl\u00fck Binas\u0131 Sergi Alan\u0131&#8217;nda devam edecek.<\/p>\n<div id='gallery_1' class='gallery galleryid-8624 gallery-columns-4 gallery-size-thumbnail'><figure class='gallery-item'>\n                <div class='gallery-icon landscape'>\n                    <a href='https:\/\/iletim.istanbul.edu.tr\/wp-content\/uploads\/DSC_6455.jpg'><img loading=\"lazy\" decoding=\"async\" width=\"150\" height=\"150\" src=\"\" class=\"attachment-thumbnail size-thumbnail lazyload\" alt=\"\" data-src=\"https:\/\/iletim.istanbul.edu.tr\/wp-content\/uploads\/DSC_6455-150x150.jpg\" data-sizes=\"auto\" data-srcset=\"\" data-expand=\"700\" \/><\/a>\n                <\/div><\/figure><figure class='gallery-item'>\n                <div class='gallery-icon landscape'>\n                    <a href='https:\/\/iletim.istanbul.edu.tr\/wp-content\/uploads\/HMZ_6964.jpg'><img loading=\"lazy\" decoding=\"async\" width=\"150\" height=\"150\" src=\"\" class=\"attachment-thumbnail size-thumbnail lazyload\" alt=\"\" data-src=\"https:\/\/iletim.istanbul.edu.tr\/wp-content\/uploads\/HMZ_6964-150x150.jpg\" data-sizes=\"auto\" data-srcset=\"\" data-expand=\"700\" \/><\/a>\n                <\/div><\/figure><figure class='gallery-item'>\n                <div class='gallery-icon landscape'>\n                    <a href='https:\/\/iletim.istanbul.edu.tr\/wp-content\/uploads\/HMZ_6982.jpg'><img loading=\"lazy\" decoding=\"async\" width=\"150\" height=\"150\" src=\"\" class=\"attachment-thumbnail size-thumbnail lazyload\" alt=\"\" data-src=\"https:\/\/iletim.istanbul.edu.tr\/wp-content\/uploads\/HMZ_6982-150x150.jpg\" data-sizes=\"auto\" data-srcset=\"\" data-expand=\"700\" \/><\/a>\n                <\/div><\/figure><figure class='gallery-item'>\n                <div class='gallery-icon landscape'>\n                    <a href='https:\/\/iletim.istanbul.edu.tr\/wp-content\/uploads\/HMZ_6988.jpg'><img loading=\"lazy\" decoding=\"async\" width=\"150\" height=\"150\" src=\"\" class=\"attachment-thumbnail size-thumbnail lazyload\" alt=\"\" data-src=\"https:\/\/iletim.istanbul.edu.tr\/wp-content\/uploads\/HMZ_6988-150x150.jpg\" data-sizes=\"auto\" data-srcset=\"\" data-expand=\"700\" \/><\/a>\n                <\/div><\/figure><br style=\"clear: both\" \/>\n            <\/div>\n\n","protected":false},"excerpt":{"rendered":"<p>I\u015f\u0131l SIP\u00c7IK Okulumuz mezunlar\u0131ndan foto\u011fraf sanat\u00e7\u0131s\u0131 Varol Uzlu taraf\u0131ndan haz\u0131rlanan \u201cY\u00fcre\u011fumun Orta Yeri\u201d sergisi bug\u00fcn \u0130stanbul \u00dcniversitesi Rekt\u00f6rl\u00fck binas\u0131nda a\u00e7\u0131ld\u0131. A\u00e7\u0131l\u0131\u015f konu\u015fmas\u0131n\u0131 \u0130leti\u015fim Fak\u00fcltesi Gazetecilik B\u00f6l\u00fcm\u00fc&#8217;nden Prof. Dr. Suat Gezgin ger\u00e7ekle\u015ftirdi. A\u00e7\u0131l\u0131\u015f konu\u015fmas\u0131n\u0131 yapmak \u00fczere k\u00fcrs\u00fcye \u00e7\u0131kan Varol Uzlu, 25 y\u0131l \u00f6nce \u00f6\u011frencisi oldu\u011fu okulda b\u00f6ylesi bir sergiyi a\u00e7abildi\u011fi i\u00e7in gurur duydu\u011funu s\u00f6yledi. Sergisinde Trabzon\u2019un [&hellip;]<\/p>\n","protected":false},"author":14,"featured_media":8628,"comment_status":"open","ping_status":"open","sticky":false,"template":"","format":"standard","meta":{"jnews-multi-image_gallery":[],"jnews_single_post":[],"jnews_primary_category":[],"jnews_social_meta":[],"jnews_override_counter":[],"footnotes":""},"categories":[1],"tags":[],"class_list":["post-8624","post","type-post","status-publish","format-standard","has-post-thumbnail","hentry","category-genel"],"_links":{"self":[{"href":"https:\/\/iletim.istanbul.edu.tr\/index.php\/wp-json\/wp\/v2\/posts\/8624","targetHints":{"allow":["GET"]}}],"collection":[{"href":"https:\/\/iletim.istanbul.edu.tr\/index.php\/wp-json\/wp\/v2\/posts"}],"about":[{"href":"https:\/\/iletim.istanbul.edu.tr\/index.php\/wp-json\/wp\/v2\/types\/post"}],"author":[{"embeddable":true,"href":"https:\/\/iletim.istanbul.edu.tr\/index.php\/wp-json\/wp\/v2\/users\/14"}],"replies":[{"embeddable":true,"href":"https:\/\/iletim.istanbul.edu.tr\/index.php\/wp-json\/wp\/v2\/comments?post=8624"}],"version-history":[{"count":0,"href":"https:\/\/iletim.istanbul.edu.tr\/index.php\/wp-json\/wp\/v2\/posts\/8624\/revisions"}],"wp:featuredmedia":[{"embeddable":true,"href":"https:\/\/iletim.istanbul.edu.tr\/index.php\/wp-json\/wp\/v2\/media\/8628"}],"wp:attachment":[{"href":"https:\/\/iletim.istanbul.edu.tr\/index.php\/wp-json\/wp\/v2\/media?parent=8624"}],"wp:term":[{"taxonomy":"category","embeddable":true,"href":"https:\/\/iletim.istanbul.edu.tr\/index.php\/wp-json\/wp\/v2\/categories?post=8624"},{"taxonomy":"post_tag","embeddable":true,"href":"https:\/\/iletim.istanbul.edu.tr\/index.php\/wp-json\/wp\/v2\/tags?post=8624"}],"curies":[{"name":"wp","href":"https:\/\/api.w.org\/{rel}","templated":true}]}}