{"id":8781,"date":"2019-03-07T15:49:01","date_gmt":"2019-03-07T12:49:01","guid":{"rendered":"https:\/\/iletim.istanbul.edu.tr\/?p=8781"},"modified":"2019-03-07T15:52:04","modified_gmt":"2019-03-07T12:52:04","slug":"medyada-kadin-olmak","status":"publish","type":"post","link":"https:\/\/iletim.istanbul.edu.tr\/index.php\/2019\/03\/07\/medyada-kadin-olmak\/","title":{"rendered":"Medyada \u201cKad\u0131n Olmak\u201d"},"content":{"rendered":"<p><strong>I\u015f\u0131l SIP\u00c7IK<\/strong><\/p>\n<p>Ge\u00e7mi\u015ften g\u00fcn\u00fcm\u00fcze medyada \u00e7e\u015fitli platformlarda kad\u0131n\u0131n g\u00f6z \u00f6n\u00fcnde bulunurlu\u011fu artarken, kad\u0131na atfedilen anlamlar geleneksel \u00e7er\u00e7eve i\u00e7erisinde kalmaya devam ediyor. Bu konuda \u0130stanbul \u00dcniversitesi \u0130leti\u015fim Fak\u00fcltesi Radyo Televizyon ve Sinema B\u00f6l\u00fcm\u00fc \u00d6\u011fretim \u00dcyesi Prof. Dr. Nil\u00fcfer Timisi Nal\u00e7ao\u011flu ve Gazetecilik B\u00f6l\u00fcm\u00fc Dr. \u00d6\u011fr. \u00dcyesi H\u00fclya Semiz T\u00fcrko\u011flu konu\u015ftu.<\/p>\n<p><strong>\u201cToplumsal Cinsiyet Rollerinde Yeni Makyaj\u201d<\/strong><\/p>\n<p>Televizyonun kendi ba\u015f\u0131na bir de\u011fer \u00fcretmedi\u011finden, toplumun de\u011ferleriyle kendini geli\u015ftirdi\u011finden bahseden Prof. Dr. Timisi Nal\u00e7ao\u011flu, \u201cGe\u00e7mi\u015fteki dizilerde kad\u0131n\u0131n daha s\u0131n\u0131rl\u0131 rollerle yer ald\u0131\u011f\u0131n\u0131 s\u00f6ylemek m\u00fcmk\u00fcn. G\u00fcn\u00fcm\u00fczle kar\u015f\u0131la\u015ft\u0131r\u0131l\u0131nca \u00e7ok \u00f6nemli bir de\u011fi\u015fme oldu\u011funu da s\u00f6yleyemeyiz\u201d diyerek alt metin olarak de\u011fi\u015fikli\u011fin ya\u015fanmad\u0131\u011f\u0131n\u0131 ve toplumsal cinsiyeti yeni bir makyajla kar\u015f\u0131m\u0131za \u00e7\u0131kard\u0131\u011f\u0131n\u0131 s\u00f6yledi.<\/p>\n<p><strong>\u201cKad\u0131nlar Ma\u011fduriyetleriyle Var Olabiliyor\u201d<\/strong><\/p>\n<p>Betty Friedan\u2019\u0131n 1963\u2019te \u201cKad\u0131nl\u0131\u011f\u0131n Gizemi\u201d kitab\u0131nda bahsetti\u011fi, \u201cTelevizyon kad\u0131nlar\u0131 imha ediyor. Kad\u0131nl\u0131\u011f\u0131n ger\u00e7ek var olu\u015funu, \u00f6zne konumunu dikkate alm\u0131yor\u201d s\u00f6zlerine dikkat \u00e7eken Prof. Dr. Timisi Nal\u00e7ao\u011flu, ma\u011fduriyet durumunun televizyon anlat\u0131s\u0131n\u0131n merkezinde yer ald\u0131\u011f\u0131n\u0131 belirtti. Kad\u0131nlar\u0131n g\u00fcn\u00fcm\u00fczde \u00f6zellikle \u015fiddetin ma\u011fduru olarak temsil edildi\u011fine de\u011finen Prof. Dr. Timisi Nal\u00e7ao\u011flu, \u201cKad\u0131n\u0131n \u00f6zne olabilme ihtimali ma\u011fduriyetle birlikte ortadan kald\u0131r\u0131l\u0131yor. Bu durumda da toplumsal cinsiyete dayal\u0131 bir ayr\u0131m s\u00f6z konusu\u201d dedi.<\/p>\n<p><strong>\u201cYumu\u015fak Diplomasinin Y\u00fcr\u00fct\u00fcld\u00fc\u011f\u00fc Yer\u201d<\/strong><\/p>\n<p>Prof. Dr. Timisi Nal\u00e7ao\u011flu, \u201cYerli diziler uluslararas\u0131 alanda T\u00fcrkiye&#8217;nin yumu\u015fak diplomasisinin y\u00fcr\u00fct\u00fcld\u00fc\u011f\u00fc \u00f6nemli bir yer\u201d diyerek ulusal anlamda seyircinin dikkatini \u00e7eken dizilerde klasik anlat\u0131 yap\u0131s\u0131n\u0131n \u00e7e\u015fitlenmi\u015f bi\u00e7imleri i\u00e7erisinde kad\u0131n ve erkek aras\u0131ndaki ili\u015fkilerin olay \u00f6rg\u00fcs\u00fcn\u00fcn merkezinde kald\u0131\u011f\u0131n\u0131 ekledi.<br \/>\nKad\u0131nlar\u0131n genelde fiziksel \u00f6zellikleriyle temsil edildi\u011fine, medeni durum etiketlemelerine \u00e7ok\u00e7a yer verildi\u011fine de\u011finen Prof. Dr. Timisi Nal\u00e7ao\u011flu, \u201cKad\u0131n ve erke\u011fin fiziksel \u00f6zelliklerinden ba\u015flayarak televizyonda bir farkl\u0131la\u015ft\u0131rman\u0131n mevcut oldu\u011funu s\u00f6ylemek m\u00fcmk\u00fcn. Bunun yan\u0131nda kad\u0131n ve erkek karakterlerin duygusal \u00e7\u0131kar\u0131mlar\u0131 a\u00e7\u0131s\u0131ndan kad\u0131nlar ba\u011f\u0131ml\u0131 ve ma\u011fdur, erkekler ise ak\u0131lc\u0131, kararl\u0131 ve ba\u011f\u0131ms\u0131z bireyler olarak kar\u015f\u0131m\u0131za \u00e7\u0131k\u0131yor\u201d dedi.<\/p>\n<p><strong>\u201cMedya \u015eiddeti Me\u015frula\u015ft\u0131r\u0131yor\u201d<\/strong><\/p>\n<p>Medyan\u0131n \u015fiddeti haberle\u015ftirirken kamusal bir hizmeti yerine getirdi\u011finden s\u00f6z eden Prof. Dr. Timisi Nal\u00e7ao\u011flu, medyan\u0131n \u015fiddeti kamusalla\u015ft\u0131r\u0131rken me\u015frula\u015ft\u0131rd\u0131\u011f\u0131n\u0131 ve iktidar ili\u015fkilerini kad\u0131nlar\u0131n aleyhine, erkeklerin lehine bir haber dili kurarak yeniden \u00fcretti\u011fini ifade etti. Yap\u0131lmas\u0131 gerekenin \u015fiddete maruz kalan\u0131n g\u00f6z\u00fcnden olaya bak\u0131lmas\u0131 ve egemen ideolojinin d\u0131\u015f\u0131na \u00e7\u0131k\u0131lmas\u0131 oldu\u011funu s\u00f6zlerine ekledi.<br \/>\nDr. \u00d6\u011fr. \u00dcyesi H\u00fclya Semiz T\u00fcrko\u011flu ise konuyla ilgili \u015fiddetin s\u0131radanla\u015ft\u0131r\u0131lmas\u0131na dikkat \u00e7ekti. Kad\u0131na kar\u015f\u0131 \u015fiddettin sadece kad\u0131n\u0131 de\u011fil aileden ba\u015flayarak t\u00fcm toplumu yaralad\u0131\u011f\u0131n\u0131 ve \u015fiddetin s\u0131radan bir olay say\u0131ld\u0131k\u00e7a artarak devam edece\u011fini dile getiren Dr. \u00d6\u011fr. \u00dcyesi H\u00fclya Semiz T\u00fcrko\u011flu, \u201dMedyada kad\u0131n\u0131n \u015fiddete maruz kalmas\u0131n\u0131n geleneksel kavramlara dayan\u0131larak hakl\u0131 g\u00f6sterilmesi, haberlerde \u015fiddet ma\u011fduru kad\u0131nlar\u0131n \u00e7aresizli\u011finin s\u0131k s\u0131k konu edilmesi \u015fiddetin s\u0131radanla\u015fmas\u0131 s\u00fcrecinde etkili olabilmektedir\u201d dedi.<br \/>\nDr. \u00d6\u011fr. \u00dcyesi Semiz T\u00fcrko\u011flu, televizyon odakl\u0131 ya\u015fayan bir toplum haline geldi\u011fimizden ve ger\u00e7ek hayatla televizyonun fantastik d\u00fcnyas\u0131n\u0131 birbirine kar\u0131\u015ft\u0131ran televizyon izleyicisine sahip oldu\u011fumuzdan bahsetti. Bu seyirci modelinin ciddi bir yan\u0131lsama i\u00e7inde televizyonun saniyelerle de\u011fi\u015fen g\u00f6r\u00fcnt\u00fcs\u00fc kar\u015f\u0131s\u0131nda \u015fiddeti zarars\u0131zm\u0131\u015f gibi alg\u0131lad\u0131\u011f\u0131n\u0131n alt\u0131n\u0131 \u00e7izerek \u201c\u0130zleyici, \u015fiddetin ne denli tehlikeli bir olgu oldu\u011funu ya art\u0131k g\u00f6remez ya da g\u00f6rmezlikten gelir\u201d ifadelerine yer verdi.<\/p>\n","protected":false},"excerpt":{"rendered":"<p>Ge\u00e7mi\u015ften g\u00fcn\u00fcm\u00fcze medyada \u00e7e\u015fitli platformlarda kad\u0131n\u0131n g\u00f6z \u00f6n\u00fcnde bulunurlu\u011fu artarken, kad\u0131na atfedilen anlamlar geleneksel \u00e7er\u00e7eve i\u00e7erisinde kalmaya devam ediyor. Bu konuda \u0130stanbul \u00dcniversitesi \u0130leti\u015fim Fak\u00fcltesi Radyo Televizyon ve Sinema B\u00f6l\u00fcm\u00fc \u00d6\u011fretim \u00dcyesi Prof. Dr. Nil\u00fcfer Timisi Nal\u00e7ao\u011flu ve Gazetecilik B\u00f6l\u00fcm\u00fc Dr. \u00d6\u011fr. \u00dcyesi H\u00fclya Semiz T\u00fcrko\u011flu konu\u015ftu.<\/p>\n","protected":false},"author":14,"featured_media":8787,"comment_status":"open","ping_status":"open","sticky":false,"template":"","format":"standard","meta":{"jnews-multi-image_gallery":[],"jnews_single_post":[],"jnews_primary_category":[],"jnews_social_meta":[],"jnews_override_counter":[],"footnotes":""},"categories":[35],"tags":[723,252,724,725],"class_list":["post-8781","post","type-post","status-publish","format-standard","has-post-thumbnail","hentry","category-yasam","tag-kadin","tag-medya","tag-medyada-kadin","tag-medyada-kadin-olmak"],"_links":{"self":[{"href":"https:\/\/iletim.istanbul.edu.tr\/index.php\/wp-json\/wp\/v2\/posts\/8781","targetHints":{"allow":["GET"]}}],"collection":[{"href":"https:\/\/iletim.istanbul.edu.tr\/index.php\/wp-json\/wp\/v2\/posts"}],"about":[{"href":"https:\/\/iletim.istanbul.edu.tr\/index.php\/wp-json\/wp\/v2\/types\/post"}],"author":[{"embeddable":true,"href":"https:\/\/iletim.istanbul.edu.tr\/index.php\/wp-json\/wp\/v2\/users\/14"}],"replies":[{"embeddable":true,"href":"https:\/\/iletim.istanbul.edu.tr\/index.php\/wp-json\/wp\/v2\/comments?post=8781"}],"version-history":[{"count":0,"href":"https:\/\/iletim.istanbul.edu.tr\/index.php\/wp-json\/wp\/v2\/posts\/8781\/revisions"}],"wp:featuredmedia":[{"embeddable":true,"href":"https:\/\/iletim.istanbul.edu.tr\/index.php\/wp-json\/wp\/v2\/media\/8787"}],"wp:attachment":[{"href":"https:\/\/iletim.istanbul.edu.tr\/index.php\/wp-json\/wp\/v2\/media?parent=8781"}],"wp:term":[{"taxonomy":"category","embeddable":true,"href":"https:\/\/iletim.istanbul.edu.tr\/index.php\/wp-json\/wp\/v2\/categories?post=8781"},{"taxonomy":"post_tag","embeddable":true,"href":"https:\/\/iletim.istanbul.edu.tr\/index.php\/wp-json\/wp\/v2\/tags?post=8781"}],"curies":[{"name":"wp","href":"https:\/\/api.w.org\/{rel}","templated":true}]}}