{"id":8792,"date":"2019-03-07T16:22:06","date_gmt":"2019-03-07T13:22:06","guid":{"rendered":"https:\/\/iletim.istanbul.edu.tr\/?p=8792"},"modified":"2019-03-07T17:18:41","modified_gmt":"2019-03-07T14:18:41","slug":"mezunlar-ogrencilerle-karsilasti","status":"publish","type":"post","link":"https:\/\/iletim.istanbul.edu.tr\/index.php\/2019\/03\/07\/mezunlar-ogrencilerle-karsilasti\/","title":{"rendered":"Mezunlar \u00d6\u011frencilerle Kar\u015f\u0131la\u015ft\u0131"},"content":{"rendered":"<p><strong>Aylin AY<\/strong><\/p>\n<p>\u0130stanbul \u00fcniversitesi 40. Spor \u015e\u00f6leni Basketbol Turnuvas\u0131 A Grubunda rekabet eden Di\u015f Hekimli\u011fi Fak\u00fcltesi Kad\u0131n Basketbol Tak\u0131m\u0131 ile Mezunlar Kad\u0131n Basketbol Tak\u0131m\u0131 6 Mart&#8217;ta Co\u011frafya Spor Salonunda kar\u015f\u0131la\u015ft\u0131.<\/p>\n<p><img decoding=\"async\" class=\"alignnone size-large wp-image-8809\" src=\"https:\/\/iletim.istanbul.edu.tr\/wp-content\/uploads\/DSC_3545-1024x680.jpg\" alt=\"\" width=\"702\" height=\"466\" srcset=\"https:\/\/iletim.istanbul.edu.tr\/wp-content\/uploads\/DSC_3545-1024x680.jpg 1024w, https:\/\/iletim.istanbul.edu.tr\/wp-content\/uploads\/DSC_3545-300x199.jpg 300w, https:\/\/iletim.istanbul.edu.tr\/wp-content\/uploads\/DSC_3545-768x510.jpg 768w\" sizes=\"(max-width: 702px) 100vw, 702px\" \/><\/p>\n<p><strong>Tecr\u00fcbeliler \u00c7aylaklara Kar\u015f\u0131<\/strong><\/p>\n<p>\u0130stanbul \u00dcniversitesinden mezun olan ve 35 y\u0131ld\u0131r bu turnuvalara kat\u0131lan Funda Onar, \u201cBu m\u00fcsabakalara 5. Y\u0131l\u0131ndan itibaren kat\u0131lmaktay\u0131m. Mezun olmak g\u00fczel bir duygu ve burada hala basketbol oynamak da. Bizim iste\u011fimiz mezun gen\u00e7lerin de bizim tak\u0131m\u0131m\u0131za kat\u0131lmas\u0131 ve kad\u0131nlar\u0131n spora olan ilgisini artt\u0131rmak.\u00a0 G\u00f6r\u00fcyorum ki okulumuzun kad\u0131n basket tak\u0131mlar\u0131 azalm\u0131\u015f\u201d s\u00f6zleriyle daha \u00e7ok spora ilgi olmas\u0131 gerekti\u011fini belirtti. Di\u015f Hekimli\u011fi Kad\u0131n Basketbol Tak\u0131m\u0131ndan Elif Aslan da iddial\u0131 olduklar\u0131na dikkat \u00e7ekip \u201c\u00c7ok antrenmanl\u0131 de\u011filiz ama yine de tak\u0131m\u0131ma g\u00fcveniyorum\u201d dedi.<\/p>\n<p><img decoding=\"async\" class=\"alignnone size-large wp-image-8810\" src=\"https:\/\/iletim.istanbul.edu.tr\/wp-content\/uploads\/DSC_3584-1024x680.jpg\" alt=\"\" width=\"702\" height=\"466\" srcset=\"https:\/\/iletim.istanbul.edu.tr\/wp-content\/uploads\/DSC_3584-1024x680.jpg 1024w, https:\/\/iletim.istanbul.edu.tr\/wp-content\/uploads\/DSC_3584-300x199.jpg 300w, https:\/\/iletim.istanbul.edu.tr\/wp-content\/uploads\/DSC_3584-768x510.jpg 768w\" sizes=\"(max-width: 702px) 100vw, 702px\" \/><\/p>\n<p><strong>Tecr\u00fcbe Kazand\u0131<\/strong><\/p>\n<p>K\u0131yas\u0131ya rekabetin s\u00fcrd\u00fc\u011f\u00fc ma\u00e7ta Mezunlar tak\u0131m\u0131 Di\u015f Hekimli\u011fi Fak\u00fcltesini ma\u011flup etti (46-38). Mezunlar 35 y\u0131ll\u0131k emeklerini bu ma\u00e7ta da g\u00f6sterdiler.<\/p>\n<p><img decoding=\"async\" class=\"alignnone size-large wp-image-8812\" src=\"https:\/\/iletim.istanbul.edu.tr\/wp-content\/uploads\/DSC_3726-1024x680.jpg\" alt=\"\" width=\"702\" height=\"466\" srcset=\"https:\/\/iletim.istanbul.edu.tr\/wp-content\/uploads\/DSC_3726-1024x680.jpg 1024w, https:\/\/iletim.istanbul.edu.tr\/wp-content\/uploads\/DSC_3726-300x199.jpg 300w, https:\/\/iletim.istanbul.edu.tr\/wp-content\/uploads\/DSC_3726-768x510.jpg 768w\" sizes=\"(max-width: 702px) 100vw, 702px\" \/><\/p>\n","protected":false},"excerpt":{"rendered":"<p>\u0130stanbul \u00fcniversitesi 40. Spor \u015e\u00f6leni Basketbol Turnuvas\u0131 A Grubunda rekabet eden Di\u015f Hekimli\u011fi Fak\u00fcltesi Kad\u0131n Basketbol Tak\u0131m\u0131 ile Mezunlar Kad\u0131n Basketbol Tak\u0131m\u0131 6 Mart&#8217;ta Co\u011frafya Spor Salonunda kar\u015f\u0131la\u015ft\u0131.<\/p>\n","protected":false},"author":14,"featured_media":8815,"comment_status":"open","ping_status":"open","sticky":false,"template":"","format":"standard","meta":{"jnews-multi-image_gallery":[],"jnews_single_post":[],"jnews_primary_category":[],"jnews_social_meta":[],"jnews_override_counter":[],"footnotes":""},"categories":[33],"tags":[702,496,723],"class_list":["post-8792","post","type-post","status-publish","format-standard","has-post-thumbnail","hentry","category-spor","tag-basketbol","tag-dis-hekimligi-fakultesi","tag-kadin"],"_links":{"self":[{"href":"https:\/\/iletim.istanbul.edu.tr\/index.php\/wp-json\/wp\/v2\/posts\/8792","targetHints":{"allow":["GET"]}}],"collection":[{"href":"https:\/\/iletim.istanbul.edu.tr\/index.php\/wp-json\/wp\/v2\/posts"}],"about":[{"href":"https:\/\/iletim.istanbul.edu.tr\/index.php\/wp-json\/wp\/v2\/types\/post"}],"author":[{"embeddable":true,"href":"https:\/\/iletim.istanbul.edu.tr\/index.php\/wp-json\/wp\/v2\/users\/14"}],"replies":[{"embeddable":true,"href":"https:\/\/iletim.istanbul.edu.tr\/index.php\/wp-json\/wp\/v2\/comments?post=8792"}],"version-history":[{"count":0,"href":"https:\/\/iletim.istanbul.edu.tr\/index.php\/wp-json\/wp\/v2\/posts\/8792\/revisions"}],"wp:featuredmedia":[{"embeddable":true,"href":"https:\/\/iletim.istanbul.edu.tr\/index.php\/wp-json\/wp\/v2\/media\/8815"}],"wp:attachment":[{"href":"https:\/\/iletim.istanbul.edu.tr\/index.php\/wp-json\/wp\/v2\/media?parent=8792"}],"wp:term":[{"taxonomy":"category","embeddable":true,"href":"https:\/\/iletim.istanbul.edu.tr\/index.php\/wp-json\/wp\/v2\/categories?post=8792"},{"taxonomy":"post_tag","embeddable":true,"href":"https:\/\/iletim.istanbul.edu.tr\/index.php\/wp-json\/wp\/v2\/tags?post=8792"}],"curies":[{"name":"wp","href":"https:\/\/api.w.org\/{rel}","templated":true}]}}