{"id":8819,"date":"2019-03-08T10:07:12","date_gmt":"2019-03-08T07:07:12","guid":{"rendered":"https:\/\/iletim.istanbul.edu.tr\/?p=8819"},"modified":"2019-03-08T16:21:37","modified_gmt":"2019-03-08T13:21:37","slug":"zorlu-gecen-musabakada-galibiyet-isletme-fakultesinin","status":"publish","type":"post","link":"https:\/\/iletim.istanbul.edu.tr\/index.php\/2019\/03\/08\/zorlu-gecen-musabakada-galibiyet-isletme-fakultesinin\/","title":{"rendered":"Zorlu Ge\u00e7en M\u00fcsabakada Galibiyet \u0130\u015fletme Fak\u00fcltesi&#8217;nin"},"content":{"rendered":"<p><strong>U\u011fur YAMA\u00c7<\/strong><\/p>\n<p>\u0130stanbul \u00fcniversitesi 40. Spor \u015e\u00f6leni Voleybol Turnuvas\u0131 \u00a0A Grubunda rekabet eden Siyasal Bilgiler Fak\u00fcltesi Erkek Voleybol Tak\u0131m\u0131 ile \u0130\u015fletme Fak\u00fcltesi Erkek Voleybol Tak\u0131m\u0131 7 Mart\u2019ta Co\u011frafya Spor Salonunda kar\u015f\u0131la\u015ft\u0131.<\/p>\n<div id='gallery_1' class='gallery galleryid-8819 gallery-columns-2 gallery-size-large'><figure class='gallery-item'>\n                <div class='gallery-icon landscape'>\n                    <a href='https:\/\/iletim.istanbul.edu.tr\/wp-content\/uploads\/DSC2638.jpg'><img loading=\"lazy\" decoding=\"async\" width=\"1024\" height=\"680\" src=\"\" class=\"attachment-large size-large lazyload\" alt=\"\" data-src=\"https:\/\/iletim.istanbul.edu.tr\/wp-content\/uploads\/DSC2638-1024x680.jpg\" data-sizes=\"auto\" data-srcset=\"https:\/\/iletim.istanbul.edu.tr\/wp-content\/uploads\/DSC2638-1024x680.jpg 1024w, https:\/\/iletim.istanbul.edu.tr\/wp-content\/uploads\/DSC2638-300x199.jpg 300w, https:\/\/iletim.istanbul.edu.tr\/wp-content\/uploads\/DSC2638-768x510.jpg 768w\" data-expand=\"700\" \/><\/a>\n                <\/div><\/figure><figure class='gallery-item'>\n                <div class='gallery-icon landscape'>\n                    <a href='https:\/\/iletim.istanbul.edu.tr\/wp-content\/uploads\/DSC2607.jpg'><img loading=\"lazy\" decoding=\"async\" width=\"1024\" height=\"680\" src=\"\" class=\"attachment-large size-large lazyload\" alt=\"\" data-src=\"https:\/\/iletim.istanbul.edu.tr\/wp-content\/uploads\/DSC2607-1024x680.jpg\" data-sizes=\"auto\" data-srcset=\"https:\/\/iletim.istanbul.edu.tr\/wp-content\/uploads\/DSC2607-1024x680.jpg 1024w, https:\/\/iletim.istanbul.edu.tr\/wp-content\/uploads\/DSC2607-300x199.jpg 300w, https:\/\/iletim.istanbul.edu.tr\/wp-content\/uploads\/DSC2607-768x510.jpg 768w\" data-expand=\"700\" \/><\/a>\n                <\/div><\/figure><br style=\"clear: both\" \/>\n            <\/div>\n\n<p><strong>Bir S\u0131f\u0131rdan \u00dc\u00e7 Bire D\u00f6nen Ma\u00e7<\/strong><\/p>\n<p>Ger\u00e7ekle\u015fen voleybol turnuvas\u0131nda \u0130\u015fletme Fak\u00fcltesi Erkek Voleybol Tak\u0131m\u0131, Siyasal Bilgiler Fak\u00fcltesi Erkek Voleybol Tak\u0131m\u0131\u2019n\u0131 \u00fc\u00e7 bir ma\u011flup ederek m\u00fcsabakay\u0131 kazand\u0131. \u00c7eki\u015fmenin doruklara \u00e7\u0131kt\u0131\u011f\u0131 m\u00fcsabakada ilk seti Siyasal Bilgiler Fak\u00fcltesi kazand\u0131. \u0130kinci sette ise \u0130\u015fletme Fak\u00fcltesi 25\u2019e kar\u015f\u0131 20 say\u0131yla durumu 1-1 yaparak beraberli\u011fi elde etti. M\u00fcsabakan\u0131n \u00fc\u00e7\u00fcnc\u00fc setinde k\u0131ran k\u0131rana devam edem eden m\u00fccadelede \u0130\u015fletme Fak\u00fcltesi 26\u2019a kar\u015f\u0131 24 say\u0131yla 2-1 \u00f6ne ge\u00e7ti.\u00a0 M\u00fcsabakan\u0131n d\u00f6rd\u00fcnc\u00fc seti di\u011fer setlere nazaran y\u00fcksek mola say\u0131s\u0131 ile ger\u00e7ekle\u015fti. Hayecan\u0131n doruklara ula\u015ft\u0131\u011f\u0131 seti \u0130\u015fletme Fak\u00fcltesi 25\u2019e kar\u015f\u0131 21 say\u0131yla kazand\u0131 ve Siyasal Bilgiler Fak\u00fcltesine kar\u015f\u0131 \u00fc\u00e7 seti alarak galip geldi.<\/p>\n<p><img decoding=\"async\" class=\"alignnone wp-image-8828 size-large\" src=\"https:\/\/iletim.istanbul.edu.tr\/wp-content\/uploads\/DSC2737-1024x680.jpg\" alt=\"\" width=\"702\" height=\"466\" srcset=\"https:\/\/iletim.istanbul.edu.tr\/wp-content\/uploads\/DSC2737-1024x680.jpg 1024w, https:\/\/iletim.istanbul.edu.tr\/wp-content\/uploads\/DSC2737-300x199.jpg 300w, https:\/\/iletim.istanbul.edu.tr\/wp-content\/uploads\/DSC2737-768x510.jpg 768w\" sizes=\"(max-width: 702px) 100vw, 702px\" \/><\/p>\n<p><img decoding=\"async\" class=\"alignleft wp-image-8825 size-large\" style=\"font-family: 'Open Sans', Arial, sans-serif;font-size: 14px\" src=\"https:\/\/iletim.istanbul.edu.tr\/wp-content\/uploads\/DSC2640-1024x680.jpg\" alt=\"\" width=\"702\" height=\"466\" srcset=\"https:\/\/iletim.istanbul.edu.tr\/wp-content\/uploads\/DSC2640-1024x680.jpg 1024w, https:\/\/iletim.istanbul.edu.tr\/wp-content\/uploads\/DSC2640-300x199.jpg 300w, https:\/\/iletim.istanbul.edu.tr\/wp-content\/uploads\/DSC2640-768x510.jpg 768w\" sizes=\"(max-width: 702px) 100vw, 702px\" \/><\/p>\n","protected":false},"excerpt":{"rendered":"<p>\u0130stanbul \u00fcniversitesi 40. Spor \u015e\u00f6leni Voleybol Turnuvas\u0131 \u00a0A Grubunda rekabet eden Siyasal Bilgiler Fak\u00fcltesi Erkek Voleybol Tak\u0131m\u0131 ile \u0130\u015fletme Fak\u00fcltesi Erkek Voleybol Tak\u0131m\u0131 7 Mart\u2019ta Co\u011frafya Spor Salonunda kar\u015f\u0131la\u015ft\u0131.<\/p>\n","protected":false},"author":14,"featured_media":8831,"comment_status":"open","ping_status":"open","sticky":false,"template":"","format":"standard","meta":{"jnews-multi-image_gallery":[],"jnews_single_post":[],"jnews_primary_category":[],"jnews_social_meta":[],"jnews_override_counter":[],"footnotes":""},"categories":[33],"tags":[726,729],"class_list":["post-8819","post","type-post","status-publish","format-standard","has-post-thumbnail","hentry","category-spor","tag-mac","tag-voleybol"],"_links":{"self":[{"href":"https:\/\/iletim.istanbul.edu.tr\/index.php\/wp-json\/wp\/v2\/posts\/8819","targetHints":{"allow":["GET"]}}],"collection":[{"href":"https:\/\/iletim.istanbul.edu.tr\/index.php\/wp-json\/wp\/v2\/posts"}],"about":[{"href":"https:\/\/iletim.istanbul.edu.tr\/index.php\/wp-json\/wp\/v2\/types\/post"}],"author":[{"embeddable":true,"href":"https:\/\/iletim.istanbul.edu.tr\/index.php\/wp-json\/wp\/v2\/users\/14"}],"replies":[{"embeddable":true,"href":"https:\/\/iletim.istanbul.edu.tr\/index.php\/wp-json\/wp\/v2\/comments?post=8819"}],"version-history":[{"count":0,"href":"https:\/\/iletim.istanbul.edu.tr\/index.php\/wp-json\/wp\/v2\/posts\/8819\/revisions"}],"wp:featuredmedia":[{"embeddable":true,"href":"https:\/\/iletim.istanbul.edu.tr\/index.php\/wp-json\/wp\/v2\/media\/8831"}],"wp:attachment":[{"href":"https:\/\/iletim.istanbul.edu.tr\/index.php\/wp-json\/wp\/v2\/media?parent=8819"}],"wp:term":[{"taxonomy":"category","embeddable":true,"href":"https:\/\/iletim.istanbul.edu.tr\/index.php\/wp-json\/wp\/v2\/categories?post=8819"},{"taxonomy":"post_tag","embeddable":true,"href":"https:\/\/iletim.istanbul.edu.tr\/index.php\/wp-json\/wp\/v2\/tags?post=8819"}],"curies":[{"name":"wp","href":"https:\/\/api.w.org\/{rel}","templated":true}]}}