{"id":8858,"date":"2019-03-08T16:29:01","date_gmt":"2019-03-08T13:29:01","guid":{"rendered":"https:\/\/iletim.istanbul.edu.tr\/?p=8858"},"modified":"2019-03-08T16:55:18","modified_gmt":"2019-03-08T13:55:18","slug":"3-turk-sinemasi-gunleri-dervis-zaim-haftasi-balik-filmiyle-devam-ediyor","status":"publish","type":"post","link":"https:\/\/iletim.istanbul.edu.tr\/index.php\/2019\/03\/08\/3-turk-sinemasi-gunleri-dervis-zaim-haftasi-balik-filmiyle-devam-ediyor\/","title":{"rendered":"3. T\u00fcrk Sinemas\u0131 G\u00fcnleri Dervi\u015f Zaim Haftas\u0131 \u201cBal\u0131k\u201d Filmiyle Devam Ediyor"},"content":{"rendered":"<p><strong>I\u015f\u0131l SIP\u00c7IK<\/strong><\/p>\n<p>\u0130stanbul \u00dcniversitesi T\u00fcrk Sinemas\u0131 G\u00fcnlerinde Dervi\u015f Zaim Haftas\u0131, \u201cBal\u0131k\u201d filminin g\u00f6sterimi ile devam etti. \u0130stanbul \u00dcniversitesi \u0130leti\u015fim Fak\u00fcltesi Konferans Salonunda d\u00fczenlenen program\u0131n a\u00e7\u0131l\u0131\u015f konu\u015fmas\u0131n\u0131 Do\u00e7. Dr. \u00d6zg\u00fc Yolcu ger\u00e7ekle\u015ftirdi.<\/p>\n<p>Film g\u00f6sterimi sonras\u0131 Do\u00e7. Dr. \u00d6zg\u00fc Yolcu moderat\u00f6rl\u00fc\u011f\u00fcnde sanat y\u00f6netmeni Natali Yeres ile ger\u00e7ekle\u015ftirilen s\u00f6yle\u015fide film \u00fczerine de\u011ferlendirmelerde bulunuldu. \u201cBal\u0131k\u201d, \u201cNokta\u201d ve \u201cR\u00fcya\u201d filmlerinde Dervi\u015f Zaim\u2019le birlikte \u00e7al\u0131\u015ft\u0131\u011f\u0131n\u0131 s\u00f6yleyen Yeres, Zaim\u2019le \u00e7al\u0131\u015fman\u0131n \u00e7ok keyifli oldu\u011fundan bahsetti.<\/p>\n<p><img decoding=\"async\" class=\"alignnone wp-image-8862\" src=\"https:\/\/iletim.istanbul.edu.tr\/wp-content\/uploads\/DSC_0288-1024x680.jpg\" alt=\"\" width=\"687\" height=\"456\" srcset=\"https:\/\/iletim.istanbul.edu.tr\/wp-content\/uploads\/DSC_0288-1024x680.jpg 1024w, https:\/\/iletim.istanbul.edu.tr\/wp-content\/uploads\/DSC_0288-300x199.jpg 300w, https:\/\/iletim.istanbul.edu.tr\/wp-content\/uploads\/DSC_0288-768x510.jpg 768w\" sizes=\"(max-width: 687px) 100vw, 687px\" \/>Yeres, Dervi\u015f Zaim\u2019in filmlerinin hepsinde kad\u0131n karakterlerinin g\u00fc\u00e7l\u00fc oldu\u011funa dikkat \u00e7ekerek \u201cBal\u0131k\u201d filmindeki \u201cFiliz\u201d karakterini, \u00e7ocukken babas\u0131n\u0131n ona yedirdi\u011fi bal\u0131kla konu\u015fmaya ba\u015flamas\u0131 ve g\u00f6le te\u015fekk\u00fcr etmek gerekti\u011fi \u015feklinde mistik ve \u015famanik davran\u0131\u015f kal\u0131plar\u0131yla tan\u0131mlad\u0131. \u201cBoynundaki kolye de bu inanc\u0131n bir \u00fcr\u00fcn\u00fc. Filmde \u00e7ok g\u00f6r\u00fclm\u00fcyor ama hik\u00e2yenin inand\u0131r\u0131c\u0131l\u0131\u011f\u0131 a\u00e7\u0131s\u0131ndan \u00f6nemli bir detay\u201d diye ekledi.<\/p>\n<p>Ger\u00e7ek olan\u0131n sinemaya aktar\u0131l\u0131rken de\u011fer kaybetmesinin \u00f6n\u00fcne ge\u00e7ilmesi i\u00e7in sette her \u015feyin s\u0131f\u0131rdan yap\u0131ld\u0131\u011f\u0131n\u0131 dile getiren Yeres, Filmde g\u00f6sterilen bal\u0131k t\u00fcr\u00fcn\u00fcn benzersiz ve ger\u00e7ek\u00e7i olmas\u0131 i\u00e7in \u00e7ok \u00e7al\u0131\u015f\u0131ld\u0131\u011f\u0131n\u0131 s\u00f6zlerine ekledi. Sette kullan\u0131lan bal\u0131klar\u0131 oyuncu arkada\u015f olarak g\u00f6ren Yeres, bak\u0131mlar\u0131yla eksiksiz ilgilenildi\u011fini s\u00f6yledi.<\/p>\n<p><img decoding=\"async\" class=\"alignnone wp-image-8864\" src=\"https:\/\/iletim.istanbul.edu.tr\/wp-content\/uploads\/DSC_0317-1024x680.jpg\" alt=\"\" width=\"684\" height=\"454\" srcset=\"https:\/\/iletim.istanbul.edu.tr\/wp-content\/uploads\/DSC_0317-1024x680.jpg 1024w, https:\/\/iletim.istanbul.edu.tr\/wp-content\/uploads\/DSC_0317-300x199.jpg 300w, https:\/\/iletim.istanbul.edu.tr\/wp-content\/uploads\/DSC_0317-768x510.jpg 768w\" sizes=\"(max-width: 684px) 100vw, 684px\" \/><\/p>\n<p>\u201cBal\u0131k\u201d filminin do\u011fa ile insan aras\u0131ndaki ili\u015fkiye dair d\u00fc\u015f\u00fcnd\u00fcrd\u00fcklerine de\u011finen Yeres, \u201cDo\u011fa-insan ili\u015fkisiyle ba\u015f edememe duygusu var. Basit bir g\u00fcndem i\u00e7inde k\u0131s\u0131r denge. \u2018Kaya\u2019 karakteri do\u011faya ihanet etti\u011fi zaman kar\u015f\u0131l\u0131\u011f\u0131nda e\u015fini kaybederek bir ceza g\u00f6r\u00fcyor\u201d diyerek do\u011faya verdi\u011fimiz zarar\u0131n bize zarar olarak d\u00f6nd\u00fc\u011f\u00fcn\u00fc vurgulad\u0131.<\/p>\n<p><img decoding=\"async\" class=\"alignnone wp-image-8865\" src=\"https:\/\/iletim.istanbul.edu.tr\/wp-content\/uploads\/DSC_0344-1024x680.jpg\" alt=\"\" width=\"681\" height=\"452\" srcset=\"https:\/\/iletim.istanbul.edu.tr\/wp-content\/uploads\/DSC_0344-1024x680.jpg 1024w, https:\/\/iletim.istanbul.edu.tr\/wp-content\/uploads\/DSC_0344-300x199.jpg 300w, https:\/\/iletim.istanbul.edu.tr\/wp-content\/uploads\/DSC_0344-768x510.jpg 768w\" sizes=\"(max-width: 681px) 100vw, 681px\" \/><\/p>\n<p>Soru-cevap k\u0131sm\u0131n\u0131n ard\u0131ndan s\u00f6yle\u015fi, \u0130leti\u015fim Fak\u00fcltesi Dekan Yard\u0131mc\u0131s\u0131 Dr. \u00d6\u011fr. \u00dcyesi \u00dcmit Sar\u0131\u2019n\u0131n Do\u00e7. Dr. Yolcu ve Yeres\u2019e te\u015fekk\u00fcr belgesi takdim etmesi ile sona erdi.<\/p>\n<div id='gallery_1' class='gallery galleryid-8858 gallery-columns-3 gallery-size-thumbnail'><figure class='gallery-item'>\n                <div class='gallery-icon landscape'>\n                    <a href='https:\/\/iletim.istanbul.edu.tr\/wp-content\/uploads\/DSC_0264-1.jpg'><img loading=\"lazy\" decoding=\"async\" width=\"150\" height=\"150\" src=\"\" class=\"attachment-thumbnail size-thumbnail lazyload\" alt=\"\" data-src=\"https:\/\/iletim.istanbul.edu.tr\/wp-content\/uploads\/DSC_0264-1-150x150.jpg\" data-sizes=\"auto\" data-srcset=\"\" data-expand=\"700\" \/><\/a>\n                <\/div><\/figure><figure class='gallery-item'>\n                <div class='gallery-icon landscape'>\n                    <a href='https:\/\/iletim.istanbul.edu.tr\/wp-content\/uploads\/DSC_0296-1.jpg'><img loading=\"lazy\" decoding=\"async\" width=\"150\" height=\"150\" src=\"\" class=\"attachment-thumbnail size-thumbnail lazyload\" alt=\"\" data-src=\"https:\/\/iletim.istanbul.edu.tr\/wp-content\/uploads\/DSC_0296-1-150x150.jpg\" data-sizes=\"auto\" data-srcset=\"\" data-expand=\"700\" \/><\/a>\n                <\/div><\/figure><figure class='gallery-item'>\n                <div class='gallery-icon landscape'>\n                    <a href='https:\/\/iletim.istanbul.edu.tr\/wp-content\/uploads\/DSC_0350.jpg'><img loading=\"lazy\" decoding=\"async\" width=\"150\" height=\"150\" src=\"\" class=\"attachment-thumbnail size-thumbnail lazyload\" alt=\"\" data-src=\"https:\/\/iletim.istanbul.edu.tr\/wp-content\/uploads\/DSC_0350-150x150.jpg\" data-sizes=\"auto\" data-srcset=\"\" data-expand=\"700\" \/><\/a>\n                <\/div><\/figure><br style=\"clear: both\" \/>\n            <\/div>\n\n","protected":false},"excerpt":{"rendered":"<p>I\u015f\u0131l SIP\u00c7IK \u0130stanbul \u00dcniversitesi T\u00fcrk Sinemas\u0131 G\u00fcnlerinde Dervi\u015f Zaim Haftas\u0131, \u201cBal\u0131k\u201d filminin g\u00f6sterimi ile devam etti. \u0130stanbul \u00dcniversitesi \u0130leti\u015fim Fak\u00fcltesi Konferans Salonunda d\u00fczenlenen program\u0131n a\u00e7\u0131l\u0131\u015f konu\u015fmas\u0131n\u0131 Do\u00e7. Dr. \u00d6zg\u00fc Yolcu ger\u00e7ekle\u015ftirdi. Film g\u00f6sterimi sonras\u0131 Do\u00e7. Dr. \u00d6zg\u00fc Yolcu moderat\u00f6rl\u00fc\u011f\u00fcnde sanat y\u00f6netmeni Natali Yeres ile ger\u00e7ekle\u015ftirilen s\u00f6yle\u015fide film \u00fczerine de\u011ferlendirmelerde bulunuldu. \u201cBal\u0131k\u201d, \u201cNokta\u201d ve \u201cR\u00fcya\u201d filmlerinde [&hellip;]<\/p>\n","protected":false},"author":14,"featured_media":0,"comment_status":"open","ping_status":"open","sticky":false,"template":"","format":"standard","meta":{"jnews-multi-image_gallery":[],"jnews_single_post":[],"jnews_primary_category":[],"jnews_social_meta":[],"jnews_override_counter":[],"footnotes":""},"categories":[1],"tags":[],"class_list":["post-8858","post","type-post","status-publish","format-standard","hentry","category-genel"],"_links":{"self":[{"href":"https:\/\/iletim.istanbul.edu.tr\/index.php\/wp-json\/wp\/v2\/posts\/8858","targetHints":{"allow":["GET"]}}],"collection":[{"href":"https:\/\/iletim.istanbul.edu.tr\/index.php\/wp-json\/wp\/v2\/posts"}],"about":[{"href":"https:\/\/iletim.istanbul.edu.tr\/index.php\/wp-json\/wp\/v2\/types\/post"}],"author":[{"embeddable":true,"href":"https:\/\/iletim.istanbul.edu.tr\/index.php\/wp-json\/wp\/v2\/users\/14"}],"replies":[{"embeddable":true,"href":"https:\/\/iletim.istanbul.edu.tr\/index.php\/wp-json\/wp\/v2\/comments?post=8858"}],"version-history":[{"count":0,"href":"https:\/\/iletim.istanbul.edu.tr\/index.php\/wp-json\/wp\/v2\/posts\/8858\/revisions"}],"wp:attachment":[{"href":"https:\/\/iletim.istanbul.edu.tr\/index.php\/wp-json\/wp\/v2\/media?parent=8858"}],"wp:term":[{"taxonomy":"category","embeddable":true,"href":"https:\/\/iletim.istanbul.edu.tr\/index.php\/wp-json\/wp\/v2\/categories?post=8858"},{"taxonomy":"post_tag","embeddable":true,"href":"https:\/\/iletim.istanbul.edu.tr\/index.php\/wp-json\/wp\/v2\/tags?post=8858"}],"curies":[{"name":"wp","href":"https:\/\/api.w.org\/{rel}","templated":true}]}}