{"id":8880,"date":"2019-03-08T18:28:15","date_gmt":"2019-03-08T15:28:15","guid":{"rendered":"https:\/\/iletim.istanbul.edu.tr\/?p=8880"},"modified":"2019-03-11T14:08:57","modified_gmt":"2019-03-11T11:08:57","slug":"dunya-kadinlar-gununde-medyada-cinsiyet-esitsizligi-paneli","status":"publish","type":"post","link":"https:\/\/iletim.istanbul.edu.tr\/index.php\/2019\/03\/08\/dunya-kadinlar-gununde-medyada-cinsiyet-esitsizligi-paneli\/","title":{"rendered":"D\u00fcnya Kad\u0131nlar G\u00fcn\u00fc&#8217;nde &#8220;Medyada Cinsiyet E\u015fitsizli\u011fi&#8221; Paneli"},"content":{"rendered":"<p><strong>S\u00fcmeyye YA\u011eCI<\/strong><br \/>\n<strong>Foto\u011fraf : Halil SA\u00c7<\/strong><\/p>\n<p>\u0130stanbul \u00dcniversitesi \u0130leti\u015fim Fak\u00fcltesi&#8217;nde \u201c Medyada Cinsiyet E\u015fitsizli\u011fi \u201c konulu panel, 8 Mart D\u00fcnya Kad\u0131nlar G\u00fcn\u00fc\u2019nde ger\u00e7ekle\u015ftirildi. T\u00fcrkiye Gazeteciler Cemiyeti Kad\u0131n Gazeteciler Komisyonu \u00fcyeleri ve \u0130stanbul \u00dcniversitesi \u0130leti\u015fim Fak\u00fcltesi Dekan Yard\u0131mc\u0131s\u0131 Do\u00e7. Dr. Burcu Kaya Erdem\u2019in konuk olarak kat\u0131ld\u0131\u011f\u0131 panelde ileti\u015fim e\u011fitiminde kad\u0131n\u0131n konumu, T\u00fcrk bas\u0131n tarihinde kad\u0131n hareketi, cinsiyet\u00e7ilik sorunu ve haber yaz\u0131m\u0131ndaki sorunlara de\u011finildi.<\/p>\n<p>Panel, \u00d6\u011fr. G\u00f6r. Halil T\u00fcrker\u2019in a\u00e7\u0131l\u0131\u015f sunumunu yapmas\u0131n\u0131n ard\u0131ndan T\u00fcrkiye Gazeteciler Cemiyeti Kad\u0131n Gazeteciler Komisyon Ba\u015fkan\u0131 P\u0131nar Akta\u015f&#8217;\u0131n moderat\u00f6rl\u00fc\u011f\u00fcnde ba\u015flat\u0131ld\u0131. Akta\u015f, komisyonunun \u00e7al\u0131\u015fmalar\u0131ndan bahsetmesinin yan\u0131 s\u0131ra medyada cinsiyet e\u015fitli\u011fi hakk\u0131nda, \u201c Kad\u0131n Gazeteciler Komisyonu 2015 y\u0131l\u0131nda kuruldu. Medyada \u00e7al\u0131\u015fan kad\u0131nlar olarak toplumsal cinsiyet e\u015fitli\u011finin yayg\u0131nla\u015ft\u0131r\u0131lmas\u0131na inand\u0131k ve bir araya geldik. Cinsiyet e\u015fitli\u011fi odakl\u0131 haberlerin yayg\u0131nla\u015ft\u0131r\u0131lmas\u0131, cinsiyet\u00e7i dil yerine e\u015fitlik\u00e7i bir yap\u0131n\u0131n olu\u015fturulmas\u0131, kad\u0131n\u0131n ikincil konumdan \u00e7\u0131kar\u0131l\u0131p beceri, bilgi ve donan\u0131mlar\u0131yla hak etti\u011fi bi\u00e7imde konumland\u0131r\u0131lmas\u0131 i\u00e7in faaliyetlerimizi s\u00fcrd\u00fcrmekteyiz \u201c ifadelerini kulland\u0131.<\/p>\n<p><strong>\u201cKad\u0131nlar \u0130\u00e7in \u0130leti\u015fim E\u011fitimi \u00d6nemlidir\u201c<\/strong><\/p>\n<p>Panelin ilk konu\u015fmac\u0131s\u0131 olan \u0130stanbul \u00dcniversitesi \u0130leti\u015fim Fak\u00fcltesi Dekan Yard\u0131mc\u0131s\u0131 Do\u00e7. Dr. Burcu Kaya Erdem, &#8216;\u0130leti\u015fim E\u011fitiminde Kad\u0131n&#8217; ba\u015fl\u0131kl\u0131\u00a0 konu\u015fmas\u0131nda, \u201c \u0130leti\u015fim e\u011fitimi insani de\u011ferleri, hak ve e\u015fitlikleri i\u00e7selle\u015ftirerek toplumun cinsel kimlik fark etmeksizin ayr\u0131mc\u0131l\u0131ktan uzak davran\u0131\u015f bi\u00e7imleri geli\u015ftirilmesinde etkin rol oynamaktad\u0131r. Bu nedenle kad\u0131nlar i\u00e7in ileti\u015fim e\u011fitimi \u00f6nemlidir ve bu e\u011fitimi veren kurumlarda cinsiyet e\u015fitli\u011fi sorunlar\u0131n\u0131n a\u015f\u0131lmas\u0131 gereklidir \u201c \u015feklinde konu\u015ftu.<\/p>\n<p><strong>\u201cUmut Verici\u201c<\/strong><\/p>\n<p>\u0130leti\u015fim e\u011fitimi konusuyla ba\u011flant\u0131l\u0131 olarak \u0130leti\u015fim Fak\u00fcltesi\u2019ndeki kad\u0131n ve erkeklerin oransal bilgisine de\u011finen Erdem, \u201c 2294 \u00f6\u011frencimizin y\u00fczde 46\u2019s\u0131 kad\u0131n; y\u00fczde 54\u2019\u00fc erkek ve lisans\u00fcst\u00fcnde ise y\u00fczde 49.7\u2019si kad\u0131n, y\u00fczde 50.2\u2019si erkek. Fak\u00fcltemize akademik kadro a\u00e7\u0131s\u0131ndan bakt\u0131\u011f\u0131m\u0131zda, kad\u0131n oran\u0131n\u0131n temsil d\u00fczeyinin T\u00fcrkiye ortalamas\u0131n\u0131n \u00e7ok \u00fcst\u00fcnde oldu\u011funu g\u00f6r\u00fcyoruz. Bu noktada ileti\u015fim e\u011fitimi alan \u00f6\u011frencilerin, medyada toplumsal cinsiyet konusunda fark\u0131ndal\u0131k kazanmas\u0131 ve birer medya okuryazar\u0131 olarak sekt\u00f6re ad\u0131m atmalar\u0131 a\u00e7\u0131s\u0131ndan \u00f6nemli ve umut verici \u201c dedi.<\/p>\n<p><strong>\u201cKad\u0131n Do\u011fulmaz, Kad\u0131n Olunur\u201c<\/strong><\/p>\n<p>Panelin devam\u0131nda s\u00f6z alan gazeteci Semiha \u00d6zt\u00fcrk, &#8216;T\u00fcrk Bas\u0131n Tarihinde Kad\u0131n Hareketi&#8217; ba\u015fl\u0131\u011f\u0131 alt\u0131nda reformlar, feminizm ve tarih\u00e7e konular\u0131na ek olarak g\u00fcn\u00fcn \u00f6nemine de dikkat \u00e7ekerek, \u201c Ben do\u011fu\u015ftan feministim. Kad\u0131n ve erkek e\u015fitli\u011fine inan\u0131yorsan feministsindir. Ge\u00e7mi\u015fi bilmek i\u00e7in tarihe bakal\u0131m. Bu tarihin arkas\u0131nda d\u00fcnya kad\u0131nlar\u0131n\u0131n hikayesi var. Simone De Beauvair\u2019e ait sevdi\u011fim bir s\u00f6z var, diyor ki, kad\u0131n do\u011fulmaz, kad\u0131n olunur \u201d \u015feklinde konu\u015ftu.<\/p>\n<p><strong>\u201cSizler E\u015fitli\u011fin Olmas\u0131n\u0131 Sa\u011flayacaks\u0131n\u0131z\u201c<\/strong><\/p>\n<p>Cinsiyet\u00e7ilik sorununu kad\u0131n fakt\u00f6r\u00fc \u00fczerinden anlatan gazeteci Seda Kaya G\u00fcler, \u201c\u00dclkemizdeki ilk kad\u0131n avukat ya da ilk kad\u0131n romanc\u0131 Fatma Aliye Topuz gibi kad\u0131nlara odaklan\u0131yoruz. Kad\u0131n olmak \u00fczerine bir m\u00fccadele var. Medya sekt\u00f6r\u00fc a\u00e7\u0131s\u0131ndan ise bu durumu d\u00fc\u015f\u00fcn\u00fcnce y\u00fcksek mevkileri kad\u0131nlar istemeli. \u0130lerisi i\u00e7in umutluyum. Sizler e\u015fitli\u011fin olmas\u0131n\u0131 sa\u011flayacaks\u0131n\u0131z\u201c dedi.<\/p>\n<p>Panelin son konu\u015fmac\u0131lar\u0131 gazeteci Mesude Er\u015fan ve gazeteci Semra Karde\u015fo\u011flu, haber yaz\u0131m\u0131ndaki sorunlar konusuna dikkat \u00e7ekti. Medyada cinsiyet\u00e7i kodlar\u0131n bulundu\u011funu ve kullan\u0131lan haber dilinin \u00f6nemli oldu\u011funu vurgulayarak, \u201cHaber dilindeki kodlara dikkat etmeliyiz. Bilgiyi verirken, gereksiz detaylardan ka\u00e7\u0131nmal\u0131y\u0131z. E\u015fitlik\u00e7i, ayr\u0131\u015ft\u0131rmayan bir alg\u0131 olu\u015fturmal\u0131y\u0131z \u201d ifadelerine yer verdi.<\/p>\n<p>Semra Karde\u015fo\u011flu haber dili a\u00e7\u0131s\u0131ndan at\u0131lan ba\u015fl\u0131klar\u0131n \u00f6nemine de\u011finerek, \u201cYorum i\u00e7eren, yanl\u0131\u015f alg\u0131lara sebep olabilecek kelimelerden uzak durun. En basitinden bayan yerine kad\u0131n kelimesi kullan\u0131lmal\u0131. \u00d6zellikle kad\u0131nlarla ilgili haberlerde konular magazinle\u015ftirilmemeli\u201c s\u00f6zleri ile\u00a0 gen\u00e7 gazetecilere \u00f6nerilerde bulundu.<\/p>\n<p>Konuklara \u00e7i\u00e7ek buketi ve te\u015fekk\u00fcr belgesi takdiminin ard\u0131ndan toplu foto\u011fraf \u00e7ekimi ile panel sona erdi.<\/p>\n<div id='gallery_1' class='gallery galleryid-8880 gallery-columns-5 gallery-size-thumbnail'><figure class='gallery-item'>\n                <div class='gallery-icon landscape'>\n                    <a href='https:\/\/iletim.istanbul.edu.tr\/wp-content\/uploads\/DSC_0248.jpg'><img loading=\"lazy\" decoding=\"async\" width=\"150\" height=\"150\" src=\"\" class=\"attachment-thumbnail size-thumbnail lazyload\" alt=\"\" data-src=\"https:\/\/iletim.istanbul.edu.tr\/wp-content\/uploads\/DSC_0248-150x150.jpg\" data-sizes=\"auto\" data-srcset=\"\" data-expand=\"700\" \/><\/a>\n                <\/div><\/figure><figure class='gallery-item'>\n                <div class='gallery-icon landscape'>\n                    <a href='https:\/\/iletim.istanbul.edu.tr\/wp-content\/uploads\/DSC_0227.jpg'><img loading=\"lazy\" decoding=\"async\" width=\"150\" height=\"150\" src=\"\" class=\"attachment-thumbnail size-thumbnail lazyload\" alt=\"\" data-src=\"https:\/\/iletim.istanbul.edu.tr\/wp-content\/uploads\/DSC_0227-150x150.jpg\" data-sizes=\"auto\" data-srcset=\"\" data-expand=\"700\" \/><\/a>\n                <\/div><\/figure><figure class='gallery-item'>\n                <div class='gallery-icon landscape'>\n                    <a href='https:\/\/iletim.istanbul.edu.tr\/wp-content\/uploads\/DSC_0245-1.jpg'><img loading=\"lazy\" decoding=\"async\" width=\"150\" height=\"150\" src=\"\" class=\"attachment-thumbnail size-thumbnail lazyload\" alt=\"\" data-src=\"https:\/\/iletim.istanbul.edu.tr\/wp-content\/uploads\/DSC_0245-1-150x150.jpg\" data-sizes=\"auto\" data-srcset=\"\" data-expand=\"700\" \/><\/a>\n                <\/div><\/figure><figure class='gallery-item'>\n                <div class='gallery-icon landscape'>\n                    <a href='https:\/\/iletim.istanbul.edu.tr\/wp-content\/uploads\/DSC_0248-1.jpg'><img loading=\"lazy\" decoding=\"async\" width=\"150\" height=\"150\" src=\"\" class=\"attachment-thumbnail size-thumbnail lazyload\" alt=\"\" data-src=\"https:\/\/iletim.istanbul.edu.tr\/wp-content\/uploads\/DSC_0248-1-150x150.jpg\" data-sizes=\"auto\" data-srcset=\"\" data-expand=\"700\" \/><\/a>\n                <\/div><\/figure><figure class='gallery-item'>\n                <div class='gallery-icon landscape'>\n                    <a href='https:\/\/iletim.istanbul.edu.tr\/wp-content\/uploads\/DSC_0255.jpg'><img loading=\"lazy\" decoding=\"async\" width=\"150\" height=\"150\" src=\"\" class=\"attachment-thumbnail size-thumbnail lazyload\" alt=\"\" data-src=\"https:\/\/iletim.istanbul.edu.tr\/wp-content\/uploads\/DSC_0255-150x150.jpg\" data-sizes=\"auto\" data-srcset=\"\" data-expand=\"700\" \/><\/a>\n                <\/div><\/figure><br style=\"clear: both\" \/><figure class='gallery-item'>\n                <div class='gallery-icon landscape'>\n                    <a href='https:\/\/iletim.istanbul.edu.tr\/wp-content\/uploads\/DSC_0258-2.jpg'><img loading=\"lazy\" decoding=\"async\" width=\"150\" height=\"150\" src=\"\" class=\"attachment-thumbnail size-thumbnail lazyload\" alt=\"\" data-src=\"https:\/\/iletim.istanbul.edu.tr\/wp-content\/uploads\/DSC_0258-2-150x150.jpg\" data-sizes=\"auto\" data-srcset=\"\" data-expand=\"700\" \/><\/a>\n                <\/div><\/figure><figure class='gallery-item'>\n                <div class='gallery-icon landscape'>\n                    <a href='https:\/\/iletim.istanbul.edu.tr\/wp-content\/uploads\/DSC_2092-2.jpg'><img loading=\"lazy\" decoding=\"async\" width=\"150\" height=\"150\" src=\"\" class=\"attachment-thumbnail size-thumbnail lazyload\" alt=\"\" data-src=\"https:\/\/iletim.istanbul.edu.tr\/wp-content\/uploads\/DSC_2092-2-150x150.jpg\" data-sizes=\"auto\" data-srcset=\"\" data-expand=\"700\" \/><\/a>\n                <\/div><\/figure><figure class='gallery-item'>\n                <div class='gallery-icon landscape'>\n                    <a href='https:\/\/iletim.istanbul.edu.tr\/wp-content\/uploads\/DSC_2097-2.jpg'><img loading=\"lazy\" decoding=\"async\" width=\"150\" height=\"150\" src=\"\" class=\"attachment-thumbnail size-thumbnail lazyload\" alt=\"\" data-src=\"https:\/\/iletim.istanbul.edu.tr\/wp-content\/uploads\/DSC_2097-2-150x150.jpg\" data-sizes=\"auto\" data-srcset=\"\" data-expand=\"700\" \/><\/a>\n                <\/div><\/figure><figure class='gallery-item'>\n                <div class='gallery-icon landscape'>\n                    <a href='https:\/\/iletim.istanbul.edu.tr\/wp-content\/uploads\/DSC_2103.jpg'><img loading=\"lazy\" decoding=\"async\" width=\"150\" height=\"150\" src=\"\" class=\"attachment-thumbnail size-thumbnail lazyload\" alt=\"\" data-src=\"https:\/\/iletim.istanbul.edu.tr\/wp-content\/uploads\/DSC_2103-150x150.jpg\" data-sizes=\"auto\" data-srcset=\"\" data-expand=\"700\" \/><\/a>\n                <\/div><\/figure><figure class='gallery-item'>\n                <div class='gallery-icon landscape'>\n                    <a href='https:\/\/iletim.istanbul.edu.tr\/wp-content\/uploads\/DSC_2113.jpg'><img loading=\"lazy\" decoding=\"async\" width=\"150\" height=\"150\" src=\"\" class=\"attachment-thumbnail size-thumbnail lazyload\" alt=\"\" data-src=\"https:\/\/iletim.istanbul.edu.tr\/wp-content\/uploads\/DSC_2113-150x150.jpg\" data-sizes=\"auto\" data-srcset=\"\" data-expand=\"700\" \/><\/a>\n                <\/div><\/figure><br style=\"clear: both\" \/><figure class='gallery-item'>\n                <div class='gallery-icon landscape'>\n                    <a href='https:\/\/iletim.istanbul.edu.tr\/wp-content\/uploads\/DSC_2117.jpg'><img loading=\"lazy\" decoding=\"async\" width=\"150\" height=\"150\" src=\"\" class=\"attachment-thumbnail size-thumbnail lazyload\" alt=\"\" data-src=\"https:\/\/iletim.istanbul.edu.tr\/wp-content\/uploads\/DSC_2117-150x150.jpg\" data-sizes=\"auto\" data-srcset=\"\" data-expand=\"700\" \/><\/a>\n                <\/div><\/figure><figure class='gallery-item'>\n                <div class='gallery-icon landscape'>\n                    <a href='https:\/\/iletim.istanbul.edu.tr\/wp-content\/uploads\/DSC_2125-2.jpg'><img loading=\"lazy\" decoding=\"async\" width=\"150\" height=\"150\" src=\"\" class=\"attachment-thumbnail size-thumbnail lazyload\" alt=\"\" data-src=\"https:\/\/iletim.istanbul.edu.tr\/wp-content\/uploads\/DSC_2125-2-150x150.jpg\" data-sizes=\"auto\" data-srcset=\"\" data-expand=\"700\" \/><\/a>\n                <\/div><\/figure><figure class='gallery-item'>\n                <div class='gallery-icon landscape'>\n                    <a href='https:\/\/iletim.istanbul.edu.tr\/wp-content\/uploads\/DSC_2133.jpg'><img loading=\"lazy\" decoding=\"async\" width=\"150\" height=\"150\" src=\"\" class=\"attachment-thumbnail size-thumbnail lazyload\" alt=\"\" data-src=\"https:\/\/iletim.istanbul.edu.tr\/wp-content\/uploads\/DSC_2133-150x150.jpg\" data-sizes=\"auto\" data-srcset=\"\" data-expand=\"700\" \/><\/a>\n                <\/div><\/figure><figure class='gallery-item'>\n                <div class='gallery-icon landscape'>\n                    <a href='https:\/\/iletim.istanbul.edu.tr\/wp-content\/uploads\/DSC_2142.jpg'><img loading=\"lazy\" decoding=\"async\" width=\"150\" height=\"150\" src=\"\" class=\"attachment-thumbnail size-thumbnail lazyload\" alt=\"\" data-src=\"https:\/\/iletim.istanbul.edu.tr\/wp-content\/uploads\/DSC_2142-150x150.jpg\" data-sizes=\"auto\" data-srcset=\"\" data-expand=\"700\" \/><\/a>\n                <\/div><\/figure><figure class='gallery-item'>\n                <div class='gallery-icon landscape'>\n                    <a href='https:\/\/iletim.istanbul.edu.tr\/wp-content\/uploads\/DSC_2153.jpg'><img loading=\"lazy\" decoding=\"async\" width=\"150\" height=\"150\" src=\"\" class=\"attachment-thumbnail size-thumbnail lazyload\" alt=\"\" data-src=\"https:\/\/iletim.istanbul.edu.tr\/wp-content\/uploads\/DSC_2153-150x150.jpg\" data-sizes=\"auto\" data-srcset=\"\" data-expand=\"700\" \/><\/a>\n                <\/div><\/figure><br style=\"clear: both\" \/>\n            <\/div>\n\n","protected":false},"excerpt":{"rendered":"<p>\u0130stanbul \u00dcniversitesi \u0130leti\u015fim Fak\u00fcltesinde \u201c Medyada Cinsiyet E\u015fitsizli\u011fi \u201c konulu panel 8 Mart D\u00fcnya Kad\u0131nlar G\u00fcn\u00fc\u2019nde ger\u00e7ekle\u015ftirildi. T\u00fcrkiye Gazeteciler Cemiyeti Kad\u0131n Gazeteciler Komisyonu \u00fcyeleri ve \u0130stanbul \u00dcniversitesi \u0130leti\u015fim Fak\u00fcltesi Dekan Yard\u0131mc\u0131s\u0131 Do\u00e7. Dr. Burcu Kaya Erdem\u2019in konuk olarak kat\u0131ld\u0131\u011f\u0131 panelde \u0130leti\u015fim e\u011fitiminde kad\u0131n, T\u00fcrk bas\u0131n tarihinde kad\u0131n hareketi, cinsiyet\u00e7ilik sorunu ve haber yaz\u0131m\u0131ndaki sorunlar ba\u015fl\u0131kl\u0131 konulara de\u011finildi.<\/p>\n","protected":false},"author":14,"featured_media":8903,"comment_status":"open","ping_status":"open","sticky":false,"template":"","format":"standard","meta":{"jnews-multi-image_gallery":[],"jnews_single_post":[],"jnews_primary_category":[],"jnews_social_meta":[],"jnews_override_counter":[],"footnotes":""},"categories":[178],"tags":[723],"class_list":["post-8880","post","type-post","status-publish","format-standard","has-post-thumbnail","hentry","category-fakultemizden","tag-kadin"],"_links":{"self":[{"href":"https:\/\/iletim.istanbul.edu.tr\/index.php\/wp-json\/wp\/v2\/posts\/8880","targetHints":{"allow":["GET"]}}],"collection":[{"href":"https:\/\/iletim.istanbul.edu.tr\/index.php\/wp-json\/wp\/v2\/posts"}],"about":[{"href":"https:\/\/iletim.istanbul.edu.tr\/index.php\/wp-json\/wp\/v2\/types\/post"}],"author":[{"embeddable":true,"href":"https:\/\/iletim.istanbul.edu.tr\/index.php\/wp-json\/wp\/v2\/users\/14"}],"replies":[{"embeddable":true,"href":"https:\/\/iletim.istanbul.edu.tr\/index.php\/wp-json\/wp\/v2\/comments?post=8880"}],"version-history":[{"count":0,"href":"https:\/\/iletim.istanbul.edu.tr\/index.php\/wp-json\/wp\/v2\/posts\/8880\/revisions"}],"wp:featuredmedia":[{"embeddable":true,"href":"https:\/\/iletim.istanbul.edu.tr\/index.php\/wp-json\/wp\/v2\/media\/8903"}],"wp:attachment":[{"href":"https:\/\/iletim.istanbul.edu.tr\/index.php\/wp-json\/wp\/v2\/media?parent=8880"}],"wp:term":[{"taxonomy":"category","embeddable":true,"href":"https:\/\/iletim.istanbul.edu.tr\/index.php\/wp-json\/wp\/v2\/categories?post=8880"},{"taxonomy":"post_tag","embeddable":true,"href":"https:\/\/iletim.istanbul.edu.tr\/index.php\/wp-json\/wp\/v2\/tags?post=8880"}],"curies":[{"name":"wp","href":"https:\/\/api.w.org\/{rel}","templated":true}]}}