{"id":9121,"date":"2019-03-14T14:06:04","date_gmt":"2019-03-14T11:06:04","guid":{"rendered":"https:\/\/iletim.istanbul.edu.tr\/?p=9121"},"modified":"2019-03-14T16:53:29","modified_gmt":"2019-03-14T13:53:29","slug":"100-yilinda-14-mart-tip-bayrami-mesleki-bir-kutlamadan-ote-milli-direnisin-simgesi","status":"publish","type":"post","link":"https:\/\/iletim.istanbul.edu.tr\/index.php\/2019\/03\/14\/100-yilinda-14-mart-tip-bayrami-mesleki-bir-kutlamadan-ote-milli-direnisin-simgesi\/","title":{"rendered":"100. Y\u0131l\u0131nda \u201c14 Mart T\u0131p Bayram\u0131\u201d Mesleki Bir Kutlamadan \u00d6te Milli Direni\u015fin Simgesi"},"content":{"rendered":"<p>\u0130\u00dc \u0130stanbul T\u0131p Fak\u00fcltesi T\u0131p Tarihi ve Etik Ana Bilim Dal\u0131 Emekli \u00d6\u011fretim \u00dcyesi Prof. Dr. Nuran Y\u0131ld\u0131r\u0131m, T\u0131p Bayram\u0131\u2019n\u0131n ortaya \u00e7\u0131k\u0131\u015f\u0131 ve \u00f6nemi \u00fczerine a\u00e7\u0131klamalarda bulundu. 14 Mart T\u0131p Bayram\u0131\u2019n\u0131n mesleki bir kutlaman\u0131n yan\u0131 s\u0131ra t\u0131p \u00f6\u011frencilerinin i\u015fgale kar\u015f\u0131 ba\u015flatm\u0131\u015f oldu\u011fu m\u00fccadele hareketinin de ad\u0131 oldu\u011funa dikkat \u00e7ekti.<\/p>\n<p>\u0130\u00dc \u0130stanbul T\u0131p Fak\u00fcltesi T\u0131p Tarihi ve Etik Ana Bilim Dal\u0131 Emekli \u00d6\u011fretim \u00dcyesi Prof. Nuran Y\u0131ld\u0131r\u0131m 14 Mart T\u0131p Bayram\u0131\u2019n\u0131n, \u0130stanbul D\u00e2r\u00fclf\u00fcnunu T\u0131p Fak\u00fcltesi yani bug\u00fcnk\u00fc ad\u0131 ile \u0130\u00dc \u0130stanbul T\u0131p Fak\u00fcltesi \u00f6\u011frencilerinin, \u0130stanbul\u2019u i\u015fgal etmi\u015f olan \u0130tilaf Devletleri\u2019ne kar\u015f\u0131 ba\u015flatt\u0131klar\u0131 isyan\u0131n ve milli direni\u015fin simgesi oldu\u011funu ifade etti.<\/p>\n<p><b>\u201cT\u0131bbiyeli \u00d6\u011frenciler Birinci D\u00fcnya Sava\u015f\u0131 Boyunca Cephelerdeki Hastanelerde \u00c7al\u0131\u015ft\u0131\u201d<br \/>\n<\/b><br \/>\nT\u0131p Fak\u00fcltesi\u2019nin cephelere hekim yeti\u015ftirmesinden bahseden Prof. Dr. Y\u0131ld\u0131r\u0131m, \u201cSava\u015f ba\u015flar ba\u015flamaz T\u0131p Fak\u00fcltesi Kas\u0131m 1914\u2019te tatil edilmi\u015f, \u00c7anakkale cephesindeki \u015fiddetli \u00e7arp\u0131\u015fmalarda yaralananlar \u0130stanbul\u2019a g\u00f6nderilmeye ba\u015flam\u0131\u015ft\u0131. Haydarpa\u015fa\u2019daki T\u0131p Fak\u00fcltesi de Hilal-i Ahmer T\u0131p Fak\u00fcltesi Hastanesi ile yaral\u0131 kabul ediyordu. Bu hastane 1916\u2019da la\u011fvedildikten sonra a\u00e7\u0131lan T\u0131p Fak\u00fcltesi, tatil yapmadan h\u0131zland\u0131r\u0131lm\u0131\u015f bir e\u011fitimle cephelere hekim yeti\u015ftirmeye ba\u015flam\u0131\u015ft\u0131. Ordumuzun sa\u011fl\u0131k i\u015flerini, S\u0131hhiye Dairesi Reisi ve Sahra S\u0131hhiye M\u00fcfetti\u015f-i Umumisi tayin edilen T\u0131p Fak\u00fcltesi D\u00e2hiliye M\u00fcderrisi Dr. S\u00fcleyman Numan Pa\u015fa organize ediyordu. Hocalar ve t\u0131p \u00f6\u011frencileri cephelerdeki hastanelere da\u011f\u0131lm\u0131\u015ft\u0131. Son s\u0131n\u0131f \u00f6\u011frencilerinin \u00e7o\u011fu Kafkas cephesinde tif\u00fcsten \u00f6ld\u00fc. Birinci D\u00fcnya Sava\u015f\u0131\u2019nda cephelerde sa\u011fl\u0131k hizmeti veren 765 t\u0131p \u00f6\u011frencisinden 346 \u00f6\u011frenci \u015fehit d\u00fc\u015ft\u00fc\u201d dedi.<\/p>\n<figure style=\"width: 1486px\" class=\"wp-caption alignnone\"><img decoding=\"async\" class=\"img-responsive display-initial\" src=\"http:\/\/cdn.istanbul.edu.tr\/FileHandler.ashx?f=5nFefTkXjU-4_SaP8zGAgg\" alt=\"\" width=\"1486\" height=\"1080\" \/><figcaption class=\"wp-caption-text\">\u0130lk 14 Mart T\u00f6renine Kat\u0131lan Hocalar, T\u0131p \u00d6\u011frencileri ve \u0130nas Dar\u00fclf\u00fcnunu \u00d6\u011frencileri<\/figcaption><\/figure>\n<div><b>\u00a0<\/b>\u0130stanbul\u2019un i\u015fgali ve sonras\u0131 geli\u015fmeleri aktaran Prof. Dr. Nuran Y\u0131ld\u0131r\u0131m, \u201cBirinci D\u00fcnya Sava\u015f\u0131 boyunca cephelerdeki hastanelerde \u00e7al\u0131\u015fan T\u0131bbiyeliler, sava\u015f bitince okullar\u0131na d\u00f6nd\u00fcler. 13 Kas\u0131m 1918 sabah\u0131, \u0130tilaf Devletleri donanmas\u0131n\u0131n \u0130stanbul Bo\u011faz\u0131\u2019na giri\u015fini b\u00fcy\u00fck bir \u00fcz\u00fcnt\u00fcyle seyrettiler. \u00c7ok ge\u00e7meden 1919 y\u0131l\u0131 Ocak ay\u0131nda \u0130ngilizler T\u0131bbiyenin bir b\u00f6l\u00fcm\u00fcne yerle\u015ftiler. \u0130stanbul H\u00fck\u00fcmeti \u0130ngilizlerin bask\u0131s\u0131yla tutuklamalara giri\u015fti. Tutuklan\u0131p apar topar Malta\u2019ya s\u00fcr\u00fclenler aras\u0131nda hocalar\u0131, S\u0131hhiye Dairesi Reisi ve Ordu S\u0131hhiye M\u00fcfetti\u015f-i Umumisi Dr. S\u00fcleyman Numan Pa\u015fa ile Dr. Esat Pa\u015fa (I\u015f\u0131k) da vard\u0131. Baz\u0131 \u00f6\u011frenciler gizlice Anadolu\u2019ya ge\u00e7ip Kuv\u00e2-y\u0131 Milliye saflar\u0131na kat\u0131lmaya ba\u015flad\u0131lar. Okulda kalan \u00f6\u011frenciler, i\u015fgal kuvvetlerine \u00fclkenin sahipsiz olmad\u0131\u011f\u0131n\u0131 g\u00f6stermek niyetiyle bir protesto g\u00f6sterisi yapmak istiyorlard\u0131 ama ne yapsalar tutuklanacaklard\u0131. Bunu \u00e7ok zekice yapmak zorundalard\u0131. Sonunda masum bir yol buluyorlar, \u201814 Mart 1827\u2019de a\u00e7\u0131lan okulumuzun 92. seneidevriyesini kutlayaca\u011f\u0131z\u2019 gerek\u00e7esiyle bir kutlama t\u00f6reni d\u00fczenlemek i\u00e7in gerekli izni al\u0131yorlar\u201d ifadelerini kulland\u0131.<\/div>\n<p><b>\u201c14 Mart T\u0131p Bayram\u0131 \u0130\u015fgal Kuvvetlerini Protesto \u0130\u00e7in Zekice Kurgulanm\u0131\u015f Bir Bayram\u201d<\/b><\/p>\n<p>Prof. Dr. Y\u0131ld\u0131r\u0131m, 14 Mart 1919 g\u00fcn\u00fc ilk T\u0131p Bayram\u0131\u2019n\u0131n nas\u0131l kutland\u0131\u011f\u0131n\u0131 \u015fu s\u00f6zlerle a\u00e7\u0131klad\u0131: \u201c\u0130stanbul D\u00e2r\u00fclf\u00fcnunu T\u0131p Fak\u00fcltesi Talebe Cemiyeti, Zeynep Han\u0131m Kona\u011f\u0131\u2019nda d\u00fczenledi\u011fi toplant\u0131ya; D\u00e2r\u00fclf\u00fcnun ve T\u0131p Fak\u00fcltesi hocalar\u0131n\u0131, \u0130nas D\u00e2r\u00fclf\u00fcnunu \u00f6\u011frencilerini ve t\u00f6rende konu\u015fulanlar\u0131 i\u015fgal kuvvetlerine yeti\u015ftirsinler diye \u0130ngiliz-Amerikan-Frans\u0131z K\u0131z\u0131lha\u00e7 temsilcileri ile Frans\u0131z S\u0131hhiye M\u00fcfetti\u015f-i Umumisini davet ediyorlar. Konu\u015fmalarda t\u0131p e\u011fitimimizin ne kadar k\u00f6kl\u00fc oldu\u011funu, eski t\u0131p hocalar\u0131n\u0131n hizmetlerini, t\u0131p e\u011fitiminin T\u00fcrk\u00e7e yap\u0131lmas\u0131 i\u00e7in verilen m\u00fccadeleyi anlatarak dolayl\u0131 mesajlar veriyorlar.\u201d<\/p>\n<figure style=\"width: 1719px\" class=\"wp-caption alignnone\"><img decoding=\"async\" class=\"img-responsive display-initial\" src=\"http:\/\/cdn.istanbul.edu.tr\/FileHandler.ashx?f=BnaTam7XQUG3dfs3pSfxAg\" alt=\"\" width=\"1719\" height=\"1080\" \/><figcaption class=\"wp-caption-text\">\u0130kinci 14 Mart T\u0131p Bayram\u0131 Kutlamas\u0131<\/figcaption><\/figure>\n<p>14 Mart T\u0131p Bayram\u0131\u2019n\u0131n zekice kurgulanm\u0131\u015f bir bayram oldu\u011funa dikkat \u00e7eken Prof. Dr. Y\u0131ld\u0131r\u0131m konu\u015fmas\u0131n\u0131 \u015fu \u015fekilde sonland\u0131rd\u0131: \u201c\u0130\u015fgal kuvvetleri askerlerinin \u0130stanbul\u2019daki ta\u015fk\u0131nl\u0131klar\u0131 devam etti\u011finden 1920 ve 1921 y\u0131llar\u0131nda Kad\u0131k\u00f6y Apollon (sonralar\u0131 Hale ve g\u00fcn\u00fcm\u00fczde Reks) sinemas\u0131nda t\u00f6renler d\u00fczenliyorlar. Bu t\u00f6renler, T\u0131bbiyeliler Bayram\u0131 olarak yerle\u015fip gelenekselle\u015fiyor. \u0130\u015fte bu y\u0131l 100. y\u0131l\u0131n\u0131 idrak etti\u011fimiz 14 Mart T\u0131p Bayram\u0131, i\u015fgal kuvvetlerini protesto amac\u0131yla \u00e7ok zekice kurgulanm\u0131\u015f ve \u00f6\u011frenciler taraf\u0131ndan ihdas edilmi\u015f tek bayramd\u0131r. Zamanla \u00f6\u011frenci dernekleri \u00e7o\u011fal\u0131nca bayram d\u00fczenlemelerini tabip odalar\u0131 \u00fcstlendi ve ad\u0131 da \u201814 Mart T\u0131p Bayram\u0131\u2019 oldu. 1976 y\u0131l\u0131ndan beri 14 Mart\u2019\u0131 i\u00e7ine alan hafta, \u2018T\u0131p Bayram\u0131 ve Sa\u011fl\u0131k Haftas\u0131\u2019 olarak kutlan\u0131yor. Bir hafta boyunca g\u00fcncel sa\u011fl\u0131k sorunlar\u0131yla hekimlik mesle\u011fine ili\u015fkin sorunlar\u0131n tart\u0131\u015f\u0131ld\u0131\u011f\u0131 toplant\u0131lar yan\u0131nda spor ve m\u00fczik etkinlikleri yap\u0131l\u0131yor.\u201d<\/p>\n<p><b>\u0130\u00dc Bas\u0131n ve Halkla \u0130li\u015fkiler M\u00fcd\u00fcrl\u00fc\u011f\u00fc<\/b><\/p>\n<p>&nbsp;<\/p>\n","protected":false},"excerpt":{"rendered":"<p>\u0130\u00dc \u0130stanbul T\u0131p Fak\u00fcltesi T\u0131p Tarihi ve Etik Ana Bilim Dal\u0131 Emekli \u00d6\u011fretim \u00dcyesi Prof. Dr. Nuran Y\u0131ld\u0131r\u0131m, T\u0131p Bayram\u0131\u2019n\u0131n ortaya \u00e7\u0131k\u0131\u015f\u0131 ve \u00f6nemi \u00fczerine a\u00e7\u0131klamalarda bulundu. 14 Mart T\u0131p Bayram\u0131\u2019n\u0131n mesleki bir kutlaman\u0131n yan\u0131 s\u0131ra t\u0131p \u00f6\u011frencilerinin i\u015fgale kar\u015f\u0131 ba\u015flatm\u0131\u015f oldu\u011fu m\u00fccadele hareketinin de ad\u0131 oldu\u011funa dikkat \u00e7ekti.<\/p>\n","protected":false},"author":14,"featured_media":9141,"comment_status":"open","ping_status":"open","sticky":false,"template":"","format":"standard","meta":{"jnews-multi-image_gallery":[],"jnews_single_post":[],"jnews_primary_category":[],"jnews_social_meta":[],"jnews_override_counter":[],"footnotes":""},"categories":[32],"tags":[759,757,758],"class_list":["post-9121","post","type-post","status-publish","format-standard","has-post-thumbnail","hentry","category-saglik","tag-14-mart","tag-tip","tag-tip-bayrami"],"_links":{"self":[{"href":"https:\/\/iletim.istanbul.edu.tr\/index.php\/wp-json\/wp\/v2\/posts\/9121","targetHints":{"allow":["GET"]}}],"collection":[{"href":"https:\/\/iletim.istanbul.edu.tr\/index.php\/wp-json\/wp\/v2\/posts"}],"about":[{"href":"https:\/\/iletim.istanbul.edu.tr\/index.php\/wp-json\/wp\/v2\/types\/post"}],"author":[{"embeddable":true,"href":"https:\/\/iletim.istanbul.edu.tr\/index.php\/wp-json\/wp\/v2\/users\/14"}],"replies":[{"embeddable":true,"href":"https:\/\/iletim.istanbul.edu.tr\/index.php\/wp-json\/wp\/v2\/comments?post=9121"}],"version-history":[{"count":0,"href":"https:\/\/iletim.istanbul.edu.tr\/index.php\/wp-json\/wp\/v2\/posts\/9121\/revisions"}],"wp:featuredmedia":[{"embeddable":true,"href":"https:\/\/iletim.istanbul.edu.tr\/index.php\/wp-json\/wp\/v2\/media\/9141"}],"wp:attachment":[{"href":"https:\/\/iletim.istanbul.edu.tr\/index.php\/wp-json\/wp\/v2\/media?parent=9121"}],"wp:term":[{"taxonomy":"category","embeddable":true,"href":"https:\/\/iletim.istanbul.edu.tr\/index.php\/wp-json\/wp\/v2\/categories?post=9121"},{"taxonomy":"post_tag","embeddable":true,"href":"https:\/\/iletim.istanbul.edu.tr\/index.php\/wp-json\/wp\/v2\/tags?post=9121"}],"curies":[{"name":"wp","href":"https:\/\/api.w.org\/{rel}","templated":true}]}}