{"id":9124,"date":"2019-03-14T16:32:51","date_gmt":"2019-03-14T13:32:51","guid":{"rendered":"https:\/\/iletim.istanbul.edu.tr\/?p=9124"},"modified":"2019-03-19T12:57:53","modified_gmt":"2019-03-19T09:57:53","slug":"gun-yuzune-cikmayan-guzellikler","status":"publish","type":"post","link":"https:\/\/iletim.istanbul.edu.tr\/index.php\/2019\/03\/14\/gun-yuzune-cikmayan-guzellikler\/","title":{"rendered":"G\u00fcn Y\u00fcz\u00fcne \u00c7\u0131kmayan G\u00fczellikler"},"content":{"rendered":"<p><strong>Aylin AY<\/strong><\/p>\n<p>\u0130stanbul \u00dcniversitesi Su Bilimleri Fak\u00fcltesi Su Alt\u0131 Kul\u00fcb\u00fc (SUBSAK) taraf\u0131ndan d\u00fczenlenen, Ferhan Co\u015fkun\u2019un &#8220;Suyun Alt\u0131nda Bir Nefes&#8221; adl\u0131 sergisi 13 Mart\u2019ta Su Bilimleri Fak\u00fcltesinde ger\u00e7ekle\u015ftirildi.<\/p>\n<p>A\u00e7\u0131l\u0131\u015f konu\u015fmas\u0131n\u0131 \u0130stanbul \u00dcniversitesi Su Bilimleri Fak\u00fcltesi Su \u00dcr\u00fcnleri M\u00fchendisli\u011fi 3. s\u0131n\u0131f \u00f6\u011frencisi Onur Karsl\u0131 yapt\u0131. Karsl\u0131, \u201cBiz Fak\u00fcltemiz ve kul\u00fcb\u00fcm\u00fcz olarak suyun de\u011ferini biliyor, suyu her zaman daha \u00e7ok merak ediyor ve bu ama\u00e7 i\u00e7in daha \u00e7ok \u00e7al\u0131\u015f\u0131yoruz\u201d dedi. Karsl\u0131, konu\u015fmas\u0131n\u0131 su alt\u0131 foto\u011fraf<span style=\"font-size: 14px\">\u00e7\u0131s\u0131 Ferhan Co\u015fkun\u2019a devretti.<\/span><\/p>\n<p><img decoding=\"async\" class=\"alignnone size-large wp-image-9125\" src=\"https:\/\/iletim.istanbul.edu.tr\/wp-content\/uploads\/DSC_3983-1024x680.jpg\" alt=\"\" width=\"702\" height=\"466\" srcset=\"https:\/\/iletim.istanbul.edu.tr\/wp-content\/uploads\/DSC_3983-1024x680.jpg 1024w, https:\/\/iletim.istanbul.edu.tr\/wp-content\/uploads\/DSC_3983-300x199.jpg 300w, https:\/\/iletim.istanbul.edu.tr\/wp-content\/uploads\/DSC_3983-768x510.jpg 768w\" sizes=\"(max-width: 702px) 100vw, 702px\" \/><\/p>\n<p><strong>Su Alt\u0131 Ba\u015fka Bir D\u00fcnya\u00a0 <\/strong><\/p>\n<p>2011 y\u0131l\u0131nda ba\u015flad\u0131\u011f\u0131 dal\u0131\u015f hayat\u0131na 2014 y\u0131l\u0131nda su alt\u0131 foto\u011fraf\u00e7\u0131l\u0131\u011f\u0131n\u0131 da ekleyen Co\u015fkun asl\u0131nda Bilgisayar programc\u0131s\u0131 oldu\u011funu s\u00f6yledi. Co\u015fkun, \u201cSuyun alt\u0131ndaki bu d\u00fcnya benim ya\u015fam\u0131ma anlam katan de\u011ferlerden birisi. Foto\u011fraf da keza b\u00f6yle. Bilgisayar programc\u0131l\u0131\u011f\u0131 yap\u0131p ayn\u0131 zamanda su alt\u0131 foto\u011fraf\u00e7\u0131s\u0131 olabiliyorum. \u0130nsanlar\u0131n farkl\u0131 ya\u015fam noktalar\u0131n\u0131n olmas\u0131 g\u00fczeldir\u201d dedi.<\/p>\n<figure id=\"attachment_9129\" aria-describedby=\"caption-attachment-9129\" style=\"width: 702px\" class=\"wp-caption alignnone\"><img decoding=\"async\" class=\"wp-image-9129 size-large\" src=\"https:\/\/iletim.istanbul.edu.tr\/wp-content\/uploads\/DSC_4028-1024x680.jpg\" alt=\"\" width=\"702\" height=\"466\" srcset=\"https:\/\/iletim.istanbul.edu.tr\/wp-content\/uploads\/DSC_4028-1024x680.jpg 1024w, https:\/\/iletim.istanbul.edu.tr\/wp-content\/uploads\/DSC_4028-300x199.jpg 300w, https:\/\/iletim.istanbul.edu.tr\/wp-content\/uploads\/DSC_4028-768x510.jpg 768w\" sizes=\"(max-width: 702px) 100vw, 702px\" \/><figcaption id=\"caption-attachment-9129\" class=\"wp-caption-text\">Ferhan Co\u015fkun<\/figcaption><\/figure>\n<p>Su alt\u0131 foto\u011fraf\u00e7\u0131s\u0131 Co\u015fkun, \u201cZaman ge\u00e7tik\u00e7e daha farkl\u0131 bir ya\u015fam g\u00f6rmeye ba\u015fl\u0131yor insan. \u00c7ekti\u011fimiz su alt\u0131 foto\u011fraflar\u0131nda bir hikaye yer al\u0131yor\u201d dedi.<\/p>\n<p>Program dahilinde Adalar projesi kapsam\u0131nda B\u00fcy\u00fck Adaya ta\u015f\u0131nan mercanlar ve bat\u0131klar\u0131 konu alan iki foto\u011fraf sunumu ger\u00e7ekle\u015fti. Sunum sonras\u0131 su alt\u0131 foto\u011fraf\u00e7\u0131l\u0131\u011f\u0131 hakk\u0131nda merak edilenleri cevapland\u0131ran Co\u015fkun, kat\u0131lan herkese te\u015fekk\u00fcrlerini iletti.<\/p>\n<p>Sergiye Kat\u0131lan Adalar Denizle Ya\u015fam Ve Spor Kul\u00fcb\u00fc Derne\u011fi Ba\u015fkan\u0131 Volkan Narc\u0131, K\u0131y\u0131 Emniyeti Genel M\u00fcd\u00fcrl\u00fc\u011f\u00fc Sanayi Dalg\u0131c\u0131 Serkan Arkan, iki Y\u0131ld\u0131zl\u0131 E\u011fitmen ve Sanayi Dalg\u0131c\u0131 \u015eeyda Y\u00f6r\u00fck ve \u015eile Su \u00dcr\u00fcnleri Kooperatif Ba\u015fkan\u0131 Kamil Osman Sar\u0131\u2019ya te\u015fekk\u00fcr belgeleri taktim edildi.<\/p>\n<div id='gallery_1' class='gallery galleryid-9124 gallery-columns-5 gallery-size-thumbnail'><figure class='gallery-item'>\n                <div class='gallery-icon landscape'>\n                    <a href='https:\/\/iletim.istanbul.edu.tr\/wp-content\/uploads\/DSC_4039.jpg'><img loading=\"lazy\" decoding=\"async\" width=\"150\" height=\"150\" src=\"\" class=\"attachment-thumbnail size-thumbnail lazyload\" alt=\"\" data-src=\"https:\/\/iletim.istanbul.edu.tr\/wp-content\/uploads\/DSC_4039-150x150.jpg\" data-sizes=\"auto\" data-srcset=\"\" data-expand=\"700\" \/><\/a>\n                <\/div><\/figure><figure class='gallery-item'>\n                <div class='gallery-icon landscape'>\n                    <a href='https:\/\/iletim.istanbul.edu.tr\/wp-content\/uploads\/DSC_4034.jpg'><img loading=\"lazy\" decoding=\"async\" width=\"150\" height=\"150\" src=\"\" class=\"attachment-thumbnail size-thumbnail lazyload\" alt=\"\" data-src=\"https:\/\/iletim.istanbul.edu.tr\/wp-content\/uploads\/DSC_4034-150x150.jpg\" data-sizes=\"auto\" data-srcset=\"\" data-expand=\"700\" \/><\/a>\n                <\/div><\/figure><figure class='gallery-item'>\n                <div class='gallery-icon landscape'>\n                    <a href='https:\/\/iletim.istanbul.edu.tr\/wp-content\/uploads\/DSC_4032.jpg'><img loading=\"lazy\" decoding=\"async\" width=\"150\" height=\"150\" src=\"\" class=\"attachment-thumbnail size-thumbnail lazyload\" alt=\"\" data-src=\"https:\/\/iletim.istanbul.edu.tr\/wp-content\/uploads\/DSC_4032-150x150.jpg\" data-sizes=\"auto\" data-srcset=\"\" data-expand=\"700\" \/><\/a>\n                <\/div><\/figure><figure class='gallery-item'>\n                <div class='gallery-icon landscape'>\n                    <a href='https:\/\/iletim.istanbul.edu.tr\/wp-content\/uploads\/DSC_3988.jpg'><img loading=\"lazy\" decoding=\"async\" width=\"150\" height=\"150\" src=\"\" class=\"attachment-thumbnail size-thumbnail lazyload\" alt=\"\" data-src=\"https:\/\/iletim.istanbul.edu.tr\/wp-content\/uploads\/DSC_3988-150x150.jpg\" data-sizes=\"auto\" data-srcset=\"\" data-expand=\"700\" \/><\/a>\n                <\/div><\/figure><figure class='gallery-item'>\n                <div class='gallery-icon landscape'>\n                    <a href='https:\/\/iletim.istanbul.edu.tr\/wp-content\/uploads\/DSC_3983.jpg'><img loading=\"lazy\" decoding=\"async\" width=\"150\" height=\"150\" src=\"\" class=\"attachment-thumbnail size-thumbnail lazyload\" alt=\"\" data-src=\"https:\/\/iletim.istanbul.edu.tr\/wp-content\/uploads\/DSC_3983-150x150.jpg\" data-sizes=\"auto\" data-srcset=\"\" data-expand=\"700\" \/><\/a>\n                <\/div><\/figure><br style=\"clear: both\" \/>\n            <\/div>\n\n","protected":false},"excerpt":{"rendered":"<p>\u0130stanbul \u00dcniversitesi Su Bilimleri Fak\u00fcltesi Su Alt\u0131 Kul\u00fcb\u00fc (SUBSAK) taraf\u0131ndan d\u00fczenlenen, Ferhan Co\u015fkun\u2019un &#8220;Suyun Alt\u0131nda Bir Nefes&#8221; adl\u0131 sergi 13 Mart\u2019ta Su Bilimleri Fak\u00fcltesinde ger\u00e7ekle\u015ftirildi.\u00a0<\/p>\n","protected":false},"author":14,"featured_media":9126,"comment_status":"open","ping_status":"open","sticky":false,"template":"","format":"standard","meta":{"jnews-multi-image_gallery":[],"jnews_single_post":[],"jnews_primary_category":[],"jnews_social_meta":[],"jnews_override_counter":[],"footnotes":""},"categories":[30],"tags":[756,760,751,629,750,754,753],"class_list":["post-9124","post","type-post","status-publish","format-standard","has-post-thumbnail","hentry","category-kultur-sanat","tag-denizin-guzelligi","tag-ferhan-coskun","tag-manzara","tag-sergi","tag-su-alti","tag-subilimleri","tag-subsak"],"_links":{"self":[{"href":"https:\/\/iletim.istanbul.edu.tr\/index.php\/wp-json\/wp\/v2\/posts\/9124","targetHints":{"allow":["GET"]}}],"collection":[{"href":"https:\/\/iletim.istanbul.edu.tr\/index.php\/wp-json\/wp\/v2\/posts"}],"about":[{"href":"https:\/\/iletim.istanbul.edu.tr\/index.php\/wp-json\/wp\/v2\/types\/post"}],"author":[{"embeddable":true,"href":"https:\/\/iletim.istanbul.edu.tr\/index.php\/wp-json\/wp\/v2\/users\/14"}],"replies":[{"embeddable":true,"href":"https:\/\/iletim.istanbul.edu.tr\/index.php\/wp-json\/wp\/v2\/comments?post=9124"}],"version-history":[{"count":0,"href":"https:\/\/iletim.istanbul.edu.tr\/index.php\/wp-json\/wp\/v2\/posts\/9124\/revisions"}],"wp:featuredmedia":[{"embeddable":true,"href":"https:\/\/iletim.istanbul.edu.tr\/index.php\/wp-json\/wp\/v2\/media\/9126"}],"wp:attachment":[{"href":"https:\/\/iletim.istanbul.edu.tr\/index.php\/wp-json\/wp\/v2\/media?parent=9124"}],"wp:term":[{"taxonomy":"category","embeddable":true,"href":"https:\/\/iletim.istanbul.edu.tr\/index.php\/wp-json\/wp\/v2\/categories?post=9124"},{"taxonomy":"post_tag","embeddable":true,"href":"https:\/\/iletim.istanbul.edu.tr\/index.php\/wp-json\/wp\/v2\/tags?post=9124"}],"curies":[{"name":"wp","href":"https:\/\/api.w.org\/{rel}","templated":true}]}}